{"id":5546,"date":"2009-03-15T16:45:59","date_gmt":"2009-03-15T14:45:59","guid":{"rendered":"http:\/\/www.korhanyilmaz.com\/?p=5546"},"modified":"2009-03-15T16:45:59","modified_gmt":"2009-03-15T14:45:59","slug":"baykaldan-erdogana-3011-cevabi","status":"publish","type":"post","link":"http:\/\/www.korhanyilmaz.com\/?p=5546","title":{"rendered":"Baykal&#039;dan Erdo\u011fan&#039;a 3011 cevab\u0131"},"content":{"rendered":"<p style=\"text-align: justify;\"><img loading=\"lazy\" decoding=\"async\" class=\"aligncenter size-full wp-image-5547\" title=\"Baykal'dan Erdo\u011fan'a 3011 cevab\u0131 \" src=\"http:\/\/www.korhanyilmaz.com\/wp-content\/uploads\/2009\/03\/150320091858447701045.jpg\" alt=\"Baykal'dan Erdo\u011fan'a 3011 cevab\u0131 \" width=\"376\" height=\"240\" \/><br \/>\nCHP Genel Ba\u015fkan\u0131 Deniz Baykal, &#8220;Ba\u015fbakan diyor ki &#8216;Baykal 3011&#8217;de Ba\u015fbakan olur&#8217;. \u015eimdi adam olamayanlar 3011 y\u0131l\u0131nda da adam olamazlar. \u00d6nemli olan Ba\u015fbakan olmak de\u011fil, adam olmak. Adam gibi adam olmakt\u0131r. Televziyonlardan ka\u00e7mamak, do\u011fru konu\u015fmak, d\u00fcr\u00fcst konu\u015fmak, hesap vermek&#8221; dedi.<\/p>\n<p style=\"text-align: justify;\">\u0130\u015fi olan\u0131n i\u015fini kaybetti\u011fini, \u00e7ift\u00e7inin, esnaf\u0131n bor\u00e7 alt\u0131nda ezildi\u011fini, fabrikalar\u0131n kapand\u0131\u011f\u0131n\u0131 s\u00f6yleyen Baykal, &#8220;Yoksulluktan, i\u015fsizlikten bahsetmiyor, s\u00fcrekli benden s\u00f6z ediyor. Varsa yoksa Baykal. Yani bu Ba\u015fbakan gece Deniz Baykal ile yata\u011fa giriyor, sabah geliyor. Sana ne Baykal&#8217;dan. Sen i\u015fine bak, hizmetlerini s\u00f6yle&#8221; diye konu\u015ftu.<!--more--><br \/>\nBaykal, Antakya&#8217;da U\u011fur Mumcu Alan\u0131&#8217;nda sa\u011fanak ya\u011f\u0131\u015f alt\u0131nda yakla\u015f\u0131k 25 bin ki\u015fiye seslendi. Belediye ba\u015fkan aday\u0131 \u0130ris \u015eent\u00fcrk ve di\u011fer adaylara destek vermek \u00fczere kente geldiklerini belirten Baykal, Hatay&#8217;\u0131n candamar\u0131 olan Amik Ovas\u0131&#8217;ndaki durumu, kalabal\u0131\u011fa sordu. &#8220;Amik Ovas\u0131 sulan\u0131yor mu, sulanm\u0131yor mu?&#8221; diye soran Baykal, &#8220;Orada bir milyon d\u00f6n\u00fcm pamuk ekilirdi. \u015eimdi pamuk ekimi nereye d\u00fc\u015ft\u00fc? 150 bin d\u00f6n\u00fcme mi d\u00fc\u015ft\u00fc? T\u00fcrkiye Amik Ovas\u0131&#8217;nda pamuk ekmiyor. Yunanistan&#8217;dan pamuk mu getiriyor? Nas\u0131l oldu bu i\u015fler b\u00f6yle?&#8221; dedi. Baykal, \u00e7ift\u00e7ilere hayatlar\u0131ndan memnun olup olmad\u0131\u011f\u0131n\u0131 sordu. &#8220;Hay\u0131r&#8221; cevab\u0131n\u0131 al\u0131nca da \u015f\u00f6yle devam etti:\n<\/p>\n<p style=\"text-align: justify;\">&#8220;\u00c7ift\u00e7iler hayatlar\u0131ndan memnun mu? Kotalar kalkt\u0131 m\u0131? Sulama yap\u0131labiliyor mu? Sulama tesisleri, barajlar, Amik Ovas\u0131&#8217;n\u0131 sulama i\u015fi yap\u0131ld\u0131 m\u0131? \u00c7ift\u00e7i kendi paras\u0131yla elektrik harcayarak suyu \u00e7ekiyor, \u00e7ift\u00e7ilik yap\u0131yor. Fiyatlar d\u00fc\u015f\u00fcnce, mazot, g\u00fcbre fiyat\u0131 art\u0131nca borcunu \u00f6deyemez hale d\u00fc\u015ft\u00fc de\u011fil mi? Haciz mi geliyor? Trakt\u00f6r\u00fcne, tarlas\u0131na, evine, dolab\u0131na haciz mi geliyor? \u00c7ift\u00e7iye elektri\u011fi sanayiciden daha pahal\u0131ya sat\u0131yorlar. Bunda hak var m\u0131? Adalet var m\u0131? \u00c7ift\u00e7inin daha \u00e7ok himaye edilmesi gerekmiyor mu? Bu durumda \u00e7ift\u00e7inin hayat\u0131ndan memnun olmas\u0131 m\u00fcmk\u00fcn m\u00fc?&#8221;<\/p>\n<p style=\"text-align: justify;\"><strong>&#8216;\u0130\u015e\u0130 OLAN \u0130\u015e\u0130N\u0130 KAYBED\u0130YOR&#8217;<\/strong><\/p>\n<p style=\"text-align: justify;\">Baykal, esnaf\u0131n durumunu da sordu. &#8220;Belki esnaf memnundur. Esnaf nas\u0131l? Nas\u0131l i\u015fleri a\u00e7\u0131ld\u0131 m\u0131?&#8221; diyen Baykal yine &#8220;Hay\u0131r&#8221; yan\u0131t\u0131n\u0131 al\u0131nca s\u00f6zlerini \u015f\u00f6yle s\u00fcrd\u00fcrd\u00fc:<br \/>\n&#8220;\u00c7ekler senetler d\u00f6n\u00fcyor mu? Kazan\u00e7, piyasa hareketlendi mi? Yan\u0131nda \u00e7al\u0131\u015fan \u00e7ocu\u011fun primini, sigortas\u0131n\u0131 \u00f6deyebiliyor mu? Esnaf satt\u0131\u011f\u0131 mal\u0131n daha fazlas\u0131n\u0131 al\u0131p d\u00fckkan\u0131na koyabiliyor mu, bor\u00e7lar\u0131n alt\u0131nda ezilmeye ba\u015flad\u0131 m\u0131? Fabrikalar a\u00e7\u0131l\u0131yor mu, yeni tesisler, yeni fabrikalar? A\u00e7\u0131lm\u0131\u015f olanlar kapan\u0131yor mu? Gen\u00e7lere i\u015fveriyorlar m\u0131, yoksa i\u015fi olan arkada\u015flar\u0131m\u0131z\u0131 i\u015ften mi \u00e7\u0131kart\u0131yorlar? \u0130\u015fi olan i\u015fini kaybediyor de\u011fil mi? Ondan sonrada \u00e7\u0131k\u0131yor, geliyor, diyorki; &#8216;Ekonomi gayet iyi gidiyor. \u0130\u015fler yolunda, Hatay&#8217;a ben ka\u00e7 defa geldim&#8217; Gelmez olayd\u0131n buraya. Hizmetlerini getirseydin, hizmetlerini. Sen vatanda\u015f\u0131n derdine \u00e7are ol. \u00c7areyi Ankara&#8217;da bulacaksan Ankara&#8217;da ol, \u0130stanbul&#8217;da bulacaksan \u0130stanbul&#8217;da ol, Antakya&#8217;da bulacaksan Antakya&#8217;da ol. Ama, \u00e7are ol, \u00e7are. Bug\u00fcn T\u00fcrkiye&#8217;nin borcu 500 milyar dolar. 220 ald\u0131lar 500 yapt\u0131lar. Bu arada, Cumhuriyet tarihi boyunca yap\u0131lm\u0131\u015f, ne kadar b\u00fcy\u00fck tesis, fabrika, i\u015fletme varsa onlar\u0131 da ucuz, pahal\u0131 demeden nas\u0131l denk geldiyse yerli yabanc\u0131ya satt\u0131lar.&#8221;\n<\/p>\n<p style=\"text-align: justify;\">&#8220;Bu kadar parayla, T\u00fcrkiye&#8217;de Allah&#8217;\u0131n\u0131z\u0131 severseniz bu 7 y\u0131lda hangi b\u00fcy\u00fck tesis yap\u0131ld\u0131? Hangi b\u00fcy\u00fck fabrikalar, sanayi hamleleri, b\u00fcy\u00fck giri\u015fimler yap\u0131ld\u0131?&#8221; diye soran Baykal, &#8220;\u015eu TOK\u0130&#8217;nin yapt\u0131\u011f\u0131 binalarla, \u015fu \u00e7ift yol uygulamas\u0131 bu 300 milyar dolar\u0131n \u00fczerindeki harcamay\u0131 izah etmeye yeter mi? Nereye gitti bu para?&#8221; diye sordu.<\/p>\n<p style=\"text-align: justify;\"><strong>BAYKAL \u0130LE YATIP KALKIYOR<\/strong><\/p>\n<p style=\"text-align: justify;\">Baykal, bug\u00fcn T\u00fcrkiye&#8217;de art\u0131k fabrika yapma d\u00f6neminin bitti\u011fini \u015fimdi fabrika kapatma d\u00f6neminin ba\u015flad\u0131\u011f\u0131n\u0131 da tekrarlayarak, 10 tezgahtan 4&#8217;\u00fcn\u00fcn AKP d\u00f6neminde kapand\u0131\u011f\u0131n\u0131 s\u00f6yledi.<\/p>\n<p style=\"text-align: justify;\">CHP Lideri Baykal, Ba\u015fbakan Erdo\u011fan&#8217;\u0131n yoksulluktan i\u015fsizlikten bahsetmedi\u011fini s\u00fcrekli kendisinden s\u00f6z etti\u011fini belirtirken de &#8220;Varsa yoksa Deniz Baykal, varsa yoksa CHP. Yani bu Ba\u015fbakan gece Deniz Baykal ile yata\u011fa giriyor, sabah geliyor. Sana ne muhalefetten Deniz Baykal&#8217;dan. Sen i\u015fine bak, halka hizmet edeceklerini s\u00f6yle, onlar\u0131 anlat. Oralarda s\u00f6yleyecek laf\u0131 olmay\u0131nca onun i\u00e7in &#8216;Deniz Baykal&#8217; diyerek yapay g\u00fcndem olu\u015fturuyor&#8221; dedi. Baykal s\u00f6zlerini \u015f\u00f6yle s\u00fcrd\u00fcrd\u00fc:<\/p>\n<p style=\"text-align: justify;\">&#8220;Biraz daha ileri giderek, bir \u00f6nceki d\u00f6neme \u00e7atacak, ama orada duruyor. Ba\u015fbakan, bu anlay\u0131\u015f\u0131 b\u0131rakmas\u0131 laz\u0131m. Biz kendisine 7 maddelik tedbir verdik. Biraz a\u011fz\u0131n\u0131 bu aralar toparlad\u0131. \u00dcsl\u00fcp biraz d\u00fczeldi. Ama i\u00e7ine s\u0131\u011fm\u0131yor, bir\u015feyler yapmas\u0131 laz\u0131m. F\u0131kra anlat\u0131yor, komiklik yapmaya \u00e7al\u0131\u015f\u0131yor, \u015firinlik yapmaya \u00e7al\u0131\u015f\u0131yor. F\u0131kra anlatma, bunlar kolay i\u015fler de\u011fildir. Komik duruma d\u00fc\u015ferler. Bir milyon ki\u015fi i\u015fini kaybetti, ama komiklik yap\u0131yor. Telekom, T\u00fcpra\u015f sat\u0131\u015f\u0131, yolsuzluk her \u015fey, yolsuzluk. Ba\u015fbakan buraya geldi\u011finde bunlar\u0131 konu\u015fup anlat\u0131yor mu? \u0130\u015fin i\u00e7 y\u00fcz\u00fc bu. Ben size anlatay\u0131m diyor mu? Deniz Baykal&#8217;a hakaret ediyor.&#8221;<\/p>\n<p style=\"text-align: justify;\">Ba\u015fbakan Erdo\u011fan&#8217;a tekrar televizyonda a\u00e7\u0131k oturum \u00e7a\u011fr\u0131s\u0131 yapan Baykal, &#8220;Ba\u015fbakan ne diyor;&#8217;Hay\u0131r&#8217;. Ba\u015fbakan&#8217;a yak\u0131\u015f\u0131r m\u0131, bir Ba\u015fbakan ka\u00e7ar m\u0131? Ben diyorum ki i\u015fte meydan, i\u015fte Hatay, i\u015fte T\u00fcrkiye. Ba\u015fbakan diyor ki; &#8216;Baykal 3011&#8217;de Ba\u015fbakan olur&#8217; Olsa da olur olmasa da olur. Sen b\u0131rak, sen yar\u0131n iktidardan d\u00fc\u015f\u00fcnce, sen ne olacaks\u0131n? Sen iktidardan d\u00fc\u015f\u00fcnce kendinin ne olaca\u011f\u0131n\u0131 d\u00fc\u015f\u00fcn. \u015eimdi adam olamayanlar 3011 y\u0131l\u0131nda da adam olamazlar. \u00d6nemli olan Ba\u015fbakan olmak de\u011fil, adam olmak. Adam gibi adam olmakt\u0131r. Televziyonlardan ka\u00e7mamak, do\u011fru konu\u015fmak, d\u00fcr\u00fcst konu\u015fmak, hesap vermek. Milletten korkacak ne var? \u00c7alanlar\u0131n pe\u015fine d\u00fc\u015ft\u00fcm. Kimseden korkmam ve ka\u00e7mama neden yok. milletim i\u00e7in halk\u0131n i\u00e7indeyim&#8221; dedi.<\/p>\n<p style=\"text-align: justify;\">Erdo\u011fan&#8217;\u0131n ne televizyona ne de pazara \u00e7\u0131kt\u0131\u011f\u0131n\u0131 belirten Baykal, Ba\u015fbakan&#8217;a \u015fu teklifte bulundu:<\/p>\n<p style=\"text-align: justify;\">&#8220;Ba\u015fbakana \u00fc\u00e7\u00fcnc\u00fc teklifi yap\u0131yorum. Meclis&#8217;te 550 ki\u015finin dokunulmazl\u0131\u011f\u0131 var. Gel bu Meclis&#8217;te iki ki\u015fiyiz, Recep Tayyip Erdo\u011fan, Deniz Baykal. Gel ikimizin dokunulmazl\u0131\u011f\u0131n\u0131 kald\u0131ral\u0131m. Daha ne yapay\u0131m? Televizyona \u00e7\u0131km\u0131yor, d\u00fc\u015f\u00fcn\u00fcyor, b\u00fct\u00fcn yolsuzluklar \u00f6\u011frenilecek. Ona bir k\u0131yak daha yapay\u0131m, bir iyilik daha yapay\u0131m. Burada s\u00f6z veriyorum. Yolsuzluklar\u0131, o\u011fullar\u0131n\u0131n p\u0131rlanta ortakl\u0131\u011f\u0131n\u0131, insanlar i\u015fsizlikten k\u0131r\u0131l\u0131rken bu ortamda nas\u0131l zengin olduklar\u0131n\u0131 konu\u015fmayaca\u011f\u0131m. Sadece \u00e7ift\u00e7inin, i\u015fsiz kalan insanlar\u0131n, borcunu \u00f6deyemeyen insanlar\u0131n, ekonomik s\u0131k\u0131nt\u0131n\u0131n nedenleri ve tedbirlerini konu\u015faca\u011f\u0131m. Bu emeklinin, esnaf\u0131n durumu ne olacak bunlar\u0131 konu\u015fal\u0131m.&#8221;<\/p>\n<p style=\"text-align: justify;\"><span style=\"color: #888888;\">Kaynak : DHA<\/span><\/p>\n<p style=\"text-align: justify;\">\n","protected":false},"excerpt":{"rendered":"<p style=\"text-align: justify;\"> CHP Genel Ba\u015fkan\u0131 Deniz Baykal, &#8220;Ba\u015fbakan diyor ki &#8216;Baykal 3011&#8217;de Ba\u015fbakan olur&#8217;. \u015eimdi adam olamayanlar 3011 y\u0131l\u0131nda da adam olamazlar. \u00d6nemli olan Ba\u015fbakan olmak de\u011fil, adam olmak. Adam gibi adam olmakt\u0131r. Televziyonlardan ka\u00e7mamak, do\u011fru konu\u015fmak, d\u00fcr\u00fcst konu\u015fmak, hesap vermek&#8221; dedi.<\/p>\n<p style=\"text-align: justify;\">\u0130\u015fi olan\u0131n i\u015fini kaybetti\u011fini, \u00e7ift\u00e7inin, esnaf\u0131n bor\u00e7 alt\u0131nda ezildi\u011fini, fabrikalar\u0131n <\/p>\n","protected":false},"author":1,"featured_media":0,"comment_status":"open","ping_status":"closed","sticky":false,"template":"","format":"standard","meta":{"footnotes":""},"categories":[105],"tags":[],"class_list":["post-5546","post","type-post","status-publish","format-standard","hentry","category-gundem","odd"],"_links":{"self":[{"href":"http:\/\/www.korhanyilmaz.com\/index.php?rest_route=\/wp\/v2\/posts\/5546","targetHints":{"allow":["GET"]}}],"collection":[{"href":"http:\/\/www.korhanyilmaz.com\/index.php?rest_route=\/wp\/v2\/posts"}],"about":[{"href":"http:\/\/www.korhanyilmaz.com\/index.php?rest_route=\/wp\/v2\/types\/post"}],"author":[{"embeddable":true,"href":"http:\/\/www.korhanyilmaz.com\/index.php?rest_route=\/wp\/v2\/users\/1"}],"replies":[{"embeddable":true,"href":"http:\/\/www.korhanyilmaz.com\/index.php?rest_route=%2Fwp%2Fv2%2Fcomments&post=5546"}],"version-history":[{"count":0,"href":"http:\/\/www.korhanyilmaz.com\/index.php?rest_route=\/wp\/v2\/posts\/5546\/revisions"}],"wp:attachment":[{"href":"http:\/\/www.korhanyilmaz.com\/index.php?rest_route=%2Fwp%2Fv2%2Fmedia&parent=5546"}],"wp:term":[{"taxonomy":"category","embeddable":true,"href":"http:\/\/www.korhanyilmaz.com\/index.php?rest_route=%2Fwp%2Fv2%2Fcategories&post=5546"},{"taxonomy":"post_tag","embeddable":true,"href":"http:\/\/www.korhanyilmaz.com\/index.php?rest_route=%2Fwp%2Fv2%2Ftags&post=5546"}],"curies":[{"name":"wp","href":"https:\/\/api.w.org\/{rel}","templated":true}]}}