{"id":55434,"date":"2012-09-13T14:26:01","date_gmt":"2012-09-13T11:26:01","guid":{"rendered":"http:\/\/www.korhanyilmaz.com\/?p=55434"},"modified":"2012-09-15T09:39:47","modified_gmt":"2012-09-15T06:39:47","slug":"abdnin-libya-buyukelcisi-bingazide-olduruldu","status":"publish","type":"post","link":"http:\/\/www.korhanyilmaz.com\/?p=55434","title":{"rendered":"ABD&#8217;nin Libya B\u00fcy\u00fckel\u00e7isi Bingazi&#8217;de \u00f6ld\u00fcr\u00fcld\u00fc"},"content":{"rendered":"<p style=\"text-align: justify;\"><a href=\"http:\/\/www.korhanyilmaz.com\/wp-content\/uploads\/2012\/09\/H768.jpg\"  class=\"lightview\"><img loading=\"lazy\" decoding=\"async\" class=\"aligncenter size-full wp-image-55435\" title=\"\" src=\"http:\/\/www.korhanyilmaz.com\/wp-content\/uploads\/2012\/09\/H768.jpg\" alt=\"\" width=\"318\" height=\"191\" \/><\/a><\/p>\n<p style=\"text-align: justify;\">Libya&#8217;n\u0131n Bingazi \u015fehrindeki ABD Konsoloslu\u011fu&#8217;na d\u00fczenlenen sald\u0131r\u0131da, ABD B\u00fcy\u00fckel\u00e7isi Chris Stevens ve \u00fc\u00e7 el\u00e7ilik \u00e7al\u0131\u015fan\u0131 hayat\u0131n\u0131 kaybetti. Havas\u0131zl\u0131ktan bo\u011fuldu\u011fu belirtilen Stevens\u2019\u0131n son anlar\u0131nda \u00e7ekilen foto\u011fraf\u0131, 20 Ekim 2011&#8217;de isyanc\u0131lar taraf\u0131ndan \u00f6ld\u00fcr\u00fclen Libya eski diktat\u00f6r\u00fc Muammer Kaddafi&#8217;nin haf\u0131zalara kaz\u0131nan g\u00f6r\u00fcnt\u00fcs\u00fcn\u00fc ak\u0131llara getirdi.\u00a0<!--more--><\/p>\n<p style=\"text-align: justify;\">B\u00fcy\u00fckel\u00e7i Stevens ve el\u00e7ilik \u00e7al\u0131\u015fanlar\u0131n\u0131n, \u00f6fkeli Libyal\u0131lar\u0131n, \u0130slam&#8217;a hakaret i\u00e7erdi\u011fi iddia edilen bir filmi protesto etmek i\u00e7in d\u00fcn gece Bingazi&#8217;deki ABD Konsoloslu\u011fu&#8217;na ger\u00e7ekle\u015ftirdi\u011fi sald\u0131r\u0131 s\u0131ras\u0131nda hayat\u0131n\u0131 kaybetti\u011fi bildirildi.<\/p>\n<p style=\"text-align: justify;\">Stevens&#8217;\u0131 tedavi eden Libyal\u0131 doktor, Associated Press&#8217;e yapt\u0131\u011f\u0131 a\u00e7\u0131klamada, ABD&#8217;li B\u00fcy\u00fckel\u00e7i&#8217;nin, sald\u0131rganlar\u0131n \u00e7\u0131kard\u0131\u011f\u0131 yang\u0131n\u0131n neden oldu\u011fu dumandan bo\u011fularak \u00f6ld\u00fc\u011f\u00fcn\u00fc s\u00f6yledi. Doktor Ziyad Ebu Zeyid, Libyal\u0131lar taraf\u0131ndan Bingazi T\u0131p Merkezi&#8217;ne getirilen Stevens&#8217;\u0131 hayata d\u00f6nd\u00fcrmek i\u00e7in 1.5 saat u\u011fra\u015ft\u0131\u011f\u0131n\u0131 ama ba\u015faramad\u0131\u011f\u0131n\u0131 belirtti.<\/p>\n<p style=\"text-align: justify;\">AFP haber ajans\u0131n\u0131n ge\u00e7ti\u011fi foto\u011fraflarda, a\u011f\u0131r yaral\u0131 olarak binadan ta\u015f\u0131nan B\u00fcy\u00fckel\u00e7i Stevens&#8217;\u0131n v\u00fccudunda yan\u0131klar oldu\u011fu g\u00f6zlenmi\u015fti.<\/p>\n<p style=\"text-align: justify;\"><strong>\u0130K\u0130S\u0130 VURULARAK \u00d6LD\u00dcR\u00dcLD\u00dc\u00a0<\/strong><\/p>\n<div id=\"attachment_55436\" style=\"width: 324px\" class=\"wp-caption alignleft\"><a href=\"http:\/\/www.korhanyilmaz.com\/wp-content\/uploads\/2012\/09\/H769.jpg\"  class=\"lightview\"><img loading=\"lazy\" decoding=\"async\" aria-describedby=\"caption-attachment-55436\" class=\" wp-image-55436\" style=\"margin-left: 10px; margin-right: 10px;\" src=\"http:\/\/www.korhanyilmaz.com\/wp-content\/uploads\/2012\/09\/H769.jpg\" alt=\"\" width=\"314\" height=\"218\" \/><\/a><p id=\"caption-attachment-55436\" class=\"wp-caption-text\">Stevens&#8217;\u0131n bu g\u00f6r\u00fcnt\u00fcleri yaral\u0131 olarak hastaneye ta\u015f\u0131n\u0131rken \u00e7ekildi.<\/p><\/div>\n<p style=\"text-align: justify;\">Libya&#8217;da ve M\u0131s\u0131r&#8217;daki Selefiler, ABD&#8217;de ya\u015fayan \u0130srail do\u011fumlu bir Yahudi olan Sam Bacile taraf\u0131ndan \u00e7ekilen ve Hz. Muhammed ile \u0130slam&#8217;a hakaret ifadeleri i\u00e7erdi\u011fi belirtilen bir k\u0131sa filmi protesto etmek i\u00e7in Kahire&#8217;deki ABD B\u00fcy\u00fckel\u00e7ili\u011fi&#8217;ne sald\u0131rm\u0131\u015f, Bingazi&#8217;de de konsolosluk binas\u0131n\u0131 ate\u015fe vermi\u015fti.<\/p>\n<p style=\"text-align: justify;\">Libya \u0130\u00e7i\u015fleri Bakan Yard\u0131mc\u0131s\u0131 Venis el \u015eerif, konsolosluk binas\u0131na y\u00f6nelik sald\u0131r\u0131n\u0131n ard\u0131ndan ABD&#8217;li personelin g\u00fcvenli bir eve g\u00f6t\u00fcr\u00fcld\u00fc\u011f\u00fcn\u00fc ancak bu evin &#8220;her nas\u0131lsa militanlar taraf\u0131ndan bulundu\u011funu&#8221; s\u00f6yledi.<\/p>\n<p style=\"text-align: justify;\">\u015eerif, \u00f6ld\u00fcr\u00fclen ABD&#8217;lilerden ikisinin, evdekilerin Amerikan askerlerince tahliye edilmeye \u00e7al\u0131\u015f\u0131lmas\u0131 s\u0131ras\u0131nda \u00e7\u0131kan \u00e7at\u0131\u015fmada vurularak hayat\u0131n\u0131 kaybetti\u011fini belirtti.<\/p>\n<p style=\"text-align: justify;\"><strong>10 L\u0130BYALI G\u00dcVENL\u0130K G\u00d6REVL\u0130S\u0130 \u00d6LD\u00dc\u00a0<\/strong><\/p>\n<p style=\"text-align: justify;\">Libya&#8217;n\u0131n BM Temsilci Yard\u0131mc\u0131s\u0131 \u0130brahim Dabba\u015fi, ABD Konsoloslu\u011fu&#8217;nu hedef alan sald\u0131r\u0131da, ABD&#8217;li yetkililerin yan\u0131 s\u0131ra 10 Libyal\u0131 g\u00fcvenlik g\u00f6revlisinin \u00f6ld\u00fc\u011f\u00fcn\u00fc, baz\u0131lar\u0131n\u0131n da yaraland\u0131\u011f\u0131n\u0131 s\u00f6yledi.<\/p>\n<p style=\"text-align: justify;\">Dabba\u015fi, Libya h\u00fck\u00fcmetinin sald\u0131r\u0131dan sorumlu olanlar\u0131 adalet kar\u015f\u0131s\u0131na \u00e7\u0131karmaya kararl\u0131 oldu\u011funu s\u00f6zlerine ekledi.<\/p>\n<p style=\"text-align: justify;\"><strong>ENSARU&#8217;\u015e \u015eER\u0130A GRUBUNUN SALDIRISI\u00a0<\/strong><\/p>\n<p style=\"text-align: justify;\">Libya \u0130\u00e7i\u015fleri Bakan Yard\u0131mc\u0131s\u0131 Venis e\u015f-\u015eerif, ABD&#8217;nin Bingazi Konsoloslu\u011fu&#8217;na d\u00fczenlenen sald\u0131r\u0131n\u0131n, \u201cEnsaru&#8217;\u015f \u015eeria\u201d adl\u0131 grup taraf\u0131ndan ger\u00e7ekle\u015ftirildi\u011fini bildirdi.<\/p>\n<p style=\"text-align: justify;\">Olayla ilgili ayr\u0131nt\u0131 veren \u015eerif, grubun konsoloslu\u011fa roket sald\u0131r\u0131s\u0131 d\u00fczenledi\u011fini, ard\u0131ndan konsolosluktaki g\u00fcvenlik g\u00fc\u00e7leriyle sald\u0131rganlar aras\u0131nda silahl\u0131 \u00e7at\u0131\u015fma ya\u015fand\u0131\u011f\u0131n\u0131 belirtti.<\/p>\n<p style=\"text-align: justify;\">Christopher Stevens&#8217;\u0131n, normal \u015fartlarda ABD&#8217;nin Trablus&#8217;taki B\u00fcy\u00fckel\u00e7ili\u011fi&#8217;nde bulunmas\u0131 gerekti\u011fine i\u015faret eden \u015eerif, b\u00fcy\u00fckel\u00e7inin tefti\u015f amac\u0131yla Bingazi Konsoloslu\u011fu&#8217;nu ziyaret etti\u011fini bildirdi.<\/p>\n<p style=\"text-align: justify;\"><strong>&#8216;\u0130SYAN&#8217;A YARDIM ETM\u0130\u015eT\u0130\u00a0<\/strong><\/p>\n<p style=\"text-align: justify;\">California do\u011fumlu 52 ya\u015f\u0131ndaki B\u00fcy\u00fckel\u00e7i Christopher Stevens, Libya\u2019y\u0131 ABD D\u0131\u015fi\u015fleri kadrosu i\u00e7inde en iyi tan\u0131yan diplomatlardan biriydi. Fas\u2019ta \u00f6\u011fretmenlik yaparken Afrika k\u00fclt\u00fcr\u00fcne hayran kal\u0131p diplomasiye ad\u0131m atan Stevens, 21 y\u0131l s\u00fcren kariyerinde Kud\u00fcs, \u015eam, Kahire ve Riyad\u2019da g\u00f6rev yapm\u0131\u015ft\u0131.<\/p>\n<p style=\"text-align: justify;\">ABD, Kaddafi rejimiyle ony\u0131llar boyu kesti\u011fi ili\u015fkilerini onarmak \u00fczere 2007\u2019de bu \u00fclkede b\u00fcy\u00fckel\u00e7ilik a\u00e7maya karar verdi\u011finde, Trablus\u2019a gelerek burada g\u00f6rev yapmaya ba\u015flayan \u00fc\u00e7 \u00fcst d\u00fczey ABD diplomat\u0131ndan biri Stevens olmu\u015ftu. \u0130yi d\u00fczeyde Arap\u00e7a ve Frans\u0131zca konu\u015fabilen Stevens, Libya i\u00e7 sava\u015f\u0131 s\u0131ras\u0131nda Kaddafi kar\u015f\u0131t\u0131 isyana destek vermek \u00fczere \u00f6zel misyonla yeniden bu \u00fclkeye gelmi\u015f, ge\u00e7ti\u011fimiz may\u0131s ay\u0131nda da yeni Libya\u2019da ABD\u2019nin Trablus B\u00fcy\u00fckel\u00e7isi olarak atanm\u0131\u015ft\u0131.<\/p>\n<p style=\"text-align: justify;\"><strong>SALDIRI PLANLI MIYDI?\u00a0<\/strong><\/p>\n<p style=\"text-align: justify;\">Obama y\u00f6netimi, Bingazi\u2019deki sald\u0131r\u0131n\u0131n \u00f6nceden planlanm\u0131\u015f olabilece\u011fini d\u00fc\u015f\u00fcn\u00fcyor. Washington, istihbarat raporlar\u0131n\u0131n kesin bir yarg\u0131ya izin vermedi\u011fini ancak Kahire\u2019dekinin aksine buradaki olaylar\u0131n planl\u0131 olma ihtimalini y\u00fcksek g\u00f6r\u00fcyor. Buna g\u00f6re \u00f6rg\u00fctl\u00fc bir grup ya b\u00f6yle bir karga\u015fan\u0131n \u00e7\u0131kmas\u0131 i\u00e7in bekledi ya da hatta protestolar\u0131 kendileri organize etti.<\/p>\n<p style=\"text-align: justify;\">\u00d6te yandan Libya\u2019n\u0131n Ankara B\u00fcy\u00fckel\u00e7isi Abd\u00fcrrezzak Muktar, Stevens\u2019\u0131n \u00f6ld\u00fcr\u00fcld\u00fc\u011f\u00fc sald\u0131r\u0131 i\u00e7in, \u201cLibya \u0130\u00e7i\u015fleri Bakanl\u0131\u011f\u0131, sald\u0131r\u0131n\u0131n, eski \u0130stihbarat Ba\u015fkan\u0131 Abdullah es-Senussi\u2019nin Libya\u2019ya iade edilmesine tepki olabilece\u011fi\u00a0ihtimali \u00fczerinde duruyor\u201d dedi.<\/p>\n<p style=\"text-align: justify;\">Kaddafi d\u00f6neminin istihbarat ba\u015fkan\u0131 Senussi, ge\u00e7en hafta Moritanya taraf\u0131ndan Libya\u2019ya iade edilmi\u015fti.<\/p>\n<p style=\"text-align: justify;\"><strong>B\u0130RAZDAN \u00d6LEB\u0130L\u0130R\u0130M\u00a0<\/strong><\/p>\n<p style=\"text-align: justify;\">Sald\u0131r\u0131da \u00f6len ABD\u2019li diplomat Sean Smith\u2019in olaydan hemen \u00f6nce internetteki bir forumda \u201cbu gece \u00f6lebilece\u011fini\u201d yazd\u0131\u011f\u0131 \u00f6\u011frenildi. Smith\u2019in forumdaki arkada\u015flar\u0131na binan\u0131n d\u0131\u015f\u0131ndaki olaylardan s\u00f6z etti\u011fi ve son s\u00f6zlerinin de \u201cAte\u015f ediyorlar\u201d oldu\u011fu kaydedildi.<\/p>\n<p style=\"text-align: justify;\"><strong>OBAMA&#8217;DAN KINAMA\u00a0<\/strong><\/p>\n<p style=\"text-align: justify;\">ABD Ba\u015fkan\u0131 Barack Obama, ABD Konsoloslu\u011fu&#8217;nu hedef alan sald\u0131r\u0131y\u0131, \u201cM\u00fcmk\u00fcn olan en sert ifadelerle\u201d k\u0131nad\u0131.<\/p>\n<p style=\"text-align: justify;\">Obama ve ABD D\u0131\u015fi\u015fleri Bakan\u0131 Hillary Clinton, Beyaz Saray&#8217;da kameralar\u0131n kar\u015f\u0131s\u0131na ge\u00e7erek a\u00e7\u0131klama yapt\u0131.<\/p>\n<p style=\"text-align: justify;\">Obama, bu &#8220;hain sald\u0131r\u0131y\u0131 d\u00fczenleyenlerin adalete teslim edilmesi i\u00e7in&#8221; Libya h\u00fck\u00fcmetiyle \u00e7al\u0131\u015facaklar\u0131n\u0131 dile getirerek, sald\u0131r\u0131y\u0131 yapanlar\u0131n kesinlikle adalet \u00f6n\u00fcne \u00e7\u0131kar\u0131laca\u011f\u0131n\u0131 ifade etti.<\/p>\n<p style=\"text-align: justify;\">Bu sald\u0131r\u0131n\u0131n ABD ile Libya aras\u0131ndaki ba\u011flar\u0131 k\u0131rmayaca\u011f\u0131na de\u011finen Obama, sald\u0131r\u0131dan sonra Libyal\u0131lar\u0131n b\u00fcy\u00fckel\u00e7ilik yetkililerine yard\u0131m etti\u011fini, Stevens&#8217;\u0131 hastaneye g\u00f6t\u00fcrd\u00fcklerini belirtti.<\/p>\n<p style=\"text-align: justify;\"><strong>\u00d6NLEMLER\u0130 ARTIRDI\u00a0<\/strong><\/p>\n<p style=\"text-align: justify;\">Sald\u0131r\u0131da \u00f6len d\u00f6rt ABD\u2019linin \u201cAmerika\u2019n\u0131n \u00f6zg\u00fcrl\u00fck, adalet ve d\u00fcnyadaki di\u011fer \u00fclkelerle kurduklar\u0131 ortakl\u0131\u011f\u0131 s\u00fcrd\u00fcrme kararl\u0131l\u0131\u011f\u0131n\u0131n bir sembol\u00fc\u201d oldu\u011funu belirten Obama, dini inan\u00e7lara hakaret edilmesine kar\u015f\u0131 oldu\u011funu ancak b\u00f6ylesi bir \u201canlams\u0131z \u015fiddet\u201di de kabul edemeyece\u011fini s\u00f6yledi.<\/p>\n<p style=\"text-align: justify;\">Obama, yapt\u0131\u011f\u0131 a\u00e7\u0131klamada, \u201cLibya\u2019daki personelimizin g\u00fcvenli\u011finin desteklenmesi ve d\u00fcnyan\u0131n her yerindeki diplomatik misyonlar\u0131m\u0131z\u0131n g\u00fcvenli\u011finin art\u0131r\u0131lmas\u0131n\u0131 desteklemek i\u00e7in t\u00fcm gerekli kaynaklar\u0131n kullan\u0131lmas\u0131 emrini verdim\u201d dedi.<\/p>\n<p style=\"text-align: justify;\"><strong>ABD 50 ASKER G\u00d6NDERD\u0130<\/strong><\/p>\n<p style=\"text-align: justify;\">Associated Press&#8217;e konu\u015fan ABD&#8217;li yetkililer, Libya&#8217;daki Amerikan diplomatik misyonlar\u0131n\u0131n g\u00fcvenli\u011finin sa\u011flanmas\u0131 i\u00e7in iyi e\u011fitimli 50 deniz piyadesinin yola \u00e7\u0131kt\u0131\u011f\u0131n\u0131 s\u00f6yledi.<\/p>\n<p style=\"text-align: justify;\">\u00d6len ABD&#8217;lilerin cenazeleri ise Bingazi Uluslararas\u0131 Havaalan\u0131&#8217;na g\u00f6t\u00fcr\u00fcld\u00fc. Cenazelerin \u00f6nce Libya&#8217;n\u0131n ba\u015fkenti Trablus&#8217;a oradan da Almanya&#8217;da bulunan bir ABD \u00fcss\u00fcne transfer edilece\u011fi belirtildi.<\/p>\n<p style=\"text-align: justify;\">Stevens&#8217;\u0131n k\u0131sa bir ziyaret i\u00e7in Trablus&#8217;tan Bingazi&#8217;ye gitti\u011fi \u00f6ne s\u00fcr\u00fclm\u00fc\u015ft\u00fc.<\/p>\n<p style=\"text-align: justify;\"><strong>DEMPSEY&#8217;DEN O RAH\u0130BE R\u0130CA\u00a0<\/strong><\/p>\n<p style=\"text-align: justify;\">ABD Genelkurmay Ba\u015fkan\u0131 Martin Dempsey, Kuran yakma fanati\u011fi ABD&#8217;li rahip Terry Jones&#8217;u telefonla bizzat arad\u0131 ve &#8220;filme verdi\u011fi deste\u011fi g\u00f6zden ge\u00e7irmesini rica etti.&#8221;<\/p>\n<p style=\"text-align: justify;\"><strong>L\u0130BYA H\u00dcK\u00dcMET\u0130 KADDAF\u0130 YANLILARINI SU\u00c7LADI\u00a0<\/strong><\/p>\n<p style=\"text-align: justify;\">\u0130\u00e7i\u015fleri Bakan Yard\u0131mc\u0131s\u0131 \u015eerif d\u00fczenledi\u011fi bas\u0131n toplant\u0131s\u0131nda sald\u0131r\u0131dan Muammer Kaddafi yanl\u0131lar\u0131n\u0131 sorumlu tuttu.<\/p>\n<p style=\"text-align: justify;\">\u015eerif, \u201cSald\u0131r\u0131da RPG\u2019ler kullan\u0131ld\u0131. Bu da bunlar\u0131 k\u00f6t\u00fcye kullanan baz\u0131 g\u00fc\u00e7ler oldu\u011funu g\u00f6steriyor. Bu ki\u015filer eski rejimin kal\u0131nt\u0131lar\u0131d\u0131r\u201d diye konu\u015ftu.<\/p>\n<p style=\"text-align: justify;\">Libya Cumhurba\u015fkan\u0131 Muhammed Yusuf el Magarif de bu tarz bir sald\u0131r\u0131n\u0131n \u0130slam&#8217;a yak\u0131\u015fmayaca\u011f\u0131n\u0131 belirterek &#8220;Amerikan halk\u0131ndan ve t\u00fcm d\u00fcnyadan&#8221; \u00f6z\u00fcr diledi. Magarif, sald\u0131r\u0131yla ilgili soru\u015fturma ba\u015flat\u0131ld\u0131\u011f\u0131n\u0131 s\u00f6yledi.<\/p>\n<p style=\"text-align: justify;\">D\u00fcn ak\u015famdan bu yana ya\u015fanan geli\u015fmeler \u00fczerine Libya Genelkurmay Ba\u015fkan\u0131 Yusuf el Mengu\u015f da T\u00fcrkiye ziyaretini yar\u0131da keserek Trablus\u2019a d\u00f6nd\u00fc.<\/p>\n<hr \/>\n<p style=\"text-align: justify;\"><span style=\"color: #993300;\"><strong>D\u00dcNYADAN TEPK\u0130LER\u00a0<\/strong><\/span><\/p>\n<p style=\"text-align: justify;\"><strong>*<\/strong>\u00a0NATO Genel Sekreteri Anders Fogh Rasmussen: \u201cB\u00f6yle bir \u015fiddet asla me\u015fru g\u00f6sterilemez. Libya Cumhurba\u015fkan\u0131\u2019n\u0131n k\u0131nama ve \u00f6zr\u00fcnden memnuniyet duyuyorum.\u201d<\/p>\n<p style=\"text-align: justify;\">* \u0130ngiltere D\u0131\u015fi\u015fleri Bakan\u0131 William Hague: \u201cABD i\u00e7in \u00fcz\u00fcc\u00fc bir g\u00fcn. B\u00fcy\u00fckel\u00e7i Stevens\u2019\u0131n ve arkada\u015flar\u0131n\u0131n hayat\u0131n\u0131 kaybetmesinden dolay\u0131 \u00fcz\u00fcnt\u00fcl\u00fcy\u00fcz. Bu olay bize, diplomatlar\u0131n kar\u015f\u0131 kar\u015f\u0131ya oldu\u011fu tehlikeleri an\u0131msatmaktad\u0131r.\u201d<\/p>\n<p style=\"text-align: justify;\">* Almanya H\u00fck\u00fcmet S\u00f6zc\u00fcs\u00fc Steffen Seibert: \u201cH\u00fck\u00fcmetimiz Libya ve M\u0131s\u0131r\u2019daki Amerikan diplomatik misyonlar\u0131na kar\u015f\u0131 d\u00fczenlenen sald\u0131r\u0131lar\u0131 en sert \u015fekilde k\u0131n\u0131yor. Bu t\u00fcr bir \u015fiddet asla bir siyasi tart\u0131\u015fma, bir siyasi eylem y\u00f6ntemi olamaz.\u201d<\/p>\n<p style=\"text-align: justify;\">* Fransa Cumhurba\u015fkan\u0131 Fran\u00e7ois Hollande: \u201c\u015eiddetle k\u0131n\u0131yoruz. Fransa, Libyal\u0131 yetkililerden, bu i\u011fren\u00e7 ve kabul edilemez su\u00e7un ayd\u0131nlat\u0131lmas\u0131 i\u00e7in ne gerekiyorsa yap\u0131lmas\u0131n\u0131 talep etmektedir.\u201d<\/p>\n<p style=\"text-align: justify;\">* \u0130talya Ba\u015fbakan\u0131 Mario Monti: \u201cAc\u0131mas\u0131z sald\u0131r\u0131y\u0131 sonuna kadar k\u0131n\u0131yorum. \u00dclkenin yeni rejiminin ba\u015f a\u015fa\u011f\u0131 edilmesini engelleme yolundaki hi\u00e7bir \u00e7abadan taviz vermeyece\u011finden emin oldu\u011fumuz yeni demokratik Libya h\u00fck\u00fcmetini desteklemeyi s\u00fcrd\u00fcrece\u011fiz.\u201d<\/p>\n<p style=\"text-align: justify;\">* Vatikan S\u00f6zc\u00fcs\u00fc Federico Lombardi: &#8220;M\u00fcsl\u00fcman inan\u00e7l\u0131lar\u0131n hassasiyetlerine y\u00f6nelik haks\u0131z sald\u0131r\u0131 ve provokasyonlar\u0131n ciddi sonu\u00e7lar\u0131 ortadad\u0131r.&#8221;<\/p>\n<hr \/>\n<p style=\"text-align: justify;\"><strong><span style=\"color: #993300;\"><a href=\"http:\/\/www.korhanyilmaz.com\/wp-content\/uploads\/2012\/09\/H770.jpg\"  class=\"lightview\"><img loading=\"lazy\" decoding=\"async\" class=\"alignleft size-full wp-image-55437\" style=\"margin-left: 10px; margin-right: 10px;\" src=\"http:\/\/www.korhanyilmaz.com\/wp-content\/uploads\/2012\/09\/H770.jpg\" alt=\"\" width=\"250\" height=\"150\" \/><\/a>CHRISTOPER STEVENS K\u0130MD\u0130R?\u00a0<\/span><\/strong><\/p>\n<p style=\"text-align: justify;\">B\u00fcy\u00fckel\u00e7i J. Christopher Stevens, ABD D\u0131\u015fi\u015fleri Bakanl\u0131\u011f\u0131\u2019nda g\u00f6revli bir kariyer diplomat\u0131yd\u0131. May\u0131s 2012\u2019den itibaren ABD\u2019nin Trablus B\u00fcy\u00fckel\u00e7isi olarak g\u00f6rev yapan Stevens, daha \u00f6nce de iki kez bu \u00fclkede hizmet vermi\u015fti.<\/p>\n<p style=\"text-align: justify;\">Stevens, Mart 2011 &#8211; Kas\u0131m 2011 aras\u0131nda Libya Ulusal Ge\u00e7i\u015f Konseyi \u00d6zel Temsilcisi olarak, g\u00f6rev yapm\u0131\u015ft\u0131. 5 Nisan 2011\u2019de bir Yunan kargo gemisiyle Libya\u2019ya gidip, Kas\u0131m ay\u0131na kadar burada kalm\u0131\u015ft\u0131. Misyonu ge\u00e7i\u015f konseyiyle g\u00fc\u00e7l\u00fc ili\u015fkiler kurmak ve Kaddafi rejimine kar\u015f\u0131 \u00e7arp\u0131\u015fan gruplar\u0131n yap\u0131s\u0131n\u0131 anlamakt\u0131.<\/p>\n<p style=\"text-align: justify;\">Stevens, 2007 \u2013 2009 y\u0131llar\u0131 aras\u0131nda da B\u00fcy\u00fckel\u00e7i Yard\u0131mc\u0131s\u0131 olarak Libya\u2019da bulunmu\u015ftu.<\/p>\n<p style=\"text-align: justify;\">May\u0131s 2012\u2019de b\u00fcy\u00fckel\u00e7ilik g\u00f6revine ba\u015flamadan k\u0131sa bir s\u00fcre \u00f6nce ABD D\u0131\u015fi\u015fleri Bakanl\u0131\u011f\u0131 taraf\u0131ndan haz\u0131rlanan bir videoda Stevens, \u201cLibya halk\u0131n\u0131n aya\u011fa kalk\u0131p haklar\u0131n\u0131 talep etmeleri beni \u00e7ok heyecanland\u0131rm\u0131\u015ft\u0131. \u015eimdi ba\u015flad\u0131\u011f\u0131m\u0131z bu i\u015fe devam etmek, ABD ile Libya aras\u0131nda g\u00fc\u00e7l\u00fc bir ba\u011f kurarak Libya halk\u0131n\u0131n ama\u00e7lar\u0131na ula\u015fmas\u0131na yard\u0131m etmek \u00fczere geri d\u00f6n\u00fcyorum\u201d demi\u015fti.<\/p>\n<p style=\"text-align: justify;\">Libya d\u0131\u015f\u0131nda Kud\u00fcs\u2019te, \u015eam\u2019da, Kahire\u2019de ve Riyad\u2019da g\u00f6rev yapan Stevens, bir Ortado\u011fu uzman\u0131 olarak tan\u0131n\u0131yordu. Washington\u2019da da \u0130ran ve Yak\u0131n Do\u011fu \u0130li\u015fkileri b\u00fcrolar\u0131nda g\u00f6rev yapan Stevens, Arap\u00e7a ve Frans\u0131zca biliyordu.<\/p>\n<p style=\"text-align: justify;\">Stevens, 1979&#8217;da \u00f6ld\u00fcr\u00fclen Afganistan B\u00fcy\u00fckel\u00e7isi Adolph Dubs&#8217;tan sonra g\u00f6revi ba\u015f\u0131nda \u00f6ld\u00fcr\u00fclen ilk ABD&#8217;li b\u00fcy\u00fckel\u00e7i oldu.<\/p>\n<p style=\"text-align: justify;\"><a href=\"http:\/\/www.hurriyet.com.tr\/planet\/21445014.asp\" target=\"_blank\">Kaynak : H\u00fcrriyet.com.tr<\/a><\/p>\n","protected":false},"excerpt":{"rendered":"<p style=\"text-align: justify;\">\n<p style=\"text-align: justify;\">Libya&#8217;n\u0131n Bingazi \u015fehrindeki ABD Konsoloslu\u011fu&#8217;na d\u00fczenlenen sald\u0131r\u0131da, ABD B\u00fcy\u00fckel\u00e7isi Chris Stevens ve \u00fc\u00e7 el\u00e7ilik \u00e7al\u0131\u015fan\u0131 hayat\u0131n\u0131 kaybetti. Havas\u0131zl\u0131ktan bo\u011fuldu\u011fu belirtilen Stevens\u2019\u0131n son anlar\u0131nda \u00e7ekilen foto\u011fraf\u0131, 20 Ekim 2011&#8217;de isyanc\u0131lar taraf\u0131ndan \u00f6ld\u00fcr\u00fclen Libya eski diktat\u00f6r\u00fc Muammer Kaddafi&#8217;nin haf\u0131zalara kaz\u0131nan g\u00f6r\u00fcnt\u00fcs\u00fcn\u00fc ak\u0131llara getirdi. <\/p>\n","protected":false},"author":1,"featured_media":0,"comment_status":"open","ping_status":"open","sticky":false,"template":"","format":"standard","meta":{"footnotes":""},"categories":[105],"tags":[],"class_list":["post-55434","post","type-post","status-publish","format-standard","hentry","category-gundem","odd"],"_links":{"self":[{"href":"http:\/\/www.korhanyilmaz.com\/index.php?rest_route=\/wp\/v2\/posts\/55434","targetHints":{"allow":["GET"]}}],"collection":[{"href":"http:\/\/www.korhanyilmaz.com\/index.php?rest_route=\/wp\/v2\/posts"}],"about":[{"href":"http:\/\/www.korhanyilmaz.com\/index.php?rest_route=\/wp\/v2\/types\/post"}],"author":[{"embeddable":true,"href":"http:\/\/www.korhanyilmaz.com\/index.php?rest_route=\/wp\/v2\/users\/1"}],"replies":[{"embeddable":true,"href":"http:\/\/www.korhanyilmaz.com\/index.php?rest_route=%2Fwp%2Fv2%2Fcomments&post=55434"}],"version-history":[{"count":0,"href":"http:\/\/www.korhanyilmaz.com\/index.php?rest_route=\/wp\/v2\/posts\/55434\/revisions"}],"wp:attachment":[{"href":"http:\/\/www.korhanyilmaz.com\/index.php?rest_route=%2Fwp%2Fv2%2Fmedia&parent=55434"}],"wp:term":[{"taxonomy":"category","embeddable":true,"href":"http:\/\/www.korhanyilmaz.com\/index.php?rest_route=%2Fwp%2Fv2%2Fcategories&post=55434"},{"taxonomy":"post_tag","embeddable":true,"href":"http:\/\/www.korhanyilmaz.com\/index.php?rest_route=%2Fwp%2Fv2%2Ftags&post=55434"}],"curies":[{"name":"wp","href":"https:\/\/api.w.org\/{rel}","templated":true}]}}