{"id":55422,"date":"2012-09-14T13:32:32","date_gmt":"2012-09-14T10:32:32","guid":{"rendered":"http:\/\/www.korhanyilmaz.com\/?p=55422"},"modified":"2012-09-15T01:10:28","modified_gmt":"2012-09-14T22:10:28","slug":"idris-naim-sahinin-yeri-dar-olmasaydi","status":"publish","type":"post","link":"http:\/\/www.korhanyilmaz.com\/?p=55422","title":{"rendered":"\u0130dris Naim \u015eahin\u2019in yeri dar olmasayd\u0131&#8230;"},"content":{"rendered":"<p style=\"text-align: center;\"><a href=\"http:\/\/www.korhanyilmaz.com\/wp-content\/uploads\/2012\/09\/H765.jpg\"  class=\"lightview\"><img loading=\"lazy\" decoding=\"async\" class=\"aligncenter  wp-image-55423\" src=\"http:\/\/www.korhanyilmaz.com\/wp-content\/uploads\/2012\/09\/H765.jpg\" alt=\"\" width=\"420\" height=\"210\" \/><\/a><\/p>\n<p style=\"text-align: justify;\">\u0130\u00e7i\u015fleri Bakan\u0131 \u0130dris Naim \u015eahin, BM M\u00fclteciler Y\u00fcksek Komiseri Antonio Guterres, BM M\u00fclteciler Y\u00fcksek Komiserli\u011fi \u00d6zel Temsilcisi Angelina Jolie ve beraberindeki heyeti kabul etti. \u015eahin\u2019in Jolie ile g\u00f6r\u00fc\u015fmesi s\u0131ras\u0131nda \u00e7ok sevin\u00e7li oldu\u011fu g\u00f6r\u00fcld\u00fc. Bulu\u015fma, \u201c<span style=\"text-decoration: underline;\">Yeri dar olmasa sevincinden takla atabilirdi<\/span>\u201d \u015feklinde yorumland\u0131.<!--more--><\/p>\n<p style=\"text-align: justify;\">\u0130STANBUL- \u0130dris Naim \u015eahin, bug\u00fcn Angelina Jolie ile bulu\u015ftu. \u015eahin&#8217;in makam\u0131nda bas\u0131na kapal\u0131 ger\u00e7ekle\u015fen g\u00f6r\u00fc\u015fmede, g\u00f6r\u00fcnt\u00fc al\u0131nmas\u0131na izin verildi. Bas\u0131n mensuplar\u0131n\u0131n yo\u011fun ilgi g\u00f6sterdi\u011fi g\u00f6r\u00fc\u015fmede \u0130dris Naim \u015eahin\u2019in sevinci mimiklerine ve hareketlerine yans\u0131d\u0131. \u015eahin\u2019in Joli kar\u015f\u0131s\u0131ndaki sevinci yeri dar olmasayd\u0131, mutluluktan takla atabilirdi \u015feklinde yorumland\u0131.<\/p>\n<p style=\"text-align: justify;\">ABD&#8217;li \u00fcnl\u00fc film y\u0131ld\u0131z\u0131 ve BM \u00d6zel El\u00e7isi Angelina Jolie, Gaziantep ve Kilis&#8217;teki Suriyeli s\u0131\u011f\u0131nmac\u0131lar\u0131n kald\u0131\u011f\u0131 kamplar\u0131 ziyaretinin ard\u0131ndan d\u00fcn Ankara&#8217;da Suriye mesaisine devam etti.<\/p>\n<p style=\"text-align: justify;\">Jolie, BM M\u00fclteciler Y\u00fcksek Komiseri Antonio Guterres&#8217;le birlikte sabah erken saatlerde Suriyeli s\u0131\u011f\u0131nmac\u0131lara yard\u0131m sa\u011flayan aralar\u0131nda Kanada, \u0130rlanda gibi don\u00f6r \u00fclkerin b\u00fcy\u00fckel\u00e7ilerinin de bulundu\u011fu bir heyetle kahvalt\u0131da bulu\u015ftu. Jolie&#8217;nin don\u00f6r \u00fclkelerin b\u00fcy\u00fckel\u00e7ilerine, m\u00fcltecilerin i\u00e7inde bulundu\u011fu ko\u015fullara ili\u015fkin izlenimlerini aktararak, &#8220;Yard\u0131mlar\u0131 artt\u0131r\u0131n&#8221; dedi\u011fi belirtildi.<\/p>\n<p style=\"text-align: justify;\">Temaslar\u0131 s\u0131ras\u0131nda &#8220;S\u0131\u011f\u0131nmac\u0131lara s\u0131n\u0131r kap\u0131lar\u0131n\u0131 kapatmay\u0131n&#8221; mesaj\u0131 veren Jolie, ba\u015fkentte \u0130\u00e7i\u015fleri Bakan\u0131 \u0130dris Naim \u015eahin, Ba\u015fbakan Yard\u0131mc\u0131 Be\u015fir Atalay ile bir araya geldi. Bu g\u00f6r\u00fc\u015fmelerde g\u00f6\u00e7 konusu ve s\u0131\u011f\u0131nma yasalar\u0131n\u0131n ele al\u0131nd\u0131\u011f\u0131 \u00f6\u011frenildi.<\/p>\n<p style=\"text-align: justify;\"><strong>SEV\u0130N\u00c7 G\u00d6STERME Y\u00d6NTEM\u0130 OLARAK \u2018TAKLA AT\u2019 DEM\u0130\u015eT\u0130<\/strong><\/p>\n<p style=\"text-align: justify;\">\u0130dris Naim \u015eahin, 5 i\u015f\u00e7inin bo\u011fularak hayat\u0131n\u0131 kaybetti\u011fi Erzurum A\u015fkale&#8217;de incelemelerde bulundu\u011fu s\u0131rada, 60 ya\u015f\u0131ndaki bir k\u00f6yl\u00fc, &#8220;Geldi\u011finize \u00e7ok sevindim&#8221; demi\u015f \u015eahin\u2019de ya\u015fl\u0131 adama yan\u0131t olarak \u201cNerden bileyim sevindi\u011fini? Hadi bir takla at g\u00f6reyim\u201d demi\u015fti.<\/p>\n<p style=\"text-align: justify;\">Bo\u011fa\u00e7ay\u0131r, sevincini g\u00f6stermek i\u00e7in davul zurna e\u015fli\u011finde oynamaya ba\u015flam\u0131\u015ft\u0131. \u015eahin\u2019de 60 ya\u015f\u0131ndaki adam\u0131n oynamas\u0131n\u0131 alk\u0131\u015flayarak izlemi\u015fti.<\/p>\n<p style=\"text-align: justify;\"><a href=\"http:\/\/www.yurtgazetesi.com.tr\/politika\/idris-naim-sahinin-yeri-dar-olmasaydi-h18925.html\" target=\"_blank\">Kaynak : Yurt Gazetesi<\/a><\/p>\n","protected":false},"excerpt":{"rendered":"<p style=\"text-align: center;\">\n<p style=\"text-align: justify;\">\u0130\u00e7i\u015fleri Bakan\u0131 \u0130dris Naim \u015eahin, BM M\u00fclteciler Y\u00fcksek Komiseri Antonio Guterres, BM M\u00fclteciler Y\u00fcksek Komiserli\u011fi \u00d6zel Temsilcisi Angelina Jolie ve beraberindeki heyeti kabul etti. \u015eahin\u2019in Jolie ile g\u00f6r\u00fc\u015fmesi s\u0131ras\u0131nda \u00e7ok sevin\u00e7li oldu\u011fu g\u00f6r\u00fcld\u00fc. Bulu\u015fma, \u201cYeri dar olmasa sevincinden takla atabilirdi\u201d \u015feklinde yorumland\u0131.<\/p>\n","protected":false},"author":1,"featured_media":0,"comment_status":"open","ping_status":"open","sticky":false,"template":"","format":"standard","meta":{"footnotes":""},"categories":[105],"tags":[],"class_list":["post-55422","post","type-post","status-publish","format-standard","hentry","category-gundem","odd"],"_links":{"self":[{"href":"http:\/\/www.korhanyilmaz.com\/index.php?rest_route=\/wp\/v2\/posts\/55422","targetHints":{"allow":["GET"]}}],"collection":[{"href":"http:\/\/www.korhanyilmaz.com\/index.php?rest_route=\/wp\/v2\/posts"}],"about":[{"href":"http:\/\/www.korhanyilmaz.com\/index.php?rest_route=\/wp\/v2\/types\/post"}],"author":[{"embeddable":true,"href":"http:\/\/www.korhanyilmaz.com\/index.php?rest_route=\/wp\/v2\/users\/1"}],"replies":[{"embeddable":true,"href":"http:\/\/www.korhanyilmaz.com\/index.php?rest_route=%2Fwp%2Fv2%2Fcomments&post=55422"}],"version-history":[{"count":0,"href":"http:\/\/www.korhanyilmaz.com\/index.php?rest_route=\/wp\/v2\/posts\/55422\/revisions"}],"wp:attachment":[{"href":"http:\/\/www.korhanyilmaz.com\/index.php?rest_route=%2Fwp%2Fv2%2Fmedia&parent=55422"}],"wp:term":[{"taxonomy":"category","embeddable":true,"href":"http:\/\/www.korhanyilmaz.com\/index.php?rest_route=%2Fwp%2Fv2%2Fcategories&post=55422"},{"taxonomy":"post_tag","embeddable":true,"href":"http:\/\/www.korhanyilmaz.com\/index.php?rest_route=%2Fwp%2Fv2%2Ftags&post=55422"}],"curies":[{"name":"wp","href":"https:\/\/api.w.org\/{rel}","templated":true}]}}