{"id":55418,"date":"2012-09-14T08:04:30","date_gmt":"2012-09-14T05:04:30","guid":{"rendered":"http:\/\/www.korhanyilmaz.com\/?p=55418"},"modified":"2012-09-15T01:06:47","modified_gmt":"2012-09-14T22:06:47","slug":"sehitlere-lehimli-acilmayan-tabut","status":"publish","type":"post","link":"http:\/\/www.korhanyilmaz.com\/?p=55418","title":{"rendered":"\u015eehitlere lehimli a\u00e7\u0131lmayan tabut"},"content":{"rendered":"<p style=\"text-align: justify;\"><a href=\"http:\/\/www.korhanyilmaz.com\/wp-content\/uploads\/2012\/09\/H764.jpg\"  class=\"lightview\"><img loading=\"lazy\" decoding=\"async\" class=\"aligncenter size-full wp-image-55419\" title=\"\" src=\"http:\/\/www.korhanyilmaz.com\/wp-content\/uploads\/2012\/09\/H764.jpg\" alt=\"\" width=\"390\" height=\"224\" \/><\/a><\/p>\n<p style=\"text-align: justify;\">Afyon&#8217;da \u015fehit olan 25 askerden sadece 19&#8217;unun kimlikleri DNA ile tespit edilebildi. \u015eehitlerin beden b\u00fct\u00fcnl\u00fc\u011f\u00fcn\u00fcn olmamas\u0131 nedeniyle cenazelerin lehimlenerek kapat\u0131lm\u0131\u015f tabut i\u00e7erisinde defnedilmesi d\u00fc\u015f\u00fcn\u00fcl\u00fcyor.<\/p>\n<p style=\"text-align: justify;\">Afyonkarahisar&#8217;da 25 askerin \u015fehit oldu\u011fu patlaman\u0131n \u00fczerinden bir hafta ge\u00e7mesine ra\u011fmen, \u015fehit cenazelerinin kimliklerinin belirlenmesi \u00e7al\u0131\u015fmas\u0131 hala sonu\u00e7land\u0131r\u0131lamad\u0131.\u00a0<!--more--><\/p>\n<p style=\"text-align: justify;\">Habert\u00fcrk gazetesinin haberine g\u00f6re, naa\u015flar\u0131n patlama nedeniyle par\u00e7alanmas\u0131 ve sonras\u0131nda saatler boyunca yang\u0131na maruz kalmas\u0131 nedeniyle kimlik tespiti g\u00fc\u00e7l\u00fckle yap\u0131l\u0131yor. \u015eu ana kadar sadece 19 \u015fehit askerin DNA ile kimlik tespiti yap\u0131labildi.<\/p>\n<p style=\"text-align: justify;\">Patlama sonras\u0131nda deponun 500 metre uza\u011f\u0131na kadar s\u0131\u00e7rayan par\u00e7alar\u0131n Ankara&#8217;ya nakledilmesine \u00f6nceki g\u00fcne kadar devam edildi\u011fi de ortaya \u00e7\u0131kt\u0131. Adli T\u0131p kurumuna ula\u015fan her yeni par\u00e7a i\u00e7in de yeni bir \u00e7al\u0131\u015fma ba\u015flat\u0131ld\u0131.<\/p>\n<p style=\"text-align: justify;\">\u015eehitlerin beden b\u00fct\u00fcnl\u00fc\u011f\u00fcn\u00fcn olmamas\u0131 nedeniyle, cenazelerin lehimlenerek kapat\u0131lm\u0131\u015f tabut i\u00e7erisinde defnedilmesinin d\u00fc\u015f\u00fcn\u00fcld\u00fc\u011f\u00fc \u00f6\u011frenildi.<\/p>\n<p style=\"text-align: justify;\"><a href=\"\u015eehitlerin beden b\u00fct\u00fcnl\u00fc\u011f\u00fcn\u00fcn olmamas\u0131 nedeniyle, cenazelerin lehimlenerek kapat\u0131lm\u0131\u015f tabut i\u00e7erisinde defnedilmesinin d\u00fc\u015f\u00fcn\u00fcld\u00fc\u011f\u00fc \u00f6\u011frenildi.\" target=\"_blank\">Kaynak : NTVMSNBC<\/a><\/p>\n","protected":false},"excerpt":{"rendered":"<p style=\"text-align: justify;\">\n<p style=\"text-align: justify;\">Afyon&#8217;da \u015fehit olan 25 askerden sadece 19&#8217;unun kimlikleri DNA ile tespit edilebildi. \u015eehitlerin beden b\u00fct\u00fcnl\u00fc\u011f\u00fcn\u00fcn olmamas\u0131 nedeniyle cenazelerin lehimlenerek kapat\u0131lm\u0131\u015f tabut i\u00e7erisinde defnedilmesi d\u00fc\u015f\u00fcn\u00fcl\u00fcyor.<\/p>\n<p style=\"text-align: justify;\">Afyonkarahisar&#8217;da 25 askerin \u015fehit oldu\u011fu patlaman\u0131n \u00fczerinden bir hafta ge\u00e7mesine ra\u011fmen, \u015fehit cenazelerinin kimliklerinin belirlenmesi \u00e7al\u0131\u015fmas\u0131 hala sonu\u00e7land\u0131r\u0131lamad\u0131. <\/p>\n","protected":false},"author":1,"featured_media":0,"comment_status":"open","ping_status":"open","sticky":false,"template":"","format":"standard","meta":{"footnotes":""},"categories":[105],"tags":[],"class_list":["post-55418","post","type-post","status-publish","format-standard","hentry","category-gundem","odd"],"_links":{"self":[{"href":"http:\/\/www.korhanyilmaz.com\/index.php?rest_route=\/wp\/v2\/posts\/55418","targetHints":{"allow":["GET"]}}],"collection":[{"href":"http:\/\/www.korhanyilmaz.com\/index.php?rest_route=\/wp\/v2\/posts"}],"about":[{"href":"http:\/\/www.korhanyilmaz.com\/index.php?rest_route=\/wp\/v2\/types\/post"}],"author":[{"embeddable":true,"href":"http:\/\/www.korhanyilmaz.com\/index.php?rest_route=\/wp\/v2\/users\/1"}],"replies":[{"embeddable":true,"href":"http:\/\/www.korhanyilmaz.com\/index.php?rest_route=%2Fwp%2Fv2%2Fcomments&post=55418"}],"version-history":[{"count":0,"href":"http:\/\/www.korhanyilmaz.com\/index.php?rest_route=\/wp\/v2\/posts\/55418\/revisions"}],"wp:attachment":[{"href":"http:\/\/www.korhanyilmaz.com\/index.php?rest_route=%2Fwp%2Fv2%2Fmedia&parent=55418"}],"wp:term":[{"taxonomy":"category","embeddable":true,"href":"http:\/\/www.korhanyilmaz.com\/index.php?rest_route=%2Fwp%2Fv2%2Fcategories&post=55418"},{"taxonomy":"post_tag","embeddable":true,"href":"http:\/\/www.korhanyilmaz.com\/index.php?rest_route=%2Fwp%2Fv2%2Ftags&post=55418"}],"curies":[{"name":"wp","href":"https:\/\/api.w.org\/{rel}","templated":true}]}}