{"id":55415,"date":"2012-09-14T08:12:16","date_gmt":"2012-09-14T05:12:16","guid":{"rendered":"http:\/\/www.korhanyilmaz.com\/?p=55415"},"modified":"2012-09-15T01:03:54","modified_gmt":"2012-09-14T22:03:54","slug":"buyuk-iddia","status":"publish","type":"post","link":"http:\/\/www.korhanyilmaz.com\/?p=55415","title":{"rendered":"B\u00fcy\u00fck iddia"},"content":{"rendered":"<p style=\"text-align: center;\"><a href=\"http:\/\/www.korhanyilmaz.com\/wp-content\/uploads\/2012\/09\/H763.jpg\"  class=\"lightview\"><img loading=\"lazy\" decoding=\"async\" class=\"aligncenter  wp-image-55416\" src=\"http:\/\/www.korhanyilmaz.com\/wp-content\/uploads\/2012\/09\/H763.jpg\" alt=\"\" width=\"396\" height=\"180\" \/><\/a><\/p>\n<p style=\"text-align: justify;\">CHP milletvekili K\u00f6kt\u00fcrk, tart\u0131\u015f\u0131lan mini sivil ordu SADAT\u2019\u0131 kuranlar i\u00e7in, \u2018\u2019Ergenekon, Balyoz ve Poyrazk\u00f6y davalar\u0131nda rol ald\u0131lar m\u0131?\u2019\u2019 diye sordu.<\/p>\n<p style=\"text-align: justify;\">ANKARA &#8211; CHP Zonguldak Milletvekili Ali \u0130hsan K\u00f6kt\u00fcrk, emekli Tu\u011fgeneral Adnan Tanr\u0131verdi ba\u015fkanl\u0131\u011f\u0131nda kurulan \u2018\u2019Sivil mini ordu\u2019\u2019 SADAT personelinin, Ergenekon, Poyrazk\u00f6y ve Balyoz davalar\u0131nda rolleri olup olmad\u0131\u011f\u0131n\u0131 sordu.\u00a0<!--more--><\/p>\n<p style=\"text-align: justify;\">K\u00f6kt\u00fcrk, Ba\u015fbakan Erdo\u011fan taraf\u0131ndan cevapland\u0131r\u0131lmas\u0131 istemiyle TBMM\u2019ye verdi\u011fi \u00f6nergede, \u201cSADAT y\u00f6neticilerinin bir k\u0131sm\u0131n\u0131n Poyrazk\u00f6y kaz\u0131lar\u0131n\u0131n yap\u0131ld\u0131\u011f\u0131 d\u00f6nemde Emniyetle ili\u015fki i\u00e7erisinde olduklar\u0131, Ergenekon, Balyoz gibi davalarda roller \u00fcstlendikleri do\u011frumudur?\u2019\u2019 sorusunu y\u00f6neltti.<\/p>\n<p style=\"text-align: justify;\">K\u00f6kt\u00fcrk \u2018\u2019SADAT kurucular\u0131 ile AKP ya da h\u00fck\u00fcmet yetkilileri aras\u0131nda bir g\u00f6r\u00fc\u015fme yap\u0131lm\u0131\u015f m\u0131d\u0131r? SADAT devletten yard\u0131m, hibe, kredi, yabanc\u0131 \u00fclkelerden de maddi yard\u0131m alm\u0131\u015f m\u0131d\u0131r? Kamuya ait arazi, bina, kamp ve yerle\u015fim yeri var m\u0131d\u0131r? SADAT\u2019\u0131n \u00d6zg\u00fcr Suriye Ordusu militanlar\u0131na arazi ve sokak sava\u015f\u0131 e\u011fitimi verdi\u011fi do\u011fru mudur?\u2019\u2019 sorular\u0131na da cevap istedi.<\/p>\n<p style=\"text-align: justify;\"><strong>TARTI\u015eILAN SADAT<\/strong><\/p>\n<p style=\"text-align: justify;\">T\u00fcrkiye\u2019de bir \u00f6rne\u011fi daha olmayan ve \u2018\u2019Yabanc\u0131 \u00fclke ordular\u0131n\u0131n personeline e\u011fitim vermek amac\u0131yla\u2019\u2019 emekli askerlerin kurdu\u011fu SADAT Savunma ve Dan\u0131\u015fmanl\u0131k \u015eirketi, Psikolojik sava\u015f, SAT ve SAS komandolar\u0131, tank at\u0131\u015f, radar ve f\u00fcze operat\u00f6r\u00fcne kadar, 58 emekli subay\u0131 da dan\u0131\u015fman olarak kadrosuna ald\u0131. Bu isimlerin bir b\u00f6l\u00fcm\u00fc YA\u015e karar\u0131 ile TSK\u2019dan \u00e7\u0131kar\u0131lanlardan olu\u015fuyor.<\/p>\n<p style=\"text-align: justify;\">Milli Savunma Bakanl\u0131\u011f\u0131ndan onay bekleyen ve y\u00f6netim kurulu ba\u015fkanl\u0131\u011f\u0131n\u0131 emekli Tu\u011fgeneral Adnan Tanr\u0131verdi\u2019nin yapt\u0131\u011f\u0131 \u015firkette dan\u0131\u015fman olarak emekli generaller Korkaz Ta\u011fma ve Mehdi Sungur da var. 23 emekli Albay aras\u0131nda ise doktordan, hakime, pilottan m\u00fchendise kadar bir \u00e7ok isim yer al\u0131yor. Gazeteciler Ahmet Varol ile Abdurrahman Dilipak da \u015firketin Ortado\u011fu Dan\u0131\u015fman\u0131 oldular. \u015eirket 643 bin lira sermaye ile kurulmu\u015ftu.<\/p>\n<p style=\"text-align: justify;\"><a href=\"http:\/\/www.gazeteport.com.tr\/haber\/110800\/buyuk-iddia\" target=\"_blank\">Kaynak : GAZETEPORT<\/a><\/p>\n<p style=\"text-align: justify;\">\n","protected":false},"excerpt":{"rendered":"<p style=\"text-align: center;\">\n<p style=\"text-align: justify;\">CHP milletvekili K\u00f6kt\u00fcrk, tart\u0131\u015f\u0131lan mini sivil ordu SADAT\u2019\u0131 kuranlar i\u00e7in, \u2018\u2019Ergenekon, Balyoz ve Poyrazk\u00f6y davalar\u0131nda rol ald\u0131lar m\u0131?\u2019\u2019 diye sordu.<\/p>\n<p style=\"text-align: justify;\">ANKARA &#8211; CHP Zonguldak Milletvekili Ali \u0130hsan K\u00f6kt\u00fcrk, emekli Tu\u011fgeneral Adnan Tanr\u0131verdi ba\u015fkanl\u0131\u011f\u0131nda kurulan \u2018\u2019Sivil mini ordu\u2019\u2019 SADAT personelinin, Ergenekon, Poyrazk\u00f6y ve Balyoz davalar\u0131nda rolleri olup olmad\u0131\u011f\u0131n\u0131 sordu. <\/p>\n","protected":false},"author":1,"featured_media":0,"comment_status":"open","ping_status":"open","sticky":false,"template":"","format":"standard","meta":{"footnotes":""},"categories":[105],"tags":[1187,1182,1186,1184,1185,1183],"class_list":["post-55415","post","type-post","status-publish","format-standard","hentry","category-gundem","tag-abdurrahman-dilipak","tag-adnan-tanriverdi","tag-ahmet-varol","tag-korkaz-tagma","tag-mehdi-sungur","tag-sadat","odd"],"_links":{"self":[{"href":"http:\/\/www.korhanyilmaz.com\/index.php?rest_route=\/wp\/v2\/posts\/55415","targetHints":{"allow":["GET"]}}],"collection":[{"href":"http:\/\/www.korhanyilmaz.com\/index.php?rest_route=\/wp\/v2\/posts"}],"about":[{"href":"http:\/\/www.korhanyilmaz.com\/index.php?rest_route=\/wp\/v2\/types\/post"}],"author":[{"embeddable":true,"href":"http:\/\/www.korhanyilmaz.com\/index.php?rest_route=\/wp\/v2\/users\/1"}],"replies":[{"embeddable":true,"href":"http:\/\/www.korhanyilmaz.com\/index.php?rest_route=%2Fwp%2Fv2%2Fcomments&post=55415"}],"version-history":[{"count":0,"href":"http:\/\/www.korhanyilmaz.com\/index.php?rest_route=\/wp\/v2\/posts\/55415\/revisions"}],"wp:attachment":[{"href":"http:\/\/www.korhanyilmaz.com\/index.php?rest_route=%2Fwp%2Fv2%2Fmedia&parent=55415"}],"wp:term":[{"taxonomy":"category","embeddable":true,"href":"http:\/\/www.korhanyilmaz.com\/index.php?rest_route=%2Fwp%2Fv2%2Fcategories&post=55415"},{"taxonomy":"post_tag","embeddable":true,"href":"http:\/\/www.korhanyilmaz.com\/index.php?rest_route=%2Fwp%2Fv2%2Ftags&post=55415"}],"curies":[{"name":"wp","href":"https:\/\/api.w.org\/{rel}","templated":true}]}}