{"id":55411,"date":"2012-09-14T10:27:30","date_gmt":"2012-09-14T07:27:30","guid":{"rendered":"http:\/\/www.korhanyilmaz.com\/?p=55411"},"modified":"2012-09-15T00:57:12","modified_gmt":"2012-09-14T21:57:12","slug":"basbakandan-muslumanlara-cagri","status":"publish","type":"post","link":"http:\/\/www.korhanyilmaz.com\/?p=55411","title":{"rendered":"Ba\u015fbakan&#8217;dan M\u00fcsl\u00fcmanlara \u00e7a\u011fr\u0131"},"content":{"rendered":"<p style=\"text-align: justify;\"><a href=\"http:\/\/www.korhanyilmaz.com\/wp-content\/uploads\/2012\/09\/H762.jpg\"  class=\"lightview\"><img loading=\"lazy\" decoding=\"async\" class=\"aligncenter size-full wp-image-55412\" title=\"\" src=\"http:\/\/www.korhanyilmaz.com\/wp-content\/uploads\/2012\/09\/H762.jpg\" alt=\"\" width=\"369\" height=\"212\" \/><\/a><\/p>\n<p style=\"text-align: justify;\">Ba\u015fbakan Erdo\u011fan, Hz. Muhammed&#8217;e hakaret i\u00e7eren filme tepki g\u00f6stererek &#8220;D\u00fcnya M\u00fcsl\u00fcmanlar\u0131na bir kez daha hat\u0131rlat\u0131yorum. Bu \u00e7ok ciddi provokasyondur. Bu tahrik kar\u015f\u0131s\u0131nda \u015fiddete ba\u015fvuranlar\u0131n da M\u00fcsl\u00fcmanlara provokasyonu vard\u0131r&#8221; diye konu\u015ftu.<\/p>\n<p style=\"text-align: justify;\">YALTA &#8211; Ba\u015fbakan Recep Tayyip Erdo\u011fan, Ukrayna&#8217;ya ba\u011fl\u0131 K\u0131r\u0131m \u00d6zerk Cumhuriyeti&#8217;nde d\u00fczenlenen Yalta Avrupa Stratejisi Y\u0131ll\u0131k Toplant\u0131s\u0131&#8217;na onur konu\u011fu olarak kat\u0131ld\u0131. Erdo\u011fan, burada yapt\u0131\u011f\u0131 konu\u015fmada, \u0130slam d\u00fcnyas\u0131nda tepki \u00e7eken ve Hz. Muhammed&#8217;e hakaretler i\u00e7eren filme tepki g\u00f6sterdi.\u00a0<!--more--><\/p>\n<p style=\"text-align: justify;\">\u0130slam d\u00fcnyas\u0131na &#8221;sa\u011fduyu&#8221; \u00e7a\u011fr\u0131s\u0131 yapan Erdo\u011fan, &#8221;\u0130slam&#8217;\u0131n y\u00fcce de\u011ferlerine ve Hz. Peygambere hakaret, fikir ve inan\u00e7 h\u00fcrriyeti i\u00e7inde de\u011ferlendirilemez. Dinlere, peygamberlere insanlar\u0131n kutsal de\u011ferlerine y\u00f6nelik hakaretler, fikir ya da ele\u015ftiri h\u00fcrriyeti olarak g\u00f6r\u00fclemez. Hakaret i\u00e7eren yakla\u015f\u0131mlar tam tersine d\u00fc\u015f\u00fcnce, inan\u00e7 ve ele\u015ftiri h\u00fcrriyeti zeminini tahrip etmektir. Bu ayn\u0131 zamanda bir sebep netice ili\u015fkisidir. Bu bak\u0131mdan tahrik olu\u015fturan ak\u0131mlara kar\u015f\u0131 biz y\u00f6neticilerin gerekli tedbirleri de almas\u0131 gerekir&#8221; diye konu\u015ftu.<\/p>\n<p style=\"text-align: justify;\">\u0130slam&#8217;a ve Hz. Muhammed&#8217;e hakaretler i\u00e7eren filmi &#8221;a\u00e7\u0131k\u00e7a provokasyon ve d\u00fc\u015fmanca bir yakla\u015f\u0131m&#8221; olarak nitelendiren Erdo\u011fan, &#8221;Hepimizin bu t\u00fcr yakla\u015f\u0131mlara temel insani de\u011ferler ve d\u00fcnya bar\u0131\u015f\u0131n\u0131 koruma ad\u0131na g\u00fc\u00e7l\u00fc ve kararl\u0131 bir bi\u00e7imde mahkum etmemiz gerekir&#8221; dedi.<\/p>\n<p style=\"text-align: justify;\">Bu tip olaylar kar\u015f\u0131s\u0131nda M\u00fcsl\u00fcmanlar\u0131n ve di\u011fer dinlerin mensuplar\u0131n\u0131n me\u015fru ve bar\u0131\u015f\u00e7\u0131l protesto haklar\u0131n\u0131 kullanmalar\u0131n\u0131 ve kutsal de\u011ferlerini savunmalar\u0131n\u0131 &#8221;hakl\u0131 bir tutum&#8221; olarak g\u00f6rd\u00fc\u011f\u00fcn\u00fc ifade eden Ba\u015fbakan Erdo\u011fan, \u015f\u00f6yle devam etti:<\/p>\n<p style=\"text-align: justify;\">&#8221;Ancak, protesto hakk\u0131 hi\u00e7bir \u015fiddetin, hi\u00e7bir ter\u00f6r eyleminin \u00f6zellikle de masum insanlara zarar vermelerinin gerek\u00e7esi olamaz. Bu ne vicdanidir ne \u0130slamidir. T\u00fcm insanl\u0131\u011fa bar\u0131\u015f ve insanl\u0131k mesaj\u0131 veren \u0130slam, masum insanlara zarar veren ter\u00f6r eylemlerini mahkum etmi\u015ftir. Hi\u00e7 kimse \u0130slam ad\u0131na hareket etti\u011fini s\u00f6yleyerek, son \u00f6rne\u011fini Libya&#8217;da ABD diplomatik misyonuna sald\u0131r\u0131da g\u00f6rd\u00fc\u011f\u00fcm\u00fcz \u015fekilde ter\u00f6r ve \u015fiddet eylemlerini asla me\u015frula\u015ft\u0131ramaz. \u0130slami s\u00f6ylem ve sembolleri istismar ederek bu t\u00fcr eylemlere imza atanlar en b\u00fcy\u00fck zarar\u0131 M\u00fcsl\u00fcmanlara vermektedir. Dolay\u0131s\u0131yla bu filmin arkas\u0131ndaki zihniyet ve organizasyon da \u0130slami sembol ve s\u00f6ylemleri istismar ederek ter\u00f6r eylemlerine imza atanlar da nefretle k\u0131nanmal\u0131d\u0131r.&#8221;<\/p>\n<p style=\"text-align: justify;\"><strong>&#8216;ASLA BU OYUNA GELMEMEL\u0130Y\u0130Z&#8217;<\/strong><\/p>\n<p style=\"text-align: justify;\">T\u00fcm d\u00fcnya M\u00fcsl\u00fcmanlar\u0131na, &#8221;\u0130slam\u0131n de\u011ferlerine ve y\u00fcce peygamberin \u00e7izgisine ibretle, vakarla ve sa\u011fduyuyla sahip \u00e7\u0131kal\u0131m&#8221; \u00e7a\u011fr\u0131s\u0131 yapan Erdo\u011fan, Cuma namaz\u0131 sonras\u0131nda yap\u0131lmas\u0131 muhtemel g\u00f6sterilerle ilgili \u015fu de\u011ferlendirmelerde bulundu:<\/p>\n<p style=\"text-align: justify;\">&#8221;\u00d6zellikle bug\u00fcn m\u00fcbarek cuma g\u00fcn\u00fcd\u00fcr. Bu cuma g\u00fcn\u00fcnde ibadet yap\u0131p bizim y\u00fcce de\u011ferler ad\u0131na topland\u0131\u011f\u0131m\u0131z Cuma namazlar\u0131nda \u015fiddete, ter\u00f6re ve masum insanlar\u0131n zarar g\u00f6rmesine yol a\u00e7acak provokasyonlara kar\u015f\u0131 l\u00fctfen dikkatli olal\u0131m. Medeniyetler ittifak\u0131n\u0131 hayata ge\u00e7irebilmek i\u00e7in bahsetti\u011fim bu de\u011ferlere titizlikle sahip \u00e7\u0131kmal\u0131y\u0131z. Asla bu oyuna gelmemeliyiz. D\u00fcnya M\u00fcsl\u00fcmanlar\u0131na bir kez daha hat\u0131rlat\u0131yorum. Bu \u00e7ok ciddi bir provokasyondur. \u00c7ok ciddi bir tahriktir, bunun kar\u015f\u0131s\u0131nda \u015fiddete ba\u015fvuranlar\u0131n da bilesiniz ki M\u00fcsl\u00fcmanlara bir provokasyonu vard\u0131r ve biz bunu da reddediyoruz. Asla kabul etmiyoruz.&#8221;<\/p>\n<p style=\"text-align: justify;\">Ba\u015fbakan Erdo\u011fan, konu\u015fmas\u0131n\u0131n ard\u0131ndan konuyla ilgili bir soruyu yan\u0131tlarken \u015fu de\u011ferlendirmelerde bulundu:<\/p>\n<p style=\"text-align: justify;\">&#8221;Tunus&#8217;ta ba\u015flayan s\u00fcreci ba\u015far\u0131yla y\u00fcr\u00fcten idareciler oldu\u011fu gibi ba\u015far\u0131y\u0131 hazmedemeyen provoke eden g\u00fc\u00e7ler de var. Tunus&#8217;taki mevcut y\u00f6netim bu t\u00fcr giri\u015fimlerine ba\u015f\u0131ndan itibaren \u00e7ok kesin bir duru\u015f sergiledi ve a\u015f\u0131r\u0131l\u0131klara m\u00fcsaade etmedi. M\u0131s\u0131r&#8217;da \u015fu anda Tahrir&#8217;i k\u00f6r\u00fckleyenler var fakat mevcut Cumhurba\u015fkan\u0131&#8217;n\u0131n duru\u015fu bu noktada \u00e7ok \u00e7ok demokratik ve kesinlikle, &#8216;tepkilerinizi ter\u00f6re y\u00f6nelik \u015fiddet eylemleriyle de\u011fil, d\u00fc\u015f\u00fcncelerinizle koyun&#8217; demekle demokrasi i\u00e7inde bu i\u015fin nas\u0131l y\u00fcr\u00fct\u00fclece\u011fine dair mesajlarla duru\u015fu gayet yerindedir. Fakat Libya&#8217;daki mevcut y\u00f6netim ge\u00e7ici bir y\u00f6netim olmas\u0131 hasebiyle ciddi bo\u015fluklarla bu s\u00fcrecin ayn\u0131 d\u00f6neme rastlamas\u0131 oradaki a\u015f\u0131r\u0131 g\u00fc\u00e7lerin b\u00f6yle bir eylemi yapmas\u0131na zemin haz\u0131rlad\u0131 diye d\u00fc\u015f\u00fcn\u00fcyorum. \u00d6zellikle uluslararas\u0131 ter\u00f6re bir\u00e7ok el\u00e7isini feda etmi\u015f bir \u00fclkeyiz. \u015eu anda da ter\u00f6rle m\u00fccadele eden bir \u00fclkeyiz. D\u00fcnyan\u0131n neresinde olursa olsun, hangi dinin mensubu olursa olsun ortak bir m\u00fccadele platformu olu\u015fturmak suretiyle m\u00fccadele edebiliriz. E\u011fer bu m\u00fccadeleyi birlikte y\u00fcr\u00fctemezsek her zaman de\u011fi\u015fik \u00fclkelerde de\u011fi\u015fik \u00fcz\u00fcnt\u00fcy\u00fc hep birlikte ya\u015fayaca\u011f\u0131z. \u015eu anda \u00f6zellikle de\u011ferli dostum Say\u0131n Obama&#8217;n\u0131n da bu haz\u0131rlanan filmle ilgili ona olumlu bakmas\u0131 gibi bir \u015feyi d\u00fc\u015f\u00fcnm\u00fcyorum. B\u00f6yle bir \u015fey s\u00f6z konusu de\u011fil ama bu filmi haz\u0131rlayan d\u00fc\u015f\u00fcnce maalesef o da tahrik unsuru ta\u015f\u0131yan nitekim bunu da ifade eden bir a\u015f\u0131r\u0131 u\u00e7tur. Bunun da tabii mahkum edilmesi, bunun da cezaland\u0131r\u0131lmas\u0131 gerekir diye d\u00fc\u015f\u00fcn\u00fcyorum. Bu tahrik maalesef bu t\u00fcr neticeleri do\u011furmu\u015ftur ve biz Libya&#8217;daki bu eylemi \u015fiddetle k\u0131n\u0131yoruz, \u015fiddetle kar\u015f\u0131s\u0131nday\u0131z ve bu konuda m\u00fc\u015fterek atmam\u0131z gereken ad\u0131mlar neyse bunlar\u0131 atmaya haz\u0131r oldu\u011fumuzu da zaten taziye mesaj\u0131mda da bildirdim.&#8221;<\/p>\n<p style=\"text-align: justify;\"><a href=\"http:\/\/www.ntvmsnbc.com\/id\/25381971\/\" target=\"_blank\">Kaynak : NTVMSNBC<\/a><\/p>\n","protected":false},"excerpt":{"rendered":"<p style=\"text-align: justify;\">\n<p style=\"text-align: justify;\">Ba\u015fbakan Erdo\u011fan, Hz. Muhammed&#8217;e hakaret i\u00e7eren filme tepki g\u00f6stererek &#8220;D\u00fcnya M\u00fcsl\u00fcmanlar\u0131na bir kez daha hat\u0131rlat\u0131yorum. Bu \u00e7ok ciddi provokasyondur. Bu tahrik kar\u015f\u0131s\u0131nda \u015fiddete ba\u015fvuranlar\u0131n da M\u00fcsl\u00fcmanlara provokasyonu vard\u0131r&#8221; diye konu\u015ftu.<\/p>\n<p style=\"text-align: justify;\">YALTA &#8211; Ba\u015fbakan Recep Tayyip Erdo\u011fan, Ukrayna&#8217;ya ba\u011fl\u0131 K\u0131r\u0131m \u00d6zerk Cumhuriyeti&#8217;nde d\u00fczenlenen Yalta Avrupa Stratejisi Y\u0131ll\u0131k Toplant\u0131s\u0131&#8217;na onur <\/p>\n","protected":false},"author":1,"featured_media":0,"comment_status":"open","ping_status":"open","sticky":false,"template":"","format":"standard","meta":{"footnotes":""},"categories":[105],"tags":[],"class_list":["post-55411","post","type-post","status-publish","format-standard","hentry","category-gundem","odd"],"_links":{"self":[{"href":"http:\/\/www.korhanyilmaz.com\/index.php?rest_route=\/wp\/v2\/posts\/55411","targetHints":{"allow":["GET"]}}],"collection":[{"href":"http:\/\/www.korhanyilmaz.com\/index.php?rest_route=\/wp\/v2\/posts"}],"about":[{"href":"http:\/\/www.korhanyilmaz.com\/index.php?rest_route=\/wp\/v2\/types\/post"}],"author":[{"embeddable":true,"href":"http:\/\/www.korhanyilmaz.com\/index.php?rest_route=\/wp\/v2\/users\/1"}],"replies":[{"embeddable":true,"href":"http:\/\/www.korhanyilmaz.com\/index.php?rest_route=%2Fwp%2Fv2%2Fcomments&post=55411"}],"version-history":[{"count":0,"href":"http:\/\/www.korhanyilmaz.com\/index.php?rest_route=\/wp\/v2\/posts\/55411\/revisions"}],"wp:attachment":[{"href":"http:\/\/www.korhanyilmaz.com\/index.php?rest_route=%2Fwp%2Fv2%2Fmedia&parent=55411"}],"wp:term":[{"taxonomy":"category","embeddable":true,"href":"http:\/\/www.korhanyilmaz.com\/index.php?rest_route=%2Fwp%2Fv2%2Fcategories&post=55411"},{"taxonomy":"post_tag","embeddable":true,"href":"http:\/\/www.korhanyilmaz.com\/index.php?rest_route=%2Fwp%2Fv2%2Ftags&post=55411"}],"curies":[{"name":"wp","href":"https:\/\/api.w.org\/{rel}","templated":true}]}}