{"id":5541,"date":"2009-03-15T13:25:05","date_gmt":"2009-03-15T11:25:05","guid":{"rendered":"http:\/\/www.korhanyilmaz.com\/?p=5541"},"modified":"2009-03-15T13:25:05","modified_gmt":"2009-03-15T11:25:05","slug":"gokcek-vuruldu-derlerse-inanmayin","status":"publish","type":"post","link":"http:\/\/www.korhanyilmaz.com\/?p=5541","title":{"rendered":"&#039;G\u00f6k\u00e7ek vuruldu derlerse inanmay\u0131n&#039;"},"content":{"rendered":"<p style=\"text-align: center;\"><img loading=\"lazy\" decoding=\"async\" class=\"aligncenter size-full wp-image-5542\" title=\"'G\u00f6k\u00e7ek vuruldu derlerse inanmay\u0131n' \" src=\"http:\/\/www.korhanyilmaz.com\/wp-content\/uploads\/2009\/03\/150320091621169191929.jpg\" alt=\"'G\u00f6k\u00e7ek vuruldu derlerse inanmay\u0131n' \" width=\"376\" height=\"240\" \/><\/p>\n<p style=\"text-align: justify;\"><strong>Ankara B\u00fcy\u00fck\u015fehir Belediye Ba\u015fkan\u0131&#8217;ndan uyar\u0131&#8230; <\/strong><\/p>\n<p style=\"text-align: justify;\">\nAnkara B\u00fcy\u00fck\u015fehir Belediye Ba\u015fkan\u0131 Melih G\u00f6k\u00e7ek, &#8216;Kendisine kar\u015f\u0131 olan baz\u0131 gruplar\u0131n se\u00e7imlerden bir g\u00fcn \u00f6nce ortaya &#8216;G\u00f6k\u00e7ek se\u00e7imden \u00e7ekildi&#8217;, &#8216;G\u00f6k\u00e7ek vuruldu&#8217; \u015feklinde iddialar ortaya at\u0131laca\u011f\u0131 istihbarat\u0131n\u0131 ald\u0131klar\u0131n\u0131&#8217; iddia etti.\n<\/p>\n<p style=\"text-align: justify;\">G\u00f6k\u00e7ek, AK Parti Ankara \u0130l Ba\u015fkanl\u0131\u011f\u0131 Se\u00e7im Koordinasyon Merkezi arac\u0131l\u0131\u011f\u0131yla yapt\u0131\u011f\u0131 yaz\u0131l\u0131 a\u00e7\u0131klamada, &#8216;baz\u0131 gruplar\u0131n se\u00e7im s\u00fcrecinde vatanda\u015f\u0131n zihnini buland\u0131rmak i\u00e7in ortaya as\u0131ls\u0131z iddia, dedikodu ve iftira ataca\u011f\u0131n\u0131&#8217; ileri s\u00fcrd\u00fc.<!--more--><\/p>\n<p style=\"text-align: justify;\">Se\u00e7im yasa\u011f\u0131 dolay\u0131s\u0131yla buna cevap vermelerinin m\u00fcmk\u00fcn olmayaca\u011f\u0131n\u0131 ifade eden G\u00f6k\u00e7ek, &#8216;Ankaral\u0131lar\u0131 \u015fimdiden uyar\u0131yorum, bu t\u00fcr as\u0131ls\u0131z ve \u00e7irkin siyaset yapanlara kesinlikle inanmay\u0131n&#8217; g\u00f6r\u00fc\u015f\u00fcn\u00fc dile getirdi.<\/p>\n<p style=\"text-align: justify;\">&#8216;CHP ve MHP&#8217;ye g\u00f6n\u00fcl vermi\u015f baz\u0131 belediye \u00e7al\u0131\u015fanlar\u0131n\u0131n vatanda\u015flara k\u00f6t\u00fc davrand\u0131\u011f\u0131n\u0131, zab\u0131tan\u0131n esnafa yersiz ceza kesti\u011fini ve bunun maliyetinin de kendisine y\u00fcklenmeye \u00e7al\u0131\u015f\u0131ld\u0131\u011f\u0131n\u0131&#8217; \u00f6ne s\u00fcren G\u00f6k\u00e7ek, vatanda\u015flardan, bu t\u00fcr durum yaratan belediye g\u00f6revlilerini kendisine bildirmelerini istedi.<\/p>\n<p style=\"text-align: justify;\">G\u00f6k\u00e7ek, &#8216;balkon ve bina cephelerine as\u0131lmak \u00fczere vatanda\u015flara da\u011f\u0131t\u0131lan poster, afi\u015f ve bayraklar\u0131n, kendisine polis s\u00fcs\u00fc vermi\u015f baz\u0131 ki\u015filer taraf\u0131ndan indirilmeye \u00e7al\u0131\u015f\u0131ld\u0131\u011f\u0131n\u0131&#8217; da ileri s\u00fcrd\u00fc.<\/p>\n<p style=\"text-align: justify;\">Melih G\u00f6k\u00e7ek, &#8216;Kendisine kar\u015f\u0131 olan baz\u0131 gruplar\u0131n se\u00e7imlerden bir g\u00fcn \u00f6nce ortaya &#8216;G\u00f6k\u00e7ek se\u00e7imden \u00e7ekildi&#8217;, &#8216;G\u00f6k\u00e7ek vuruldu&#8217; \u015feklinde iddialar ortaya at\u0131laca\u011f\u0131 istihbarat\u0131n\u0131 ald\u0131klar\u0131n\u0131&#8217; \u00f6ne s\u00fcrd\u00fc.<\/p>\n<p style=\"text-align: justify;\"><span style=\"color: #888888;\">AA<\/span><\/p>\n","protected":false},"excerpt":{"rendered":"<p style=\"text-align: center;\">\n<p style=\"text-align: justify;\">Ankara B\u00fcy\u00fck\u015fehir Belediye Ba\u015fkan\u0131&#8217;ndan uyar\u0131&#8230; <\/p>\n<p style=\"text-align: justify;\"> Ankara B\u00fcy\u00fck\u015fehir Belediye Ba\u015fkan\u0131 Melih G\u00f6k\u00e7ek, &#8216;Kendisine kar\u015f\u0131 olan baz\u0131 gruplar\u0131n se\u00e7imlerden bir g\u00fcn \u00f6nce ortaya &#8216;G\u00f6k\u00e7ek se\u00e7imden \u00e7ekildi&#8217;, &#8216;G\u00f6k\u00e7ek vuruldu&#8217; \u015feklinde iddialar ortaya at\u0131laca\u011f\u0131 istihbarat\u0131n\u0131 ald\u0131klar\u0131n\u0131&#8217; iddia etti. <\/p>\n<p style=\"text-align: justify;\">G\u00f6k\u00e7ek, AK Parti Ankara \u0130l Ba\u015fkanl\u0131\u011f\u0131 Se\u00e7im Koordinasyon Merkezi <\/p>\n","protected":false},"author":1,"featured_media":0,"comment_status":"open","ping_status":"closed","sticky":false,"template":"","format":"standard","meta":{"footnotes":""},"categories":[105],"tags":[],"class_list":["post-5541","post","type-post","status-publish","format-standard","hentry","category-gundem","odd"],"_links":{"self":[{"href":"http:\/\/www.korhanyilmaz.com\/index.php?rest_route=\/wp\/v2\/posts\/5541","targetHints":{"allow":["GET"]}}],"collection":[{"href":"http:\/\/www.korhanyilmaz.com\/index.php?rest_route=\/wp\/v2\/posts"}],"about":[{"href":"http:\/\/www.korhanyilmaz.com\/index.php?rest_route=\/wp\/v2\/types\/post"}],"author":[{"embeddable":true,"href":"http:\/\/www.korhanyilmaz.com\/index.php?rest_route=\/wp\/v2\/users\/1"}],"replies":[{"embeddable":true,"href":"http:\/\/www.korhanyilmaz.com\/index.php?rest_route=%2Fwp%2Fv2%2Fcomments&post=5541"}],"version-history":[{"count":0,"href":"http:\/\/www.korhanyilmaz.com\/index.php?rest_route=\/wp\/v2\/posts\/5541\/revisions"}],"wp:attachment":[{"href":"http:\/\/www.korhanyilmaz.com\/index.php?rest_route=%2Fwp%2Fv2%2Fmedia&parent=5541"}],"wp:term":[{"taxonomy":"category","embeddable":true,"href":"http:\/\/www.korhanyilmaz.com\/index.php?rest_route=%2Fwp%2Fv2%2Fcategories&post=5541"},{"taxonomy":"post_tag","embeddable":true,"href":"http:\/\/www.korhanyilmaz.com\/index.php?rest_route=%2Fwp%2Fv2%2Ftags&post=5541"}],"curies":[{"name":"wp","href":"https:\/\/api.w.org\/{rel}","templated":true}]}}