{"id":55402,"date":"2012-09-14T08:58:43","date_gmt":"2012-09-14T05:58:43","guid":{"rendered":"http:\/\/www.korhanyilmaz.com\/?p=55402"},"modified":"2012-09-15T00:41:16","modified_gmt":"2012-09-14T21:41:16","slug":"erdogan-merak-saiki-ile-patlama-ihtimali-var","status":"publish","type":"post","link":"http:\/\/www.korhanyilmaz.com\/?p=55402","title":{"rendered":"Erdo\u011fan: Merak saiki ile patlama ihtimali var"},"content":{"rendered":"<p style=\"text-align: justify;\"><a href=\"http:\/\/www.korhanyilmaz.com\/wp-content\/uploads\/2012\/09\/H760.jpg\"  class=\"lightview\"><img loading=\"lazy\" decoding=\"async\" class=\"aligncenter size-full wp-image-55403\" title=\"\" src=\"http:\/\/www.korhanyilmaz.com\/wp-content\/uploads\/2012\/09\/H760.jpg\" alt=\"\" width=\"375\" height=\"225\" \/><\/a><\/p>\n<p style=\"text-align: justify;\">Ba\u015fbakan Tayyip Erdo\u011fan Ukrayna\u2019n\u0131n ba\u015fkenti Kiev\u2019de gazetecilere Afyonkarahisar&#8217;da 25 askerin \u015fehit oldu\u011fu patlamayla ilgili a\u00e7\u0131klamalarda bulundu.<\/p>\n<p style=\"text-align: justify;\"><span style=\"text-decoration: underline;\">Erdo\u011fan, \u00f6zetle \u015funlar\u0131 s\u00f6yledi<\/span>:<\/p>\n<p style=\"text-align: justify;\"><strong>Afyonkarahisar\u2019da \u015fahitler \u015fehit\u00a0<\/strong><\/p>\n<p style=\"text-align: justify;\">Burada samimi olarak bildiklerimi, duygular\u0131m\u0131 payla\u015faca\u011f\u0131m. Ama sa\u011fdan soldan duyulanlar\u0131 payla\u015fmayaca\u011f\u0131m. \u00c7\u00fcnk\u00fc bizzat i\u015fin i\u00e7inde olan, ya\u015fayanlar\u0131n s\u00f6yledikleri ile i\u015fin i\u00e7inde olmayanlar\u0131n s\u00f6yledi\u011fi, yazd\u0131\u011f\u0131 birbirinden \u00e7ok farkl\u0131. Bu olayla ilgili olay\u0131n \u015fahidi olarak dinlenebilecek \u015fahit yok. \u015eahitlerin hepsi \u015fehit.\u00a0<!--more--><\/p>\n<p style=\"text-align: justify;\"><strong>Merak saiki ile patlama ihtimali var\u00a0<\/strong><\/p>\n<p style=\"text-align: justify;\">Bana bizzat Genelkurmay Ba\u015fkan\u0131 anlatt\u0131. Orada 3 \u00e7e\u015fit el bombas\u0131 var. Bunlar\u0131n 2\u2019si MKE \u00fcretimi yerli yap\u0131m, di\u011feri Almanya\u2019dan ithal. MKE yap\u0131m\u0131 bombalarda f\u00fcnyeler ve bombalar ayn\u0131 sand\u0131k i\u00e7inde ama ayr\u0131d\u0131r. Almanlar\u0131nki ise f\u00fcnye ile el bombas\u0131 b\u00fct\u00fcnd\u00fcr. Ser\u00e7e parma\u011f\u0131 ile kavran\u0131p, kullan\u0131labiliyor. \u015eimdi burada tahminler d\u00f6nd\u00fcr\u00fcl\u00fcyor. Ya merak saikiyle ele al\u0131nan bir el bombas\u0131n\u0131n patlamas\u0131 ihtimali \u00fczerinde duruyorlar ki, daha \u00e7ok Almanlardan ithal edilenin \u00fczerinde duruluyor. El bombas\u0131n\u0131n patlamas\u0131yla s\u00fcreklilik arz eden patlamalar meydana geliyor. Genelkurmay Ba\u015fkan\u0131m\u0131z ve arkada\u015flar\u0131n\u0131n deneyimleri ve teknik ekipleriyle vard\u0131klar\u0131 nokta bu.<\/p>\n<p style=\"text-align: justify;\"><strong>Gece \u00e7al\u0131\u015fmamalar\u0131 gerekiyordu\u00a0<\/strong><\/p>\n<p style=\"text-align: justify;\">K\u00fc\u00e7\u00fck depolar\u0131n b\u00fcy\u00fck depolarda toplanmas\u0131 I\u015f\u0131k Ko\u015faner Pa\u015fa zaman\u0131nda ba\u015flad\u0131. Susurluk buraya ta\u015f\u0131n\u0131yor. Asl\u0131nda gece \u00e7al\u0131\u015fmak yasak. Ama buna ra\u011fmen orada az kalm\u0131\u015f, sand\u0131klar\u0131 bitirelim, istifleyelim saikiyle \u00e7al\u0131\u015fma s\u00fcr\u00fcyor. Oraya getirilen kamyon farlar\u0131 alt\u0131nda \u00e7al\u0131\u015fma onu g\u00f6steriyor. Asl\u0131nda gece \u00e7al\u0131\u015fmamalar\u0131 gerekiyordu.<\/p>\n<p style=\"text-align: justify;\"><strong>Y\u0131pratma kampanyas\u0131 s\u00fcr\u00fcp duruyor\u00a0<\/strong><\/p>\n<p style=\"text-align: justify;\">\u015eu anda 4 askeri personel farkl\u0131 yerlere tayin edildi. Baz\u0131 k\u00f6\u015fe yazarlar\u0131 diyor ki, bunlar niye a\u00e7\u0131\u011fa al\u0131nmad\u0131. TSK\u2019da personelin a\u00e7\u0131\u011fa al\u0131nmas\u0131 diye bir \u015fey yoktur. Bu t\u00fcr atamalarla yer de\u011fi\u015ftirilir. Nereye kadar? Askeri yarg\u0131 karar\u0131n\u0131 verene kadar. Zaten Genelkurmay Ba\u015fkan\u0131m\u0131z a\u00e7\u0131klamas\u0131n\u0131 yapt\u0131, sivil idare yapt\u0131. Ama bak\u0131yorsunuz ki, y\u0131pratma kampanyas\u0131 s\u00fcr\u00fcyor. Anamuhalefet Lideri, \u2018En \u00fcst d\u00fczey generallerle g\u00f6r\u00fc\u015ft\u00fcm y\u00fczde 99 sabotaj\u2019 diyor. \u00c7ok ciddi sululuktur, gayri ciddiliktir.<\/p>\n<p style=\"text-align: justify;\"><a href=\"http:\/\/www.hurriyet.com.tr\/gundem\/21461013.asp\" target=\"_blank\">Kaynak : H\u00fcrriyet.com.tr<\/a><\/p>\n","protected":false},"excerpt":{"rendered":"<p style=\"text-align: justify;\">\n<p style=\"text-align: justify;\">Ba\u015fbakan Tayyip Erdo\u011fan Ukrayna\u2019n\u0131n ba\u015fkenti Kiev\u2019de gazetecilere Afyonkarahisar&#8217;da 25 askerin \u015fehit oldu\u011fu patlamayla ilgili a\u00e7\u0131klamalarda bulundu.<\/p>\n<p style=\"text-align: justify;\">Erdo\u011fan, \u00f6zetle \u015funlar\u0131 s\u00f6yledi:<\/p>\n<p style=\"text-align: justify;\">Afyonkarahisar\u2019da \u015fahitler \u015fehit <\/p>\n<p style=\"text-align: justify;\">Burada samimi olarak bildiklerimi, duygular\u0131m\u0131 payla\u015faca\u011f\u0131m. Ama sa\u011fdan soldan duyulanlar\u0131 payla\u015fmayaca\u011f\u0131m. \u00c7\u00fcnk\u00fc bizzat i\u015fin i\u00e7inde olan, ya\u015fayanlar\u0131n s\u00f6yledikleri ile i\u015fin <\/p>\n","protected":false},"author":1,"featured_media":0,"comment_status":"open","ping_status":"open","sticky":false,"template":"","format":"standard","meta":{"footnotes":""},"categories":[105],"tags":[],"class_list":["post-55402","post","type-post","status-publish","format-standard","hentry","category-gundem","odd"],"_links":{"self":[{"href":"http:\/\/www.korhanyilmaz.com\/index.php?rest_route=\/wp\/v2\/posts\/55402","targetHints":{"allow":["GET"]}}],"collection":[{"href":"http:\/\/www.korhanyilmaz.com\/index.php?rest_route=\/wp\/v2\/posts"}],"about":[{"href":"http:\/\/www.korhanyilmaz.com\/index.php?rest_route=\/wp\/v2\/types\/post"}],"author":[{"embeddable":true,"href":"http:\/\/www.korhanyilmaz.com\/index.php?rest_route=\/wp\/v2\/users\/1"}],"replies":[{"embeddable":true,"href":"http:\/\/www.korhanyilmaz.com\/index.php?rest_route=%2Fwp%2Fv2%2Fcomments&post=55402"}],"version-history":[{"count":0,"href":"http:\/\/www.korhanyilmaz.com\/index.php?rest_route=\/wp\/v2\/posts\/55402\/revisions"}],"wp:attachment":[{"href":"http:\/\/www.korhanyilmaz.com\/index.php?rest_route=%2Fwp%2Fv2%2Fmedia&parent=55402"}],"wp:term":[{"taxonomy":"category","embeddable":true,"href":"http:\/\/www.korhanyilmaz.com\/index.php?rest_route=%2Fwp%2Fv2%2Fcategories&post=55402"},{"taxonomy":"post_tag","embeddable":true,"href":"http:\/\/www.korhanyilmaz.com\/index.php?rest_route=%2Fwp%2Fv2%2Ftags&post=55402"}],"curies":[{"name":"wp","href":"https:\/\/api.w.org\/{rel}","templated":true}]}}