{"id":55386,"date":"2012-09-14T08:32:44","date_gmt":"2012-09-14T05:32:44","guid":{"rendered":"http:\/\/www.korhanyilmaz.com\/?p=55386"},"modified":"2012-09-15T00:13:25","modified_gmt":"2012-09-14T21:13:25","slug":"ileride-bunlari-yazacagim","status":"publish","type":"post","link":"http:\/\/www.korhanyilmaz.com\/?p=55386","title":{"rendered":"\u0130leride bunlar\u0131 yazaca\u011f\u0131m"},"content":{"rendered":"<p style=\"text-align: center;\"><a href=\"http:\/\/www.korhanyilmaz.com\/wp-content\/uploads\/2012\/09\/H755.jpg\"  class=\"lightview\"><img loading=\"lazy\" decoding=\"async\" class=\"aligncenter  wp-image-55387\" src=\"http:\/\/www.korhanyilmaz.com\/wp-content\/uploads\/2012\/09\/H755.jpg\" alt=\"\" width=\"396\" height=\"180\" \/><\/a><\/p>\n<p style=\"text-align: justify;\">Ba\u015fbakan Tayyip Erdo\u011fan Ukrayna\u2019n\u0131n ba\u015fkenti Kiev\u2019de sorular\u0131 yan\u0131tlarken ter\u00f6ristlerle kucakla\u015fan BDP\u2019lilere y\u00fcklendi: Arkada\u015flar bu parlamento yol ge\u00e7en han\u0131 de\u011fil. Ya Kandil\u2019e ya Meclis\u2019e gideceksin. Bunlar\u0131n sine-i milletleri var m\u0131? Bunlar sine-i PKK\u2019ya d\u00f6nerler. Erdo\u011fan &#8220;\u015eu anda s\u00f6yleyebileceklerim var, s\u00f6yleyemeyeceklerim var&#8221; diyerek ileride bunlar\u0131 yazaca\u011f\u0131n\u0131 s\u00f6yledi.\u00a0<!--more--><\/p>\n<p style=\"text-align: justify;\">Ba\u015fbakan Tayyip Erdo\u011fan, Afyonkarahisar\u2019daki m\u00fchimmat deposundaki patlamayla ilgili \u201cY\u00fczde 99 sabotaj\u201d diyen CHP Genel Ba\u015fkan\u0131 K\u0131l\u0131\u00e7daro\u011flu\u2019na \u201c\u00c7ok ciddi sululuktur, gayriciddiliktir\u201d dedi. H\u00fcrriyet&#8217;ten Metehan Demir&#8217;in haberine g\u00f6re Erdo\u011fan, Ukrayna\u2019n\u0131n ba\u015fkenti Kiev\u2019de gazetecilerin g\u00fcndeme ili\u015fkin sorular\u0131n\u0131 yan\u0131tlayarak, \u00f6zetle \u015funlar\u0131 s\u00f6yledi:<\/p>\n<p style=\"text-align: justify;\"><strong>AFYONKARAH\u0130SAR&#8217;DA \u015eEH\u0130T<\/strong><\/p>\n<p style=\"text-align: justify;\">Burada samimi olarak bildiklerimi, duygular\u0131m\u0131 payla\u015faca\u011f\u0131m. Ama sa\u011fdan soldan duyulanlar\u0131 payla\u015fmayaca\u011f\u0131m. \u00c7\u00fcnk\u00fc bizzat i\u015fin i\u00e7inde olan, ya\u015fayanlar\u0131n s\u00f6yledikleri ile i\u015fin i\u00e7inde olmayanlar\u0131n s\u00f6yledi\u011fi, yazd\u0131\u011f\u0131 birbirinden \u00e7ok farkl\u0131. Bu olayla ilgili olay\u0131n \u015fahidi olarak dinlenebilecek \u015fahit yok. \u015eahitlerin hepsi \u015fehit.<\/p>\n<p style=\"text-align: justify;\"><strong>MERAK SA\u0130K\u0130<\/strong><\/p>\n<p style=\"text-align: justify;\">Bana bizzat Genelkurmay Ba\u015fkan\u0131 anlatt\u0131. Orada 3 \u00e7e\u015fit el bombas\u0131 var. Bunlar\u0131n 2\u2019si MKE \u00fcretimi yerli yap\u0131m, di\u011feri Almanya\u2019dan ithal. MKE yap\u0131m\u0131 bombalarda f\u00fcnyeler ve bombalar ayn\u0131 sand\u0131k i\u00e7inde ama ayr\u0131d\u0131r. Almanlar\u0131nki ise f\u00fcnye ile el bombas\u0131 b\u00fct\u00fcnd\u00fcr. Ser\u00e7e parma\u011f\u0131 ile kavran\u0131p, kullan\u0131labiliyor. \u015eimdi burada tahminler d\u00f6nd\u00fcr\u00fcl\u00fcyor. Ya merak saikiyle ele al\u0131nan bir el bombas\u0131n\u0131n patlamas\u0131 ihtimali \u00fczerinde duruyorlar ki, daha \u00e7ok Almanlardan ithal edilenin \u00fczerinde duruluyor. El bombas\u0131n\u0131n patlamas\u0131yla s\u00fcreklilik arz eden patlamalar meydana geliyor. Genelkurmay Ba\u015fkan\u0131m\u0131z ve arkada\u015flar\u0131n\u0131n deneyimleri ve teknik ekipleriyle vard\u0131klar\u0131 nokta bu.<\/p>\n<p style=\"text-align: justify;\"><strong>YIPRATMA KAMPANYASI S\u00dcR\u00dcYOR<\/strong><\/p>\n<p style=\"text-align: justify;\">\u015eu anda 4 askeri personel farkl\u0131 yerlere tayin edildi. Baz\u0131 k\u00f6\u015fe yazarlar\u0131 diyor ki, bunlar niye a\u00e7\u0131\u011fa al\u0131nmad\u0131. TSK\u2019da personelin a\u00e7\u0131\u011fa al\u0131nmas\u0131 diye bir \u015fey yoktur. Bu t\u00fcr atamalarla yer de\u011fi\u015ftirilir. Nereye kadar? Askeri yarg\u0131 karar\u0131n\u0131 verene kadar. Zaten Genelkurmay Ba\u015fkan\u0131m\u0131z a\u00e7\u0131klamas\u0131n\u0131 yapt\u0131, sivil idare yapt\u0131. Ama bak\u0131yorsunuz ki, y\u0131pratma kampanyas\u0131 s\u00fcr\u00fcyor. Anamuhalefet Lideri, \u2018En \u00fcst d\u00fczey generallerle g\u00f6r\u00fc\u015ft\u00fcm y\u00fczde 99 sabotaj\u2019 diyor. \u00c7ok ciddi sululuktur, gayri ciddiliktir.<\/p>\n<p style=\"text-align: justify;\"><strong>A\u00c7IKLAMAZSAN M\u00dcNFER\u0130TS\u0130N<\/strong><\/p>\n<p style=\"text-align: justify;\">Silahl\u0131 Kuvvetlerimizin 2\u2019nci Ba\u015fkan\u0131 kendisini ar\u0131yor. Sabotaj kanaatine nereden vard\u0131n\u0131z, size bu bilgiyi veren kim diyor? Ben b\u00f6yle bir a\u00e7\u0131klama yapmad\u0131m diyor. B\u00f6yle bir a\u00e7\u0131klama yapmad\u0131ysan\u0131z, kamuoyu ile payla\u015f\u0131n diyor. Allah a\u015fk\u0131na \u015fu anda CHP Genel Ba\u015fkan\u0131 b\u00f6yle bir \u015fey payla\u015ft\u0131 m\u0131? Utanmadan bas\u0131n toplant\u0131s\u0131 yapt\u0131. Bana ve Silahl\u0131 Kuvvetler\u2019e sald\u0131rd\u0131. \u0130kili g\u00f6r\u00fc\u015fmede kendisi savunamaz. Zannedersiniz ki, iyi bir insan. Ama arkas\u0131n\u0131 d\u00f6n\u00fcnce her t\u00fcrl\u00fc yalan\u0131, yanl\u0131\u015f\u0131 yapar. \u015eu anda en \u00fcst d\u00fczey general kim, muvazzaf kim? A\u00e7\u0131klamazsan m\u00fcfterisin. Bu \u00fclkede h\u00fck\u00fcmet varsa, TSK\u2019ya yap\u0131lan hakaret varsa, yalan yanl\u0131\u015f haberin takip\u00e7isiyiz. Bir \u015fey varsa onun m\u00fccadelesini de biz verece\u011fiz. Biz kalk\u0131p TSK kendini savunsun diyemeyiz. Biz yarg\u0131 hakk\u0131m\u0131z\u0131 sakl\u0131 tutuyoruz.<\/p>\n<p style=\"text-align: justify;\"><strong>\u00dcSTLENSELER DE ALDANMAMAK LAZIM<\/strong><\/p>\n<p style=\"text-align: justify;\">(Ter\u00f6r \u00f6rg\u00fct\u00fcn\u00fcn \u00fcstlenmesi bilgisi var m\u0131?) \u015eu anda yok. Ama bunu f\u0131rsata \u00e7evirmek isteyen ter\u00f6r \u00f6rg\u00fctleri olabilir. Velev ki \u00fcstlenseler dahi ona da aldanmamak gerekir. Benim 10 y\u0131ll\u0131k Ba\u015fbakanl\u0131\u011f\u0131m d\u00f6neminin yar\u0131s\u0131nda Genelkurmay Ba\u015fkan\u0131m\u0131z\u0131 tan\u0131ma f\u0131rsat\u0131m oldu. Pek ironiyi seven bir insan de\u011fildir. \u2018Her \u015fey ortada\u2019 ifadesini kullanmas\u0131, bu olay\u0131n i\u00e7inde ne var ne yok g\u00f6rmezden gelen bir ifade de\u011fildir. Sadece durum tespitidir. Olay\u0131n oldu\u011fu anda Kara Kuvvetleri Komutan\u0131\u2019n\u0131 g\u00f6nderen Genelkurmay Ba\u015fkan\u0131m\u0131zd\u0131r.<\/p>\n<p style=\"text-align: justify;\"><strong>VEYSEL BEY VE VAL\u0130 YANLI\u015e YAPTI<\/strong><\/p>\n<p style=\"text-align: justify;\">Hindistan, Pakistan benzetmesi eksik, yanl\u0131\u015f olabilir. Ama en ileri \u00fclkede Amerika\u2019da yok mu? Avrupa\u2019da ya\u015fanm\u0131yor mu? Olur bunlar ya\u015fan\u0131r. Veysel Bey (Orman ve Su \u0130\u015fleri Bakan\u0131 Veysel Ero\u011flu) b\u00f6yle demeseydi daha isabetli olurdu. Yanl\u0131\u015ft\u0131r. Vali de iki b\u00fcy\u00fck yanl\u0131\u015f yapt\u0131. Foto\u011fraf karelerini alm\u0131\u015f birde internet sitesine koymu\u015f. Sonra da reklam i\u00e7in dedi. Genelkurmay Ba\u015fkan\u0131m\u0131z\u0131 \u00e7ok \u00fczd\u00fc. Alaturka bir davran\u0131\u015f oldu.<\/p>\n<p style=\"text-align: justify;\"><strong>GECE \u00c7ALI\u015eMAMALARI GEREK\u0130YORDU<\/strong><\/p>\n<p style=\"text-align: justify;\">K\u00fc\u00e7\u00fck depolar\u0131n b\u00fcy\u00fck depolarda toplanmas\u0131 I\u015f\u0131k Ko\u015faner Pa\u015fa zaman\u0131nda ba\u015flad\u0131. Susurluk buraya ta\u015f\u0131n\u0131yor. Asl\u0131nda gece \u00e7al\u0131\u015fmak yasak. Ama buna ra\u011fmen orada az kalm\u0131\u015f, sand\u0131klar\u0131 bitirelim, istifleyelim saikiyle \u00e7al\u0131\u015fma s\u00fcr\u00fcyor. Oraya getirilen kamyon farlar\u0131 alt\u0131nda \u00e7al\u0131\u015fma onu g\u00f6steriyor. Asl\u0131nda gece \u00e7al\u0131\u015fmamalar\u0131 gerekiyordu.<\/p>\n<p style=\"text-align: justify;\"><strong>HASTANEDE DE BOMBALARLAR<\/strong><\/p>\n<p style=\"text-align: justify;\">Ter\u00f6r \u00f6rg\u00fct\u00fcn\u00fcn kafas\u0131ndaki plan \u00e7ok net ve ortadad\u0131r. Bu \u00fclkenin birli\u011fini, b\u00fct\u00fcnl\u00fc\u011f\u00fcn\u00fc, huzurunu bozmakt\u0131r. \u2018\u015e\u00f6yle talebimiz yok b\u00f6yle talebimiz yok\u2019 diyorlar. Yalan. Bunlar\u0131n taleplerinin ne oldu\u011fu belli. B\u00f6lgeye yat\u0131r\u0131m yap\u0131yoruz. \u0130\u015f makinalar\u0131n\u0131 yak\u0131yorlar, m\u00fcteahhitleri tehdit ediyorlar. \u00d6rne\u011fin Hakk\u00e2ri\u2019de 150\u2019\u015fer yatakl\u0131 2 hastane yapt\u0131k. Tehditler y\u00fcz\u00fcnden o g\u00fcn a\u00e7\u0131l\u0131\u015f\u0131 sadece memurlarla ger\u00e7ekle\u015ftirdik. \u0130nan\u0131n bunlar tepki \u00e7ekmeyeceklerini bilseler hastaneleri de bombalarlar.<\/p>\n<p style=\"text-align: justify;\"><strong>\u0130ST\u0130FA OLMASA NECDET PA\u015eA BURADA OLMAZDI<\/strong><\/p>\n<p style=\"text-align: justify;\">(Genelkurmay Ba\u015fkan\u0131 neden hedef al\u0131n\u0131yor?)<\/p>\n<p style=\"text-align: justify;\">Baz\u0131 k\u00f6\u015fe yazarlar\u0131, h\u00fck\u00fcmete yalakal\u0131ktan, kabiliyetinin olmad\u0131\u011f\u0131ndan bahsediyorlar, bunlar \u00e7ok \u00e7ok gayriciddi yakla\u015f\u0131m tarzlar\u0131. I\u015f\u0131k Pa\u015fa (Ko\u015faner) e\u011fer istifa etmemi\u015f olsayd\u0131, bug\u00fcn Necdet Pa\u015fa burada olmayacakt\u0131. Genelkurmay Ba\u015fkanl\u0131\u011f\u0131 i\u00e7in elimizde kalan en k\u0131demli tek isim olarak Necdet Pa\u015fa\u2019y\u0131 getirmemiz gerekti. \u2018Ba\u015fbakan\u2019\u0131n, iktidar partisinin yalakas\u0131d\u0131r\u2019 ifadesini kullanmak hangi dille izah edilebilir? Bunu neye yak\u0131\u015ft\u0131raca\u011f\u0131z? Bu Genelkurmay Ba\u015fkan\u0131m\u0131z\u0131 ve arkada\u015flar\u0131n\u0131 tahrip etmiyor mu?<\/p>\n<p style=\"text-align: justify;\"><strong>KOLAYSA 10 YIL \u00d6NCE YAZSAYDI<\/strong><\/p>\n<p style=\"text-align: justify;\">10 y\u0131l \u00f6nce kolaysa bir k\u00f6\u015fe yazar\u0131 \u00e7\u0131ksa b\u00f6yle bir yaz\u0131 yazsayd\u0131. Yazabiliyor muydu? \u015eimdi yaz\u0131yor. Elini ba\u015f\u0131n\u0131n aras\u0131na al\u0131p \u2018Biz 10 y\u0131l \u00f6nce bunu yazam\u0131yorduk, \u015fimdi nas\u0131l yazar hale gelebildik\u2019 diye sormas\u0131 laz\u0131m. Demokrasi \u015fu bu tamam da demokrasi sadece siyaset\u00e7i i\u00e7in de\u011fil ki. Medyan\u0131n ve herkesin daha hassas olmas\u0131 laz\u0131m.<\/p>\n<p style=\"text-align: justify;\"><strong>EL PEN\u00c7E D\u0130VAN DURANLAR<\/strong><\/p>\n<p style=\"text-align: justify;\">\u015eimdiye kadar kalk\u0131p askere zerre kadar ele\u015ftiri yapamayanlar \u015fimdi niye ba\u015flad\u0131lar? El pen\u00e7e divan duranlar niye ba\u015flad\u0131lar? Bu noktada elimizde \u00e7ok \u015fey var. Dosyalar var. Emir alanlar\u0131, falan ki\u015fiden talimat al\u0131p ba\u015fl\u0131k atanlar\u0131 biliyoruz. Ama bu dosyalar\u0131 a\u00e7mak istemiyoruz. Ele\u015ftirilecek bir \u015fey varsa tabii ki ele\u015ftirilebilir, ama bunu aya\u011fa d\u00fc\u015fecek \u015fekilde yapmamak laz\u0131m. Ben ba\u015f\u0131ndan beri ka\u00e7mas\u0131 m\u00fcmk\u00fcn olmayanlar\u0131n, komuta kademesinin tutuksuz yarg\u0131lanmas\u0131n\u0131 savundum. Belki tutuksuz yarg\u0131lanmalar\u0131 m\u00fcmk\u00fcn olsayd\u0131, yaz\u0131 yazanlar a\u00e7\u0131s\u0131ndan tablo farkl\u0131 olurdu. k\u00f6\u015fe yazarlar\u0131 neye g\u00f6re kaliteyi \u00f6l\u00e7ebiliyor? Ne zamandan beri kalite kontrol memuru oldular?<\/p>\n<p style=\"text-align: justify;\"><strong>BUNLARI \u0130LER\u0130DE KALEME ALACA\u011eIZ<\/strong><\/p>\n<p style=\"text-align: justify;\">Biz T\u00fcrkiye Cumhuriyeti devletini y\u00f6netiyoruz. \u015eu anda s\u00f6yleyebileceklerim var, s\u00f6yleyemeyeceklerim var. Her\u015feyi, her zaman, her yerde s\u00f6yleyemeyiz. Ama Allah izin verirse biz bunlar\u0131 ileride kaleme alaca\u011f\u0131z. Bunlar niye ya\u015fand\u0131? Balyoz\u2019da CD\u2019leri filan biliyorsunuz. Acaba Cumhuriyet y\u00fcr\u00fcy\u00fc\u015fleri niye yap\u0131ld\u0131? Buralardan \u00e7\u0131kan karanl\u0131k tablolar var. Ama ben bildi\u011fimi s\u00f6yleyemem. Araplar\u0131n bir s\u00f6z\u00fc vard\u0131r. S\u0131rr\u0131 \u015f\u00f6yle tarif ederler. \u2018\u0130ki duda\u011f\u0131n aras\u0131ndan \u00e7\u0131kt\u0131 m\u0131 esiri olursun.\u2019 Bizim de baz\u0131 s\u0131rlar\u0131m\u0131z var. Fatih, \u2018Sakal\u0131m bilse sakal\u0131m\u0131 keserim\u2019 demi\u015fti.<\/p>\n<p style=\"text-align: justify;\"><strong>K\u00dcKREMES\u0130N\u0130 B\u0130L\u0130R\u0130Z<\/strong><\/p>\n<p style=\"text-align: justify;\">Bizim d\u00f6nemimizde ne ret ve de inkar politikalar\u0131 var. Ama ac\u0131mas\u0131z hakaret ve ele\u015ftiri bombard\u0131man\u0131 var. Bir de b\u00f6l\u00fcc\u00fc ter\u00f6r \u00f6rg\u00fct\u00fcn\u00fcn dili olan medya var. Bir k\u0131s\u0131m medya diyorum. Bizim halktan ald\u0131\u011f\u0131m\u0131z deste\u011fi \u015f\u0131marma olarak g\u00f6steriyorlar.<\/p>\n<p style=\"text-align: justify;\">Hay\u0131r biz ald\u0131\u011f\u0131m\u0131z k\u00fclt\u00fcr itibariyle m\u00fctevaz\u0131y\u0131z. Ama yeri gelince k\u00fckremesini de biliriz.<\/p>\n<p style=\"text-align: justify;\"><strong>S\u0130NE-\u0130 PKK&#8217;YA D\u00d6NERLER<\/strong><\/p>\n<p style=\"text-align: justify;\">Gidip ter\u00f6ristle kucakla\u015facak, milletin g\u00f6z\u00fcne baka baka foto\u011fraf verecek, bu t\u00fcr densizlikleri yapacak kadar bu \u00fclkeden kopmu\u015flar. Yarg\u0131 g\u00f6revini yapar. Parlamentoya gelince biz de gere\u011fi neyse yapaca\u011f\u0131z. Arkada\u015flar bu parlamento yol ge\u00e7en han\u0131 de\u011fil. Ya demokratik sisteme, haklara, \u00f6zg\u00fcrl\u00fcklere riayet edersin. O zaman siyasetle m\u00fczakereyi yapar\u0131m. Yoksa iki tercihten birini yapacaks\u0131n. Ya Kandil\u2019e ya Meclise gideceksin. Bunlar\u0131n sine-i milletleri var m\u0131? Bunlar sine-i PKK\u2019ya d\u00f6nerler. Milletin sinesinde bunlara yer yok. K\u00fcrt karde\u015flerimi tehdit etmesinler, ald\u0131klar\u0131 oyun yar\u0131s\u0131n\u0131 alamazlar, tehditle al\u0131yorlar.<\/p>\n<p style=\"text-align: justify;\"><strong>U\u00c7AKLA \u0130LG\u0130L\u0130 N\u0130HA\u0130 RAPOR DE\u011e\u0130L<\/strong><\/p>\n<p style=\"text-align: justify;\">29 ana par\u00e7ay\u0131 denizin dibinden \u00e7\u0131kard\u0131k. \u0130lgili laboratuvarlar da incelemeye al\u0131nd\u0131. Bunlarla ilgili en son incelemeyi Adli t\u0131p yapt\u0131. Adli t\u0131p raporunu Silahl\u0131 Kuvvetler\u2019e g\u00f6nderdi. Onlar da Eski\u015fehir\u2019deki Hava Kuvvetleri laboratuvarlar\u0131na g\u00f6nderdi. Eski\u015fehir\u2019deki raporda tamamlans\u0131n, kamuoyuyla paylayaca\u011f\u0131z. Be\u015fir Bey\u2019in s\u00f6yledikleri kesin, nihai rapor de\u011fil. Gelince payla\u015faca\u011f\u0131z.<\/p>\n<p style=\"text-align: justify;\"><strong>TAKIM \u0130SKELET\u0130 DE\u011e\u0130\u015eMEZ<\/strong><\/p>\n<p style=\"text-align: justify;\">Futbol tabiriyle s\u00f6yleyeyim, tak\u0131m\u0131n iskeletini bozmayaca\u011f\u0131m. Baz\u0131lar\u0131 her \u015feyi birbirine kar\u0131\u015ft\u0131r\u0131yor. Partimizin MKYK\u2019s\u0131nda ve il y\u00f6netiminde 3 d\u00f6nem uygulamas\u0131 yoktur. Bu uygulama Genel Ba\u015fkan, il ve il\u00e7e ba\u015fkanlar\u0131 ve milletvekilleri i\u00e7indir. Aradan bir d\u00f6nem ge\u00e7tikten sonra yeniden se\u00e7ilme haklar\u0131 vard\u0131r. Baz\u0131lar\u0131 \u2018Yeni Milat\u2019 diyor. \u2018Yeni Milat\u2019 durumu s\u00f6z konusu de\u011fil. Oturmu\u015f bir y\u00f6netim ekibimiz var. \u00c7o\u011fu i\u015flevlerini yerine getiriyor. Tabii h\u00fccre tazelenmesi de \u00e7ok \u00e7ok yerinde olur.<\/p>\n<p style=\"text-align: justify;\"><a href=\"http:\/\/www.gazeteport.com.tr\/haber\/110809\/ileride-bunlari-yazacagim\" target=\"_blank\">Kaynak : GAZETEPORT<\/a><\/p>\n<p style=\"text-align: justify;\">\n","protected":false},"excerpt":{"rendered":"<p style=\"text-align: center;\">\n<p style=\"text-align: justify;\">Ba\u015fbakan Tayyip Erdo\u011fan Ukrayna\u2019n\u0131n ba\u015fkenti Kiev\u2019de sorular\u0131 yan\u0131tlarken ter\u00f6ristlerle kucakla\u015fan BDP\u2019lilere y\u00fcklendi: Arkada\u015flar bu parlamento yol ge\u00e7en han\u0131 de\u011fil. Ya Kandil\u2019e ya Meclis\u2019e gideceksin. Bunlar\u0131n sine-i milletleri var m\u0131? Bunlar sine-i PKK\u2019ya d\u00f6nerler. Erdo\u011fan &#8220;\u015eu anda s\u00f6yleyebileceklerim var, s\u00f6yleyemeyeceklerim var&#8221; diyerek ileride bunlar\u0131 yazaca\u011f\u0131n\u0131 s\u00f6yledi. <\/p>\n","protected":false},"author":1,"featured_media":0,"comment_status":"open","ping_status":"open","sticky":false,"template":"","format":"standard","meta":{"footnotes":""},"categories":[105],"tags":[],"class_list":["post-55386","post","type-post","status-publish","format-standard","hentry","category-gundem","odd"],"_links":{"self":[{"href":"http:\/\/www.korhanyilmaz.com\/index.php?rest_route=\/wp\/v2\/posts\/55386","targetHints":{"allow":["GET"]}}],"collection":[{"href":"http:\/\/www.korhanyilmaz.com\/index.php?rest_route=\/wp\/v2\/posts"}],"about":[{"href":"http:\/\/www.korhanyilmaz.com\/index.php?rest_route=\/wp\/v2\/types\/post"}],"author":[{"embeddable":true,"href":"http:\/\/www.korhanyilmaz.com\/index.php?rest_route=\/wp\/v2\/users\/1"}],"replies":[{"embeddable":true,"href":"http:\/\/www.korhanyilmaz.com\/index.php?rest_route=%2Fwp%2Fv2%2Fcomments&post=55386"}],"version-history":[{"count":0,"href":"http:\/\/www.korhanyilmaz.com\/index.php?rest_route=\/wp\/v2\/posts\/55386\/revisions"}],"wp:attachment":[{"href":"http:\/\/www.korhanyilmaz.com\/index.php?rest_route=%2Fwp%2Fv2%2Fmedia&parent=55386"}],"wp:term":[{"taxonomy":"category","embeddable":true,"href":"http:\/\/www.korhanyilmaz.com\/index.php?rest_route=%2Fwp%2Fv2%2Fcategories&post=55386"},{"taxonomy":"post_tag","embeddable":true,"href":"http:\/\/www.korhanyilmaz.com\/index.php?rest_route=%2Fwp%2Fv2%2Ftags&post=55386"}],"curies":[{"name":"wp","href":"https:\/\/api.w.org\/{rel}","templated":true}]}}