{"id":55368,"date":"2012-09-13T15:40:22","date_gmt":"2012-09-13T12:40:22","guid":{"rendered":"http:\/\/www.korhanyilmaz.com\/?p=55368"},"modified":"2012-09-14T16:56:38","modified_gmt":"2012-09-14T13:56:38","slug":"adalet-yerini-bulacak","status":"publish","type":"post","link":"http:\/\/www.korhanyilmaz.com\/?p=55368","title":{"rendered":"&#8216;Adalet yerini bulacak&#8217;"},"content":{"rendered":"<p style=\"text-align: justify;\"><a href=\"http:\/\/www.korhanyilmaz.com\/wp-content\/uploads\/2012\/09\/H750.jpg\"  class=\"lightview\"><img loading=\"lazy\" decoding=\"async\" class=\"aligncenter size-full wp-image-55369\" title=\"\" src=\"http:\/\/www.korhanyilmaz.com\/wp-content\/uploads\/2012\/09\/H750.jpg\" alt=\"\" width=\"358\" height=\"215\" \/><\/a><\/p>\n<p style=\"text-align: justify;\">Obama, b\u00fcy\u00fckel\u00e7iyi \u00f6ld\u00fcrenlerin adaletin \u00f6n\u00fcne \u00e7\u0131kar\u0131laca\u011f\u0131 s\u00f6z\u00fcn\u00fc verdi.<\/p>\n<p style=\"text-align: justify;\">ABD Ba\u015fkan\u0131 Barack Obama, \u0130slam diniyle alay eden bir videoya kar\u015f\u0131 ba\u015flat\u0131lan protestolar s\u0131ras\u0131nda \u00fclkesinin Libya b\u00fcy\u00fckel\u00e7isini \u00f6ld\u00fcrenleri adaletin \u00f6n\u00fcne \u00e7\u0131karaca\u011f\u0131na s\u00f6z verdi.<\/p>\n<p style=\"text-align: justify;\">Obama, yine de, Amerikan konsoloslu\u011funa yap\u0131lan sald\u0131r\u0131n\u0131n, \u00fclkesi ve Libya&#8217;n\u0131n yeni h\u00fck\u00fcmeti aras\u0131ndaki ili\u015fkiyi zedelemeyece\u011fini s\u00f6yledi.\u00a0<!--more--><\/p>\n<p style=\"text-align: justify;\">Amerika Birle\u015fik DevletleriKas\u0131m ay\u0131nda yap\u0131lacak se\u00e7imlerde kendisine rakip olan Mitt Romney ise, krizin ele al\u0131n\u0131\u015f bi\u00e7imini ele\u015ftirdi.<\/p>\n<p style=\"text-align: justify;\">ABD B\u00fcy\u00fckel\u00e7isi Christopher Stevens&#8217;\u0131n, protestocular konsoloslu\u011fu bast\u0131ktan sonra duman zehirlenmesinden \u00f6ld\u00fc\u011f\u00fc s\u00f6yleniyor.<\/p>\n<p style=\"text-align: justify;\">Konsoloslu\u011fun ate\u015fe verilmesiyle \u00fc\u00e7 Amerikal\u0131 daha hayat\u0131n\u0131 kaybetmi\u015fti. Arap yetkililerden de gelen do\u011frulanmam\u0131\u015f istihbaratlar ise bask\u0131n\u0131n \u00e7ok daha \u00f6nceden tasarlanm\u0131\u015f olabilece\u011fini iddia ediyor.<\/p>\n<p style=\"text-align: justify;\">Sal\u0131 gecesi ger\u00e7ekle\u015fen sald\u0131r\u0131da roket g\u00fcd\u00fcml\u00fc el bombalar\u0131n\u0131n kullan\u0131ld\u0131\u011f\u0131 s\u00f6yleniyor. \u00c7ar\u015famba sabah\u0131 binan\u0131n etraf\u0131nda yan\u0131p k\u00fcl olan ara\u00e7lar g\u00f6r\u00fclmekteydi.<\/p>\n<p style=\"text-align: justify;\">Amerikal\u0131 yetkililer, Bingazi&#8217;deki di\u011fer Amerikal\u0131 diplomatlar\u0131n kurtar\u0131ld\u0131\u011f\u0131n\u0131; Trablus&#8217;taki b\u00fcy\u00fckel\u00e7ili\u011fin de \u00e7ekirdek kadroya d\u00fc\u015f\u00fcr\u00fcld\u00fc\u011f\u00fcn\u00fc a\u00e7\u0131klad\u0131.<\/p>\n<p style=\"text-align: justify;\">Washington&#8217;da gazetecilere a\u00e7\u0131klama yapan bir savunma yetkilisi, g\u00fcvenli\u011fin tesis edilmesi i\u00e7in Amerikal\u0131 askerlerin Libya&#8217;ya g\u00f6nderildi\u011fini belirtti.<\/p>\n<p style=\"text-align: justify;\">Beyaz Saray&#8217;da gazetecilere yapt\u0131\u011f\u0131 a\u00e7\u0131klamada Ba\u015fkan Obama &#8220;adaletin yerini bulaca\u011f\u0131n\u0131&#8221; s\u00f6yledi. Obama, &#8220;Chris Stevens&#8217;\u0131n kurtarmaya \u00e7al\u0131\u015ft\u0131\u011f\u0131 \u015fehir olan Bingazi&#8217;de \u00f6ld\u00fcr\u00fclm\u00fc\u015f olmas\u0131 \u00e7ok ac\u0131 verici&#8221; dedi.<\/p>\n<p style=\"text-align: justify;\">Bu s\u0131rada Libya&#8217;n\u0131n ge\u00e7ici lideri Muhammed Magarief ise \u00f6l\u00fcmlerden dolay\u0131 Amerika Birle\u015fik Devletleri&#8217;nden \u00f6z\u00fcr diledi.<\/p>\n<p style=\"text-align: justify;\">Libya&#8217;n\u0131n Birle\u015fmi\u015f Milletler b\u00fcy\u00fckel\u00e7i yard\u0131mc\u0131s\u0131 \u0130brahim Daba\u015fi de G\u00fcvenlik Konseyi&#8217;ne yapt\u0131\u011f\u0131 a\u00e7\u0131klamada soru\u015fturma ba\u015flat\u0131ld\u0131\u011f\u0131n\u0131 belirtirken, \u00fclkenin t\u00fcm\u00fcnde kontrol sa\u011flayamam\u0131\u015f olduklar\u0131n\u0131 kabul etti.<\/p>\n<p style=\"text-align: justify;\"><a href=\"http:\/\/haber.gazetevatan.com\/Haber\/480781\/1\/Gundem#.UFM28LLN-Zc\" target=\"_blank\">Kaynak : Vatan Gazetesi<\/a><\/p>\n","protected":false},"excerpt":{"rendered":"<p style=\"text-align: justify;\">\n<p style=\"text-align: justify;\">Obama, b\u00fcy\u00fckel\u00e7iyi \u00f6ld\u00fcrenlerin adaletin \u00f6n\u00fcne \u00e7\u0131kar\u0131laca\u011f\u0131 s\u00f6z\u00fcn\u00fc verdi.<\/p>\n<p style=\"text-align: justify;\">ABD Ba\u015fkan\u0131 Barack Obama, \u0130slam diniyle alay eden bir videoya kar\u015f\u0131 ba\u015flat\u0131lan protestolar s\u0131ras\u0131nda \u00fclkesinin Libya b\u00fcy\u00fckel\u00e7isini \u00f6ld\u00fcrenleri adaletin \u00f6n\u00fcne \u00e7\u0131karaca\u011f\u0131na s\u00f6z verdi.<\/p>\n<p style=\"text-align: justify;\">Obama, yine de, Amerikan konsoloslu\u011funa yap\u0131lan sald\u0131r\u0131n\u0131n, \u00fclkesi ve Libya&#8217;n\u0131n yeni h\u00fck\u00fcmeti aras\u0131ndaki ili\u015fkiyi zedelemeyece\u011fini <\/p>\n","protected":false},"author":1,"featured_media":0,"comment_status":"open","ping_status":"open","sticky":false,"template":"","format":"standard","meta":{"footnotes":""},"categories":[105],"tags":[],"class_list":["post-55368","post","type-post","status-publish","format-standard","hentry","category-gundem","odd"],"_links":{"self":[{"href":"http:\/\/www.korhanyilmaz.com\/index.php?rest_route=\/wp\/v2\/posts\/55368","targetHints":{"allow":["GET"]}}],"collection":[{"href":"http:\/\/www.korhanyilmaz.com\/index.php?rest_route=\/wp\/v2\/posts"}],"about":[{"href":"http:\/\/www.korhanyilmaz.com\/index.php?rest_route=\/wp\/v2\/types\/post"}],"author":[{"embeddable":true,"href":"http:\/\/www.korhanyilmaz.com\/index.php?rest_route=\/wp\/v2\/users\/1"}],"replies":[{"embeddable":true,"href":"http:\/\/www.korhanyilmaz.com\/index.php?rest_route=%2Fwp%2Fv2%2Fcomments&post=55368"}],"version-history":[{"count":0,"href":"http:\/\/www.korhanyilmaz.com\/index.php?rest_route=\/wp\/v2\/posts\/55368\/revisions"}],"wp:attachment":[{"href":"http:\/\/www.korhanyilmaz.com\/index.php?rest_route=%2Fwp%2Fv2%2Fmedia&parent=55368"}],"wp:term":[{"taxonomy":"category","embeddable":true,"href":"http:\/\/www.korhanyilmaz.com\/index.php?rest_route=%2Fwp%2Fv2%2Fcategories&post=55368"},{"taxonomy":"post_tag","embeddable":true,"href":"http:\/\/www.korhanyilmaz.com\/index.php?rest_route=%2Fwp%2Fv2%2Ftags&post=55368"}],"curies":[{"name":"wp","href":"https:\/\/api.w.org\/{rel}","templated":true}]}}