{"id":55364,"date":"2012-09-13T11:49:30","date_gmt":"2012-09-13T08:49:30","guid":{"rendered":"http:\/\/www.korhanyilmaz.com\/?p=55364"},"modified":"2012-09-14T16:53:29","modified_gmt":"2012-09-14T13:53:29","slug":"film-gerginligi-dunyaya-yayiliyor","status":"publish","type":"post","link":"http:\/\/www.korhanyilmaz.com\/?p=55364","title":{"rendered":"Film gerginli\u011fi d\u00fcnyaya yay\u0131l\u0131yor"},"content":{"rendered":"<p style=\"text-align: center;\"><a href=\"http:\/\/www.korhanyilmaz.com\/wp-content\/uploads\/2012\/09\/H749.jpg\"  class=\"lightview\"><img loading=\"lazy\" decoding=\"async\" class=\"aligncenter  wp-image-55365\" src=\"http:\/\/www.korhanyilmaz.com\/wp-content\/uploads\/2012\/09\/H749.jpg\" alt=\"\" width=\"338\" height=\"225\" \/><\/a><\/p>\n<p style=\"text-align: justify;\"><strong>M\u0131s\u0131r ve Libya&#8217;dan sonra bu kez de ABD b\u00fcy\u00fckel\u00e7iliklerine ard\u0131 ard\u0131na sald\u0131r\u0131lar&#8230;\u00a0<\/strong><\/p>\n<p style=\"text-align: justify;\">Hz. Muhammed\u2019i hedef alan filmin M\u00fcsl\u00fcman d\u00fcnyas\u0131nda yaratt\u0131\u011f\u0131 tepki giderek b\u00fcy\u00fcyor. M\u0131s\u0131r\u2019daki el\u00e7ilik bask\u0131n\u0131 ve Libya\u2019da konsolosluk binas\u0131n\u0131n ate\u015fe verilerek ABD el\u00e7isinin \u00f6ld\u00fcr\u00fclmesi sonras\u0131 eylemler d\u00fcn de artarak devam etti. Yemen\u2019deki ABD el\u00e7ili\u011fi de bas\u0131ld\u0131. ABD\u2019yi \u2018cuma korkusu\u2019 sard\u0131.\u00a0<!--more--><\/p>\n<p style=\"text-align: justify;\">ABD\u2019de \u00e7ekilen ve Hz. Muhammed\u2019e y\u00f6nelik hakaretleri Arap\u00e7a altyaz\u0131yla YouTube video payla\u015f\u0131m sitesinde yay\u0131nland\u0131ktan sonra b\u00fcy\u00fck infiale neden olan \u2018Innocence of Muslims\u2019 (M\u00fcsl\u00fcmanlar\u0131n Masumiyeti) isimli filmle ilgili protestolar M\u0131s\u0131r ve Libya\u2019dan sonra Yemen\u2019de de patlak verdi. Ba\u015fkent Sana\u2019da toplanan bir grup ABD B\u00fcy\u00fckel\u00e7ili\u011fi\u2019ne sald\u0131rd\u0131. B\u00fcy\u00fckel\u00e7ili\u011fin bah\u00e7esinden i\u00e7eri girerek, camlar\u0131 k\u0131ran g\u00f6stericiler, el\u00e7ilik binas\u0131na ula\u015famadan Yemen polisinin engellemesiyle kar\u015f\u0131la\u015ft\u0131. G\u00f6stericiler bunun \u00fczerine el\u00e7ili\u011fin d\u0131\u015f duvar\u0131ndaki tabelay\u0131 s\u00f6kt\u00fc ve lastik yakt\u0131. G\u00f6ndere \u00e7ekili ABD bayra\u011f\u0131 da indirilerek yak\u0131ld\u0131. G\u00fcvenlik kul\u00fcbelerinin camlar\u0131n\u0131 k\u0131ran ve otomobilleri yakan g\u00f6stericiler s\u0131k s\u0131k ABD kar\u015f\u0131t\u0131 sloganlar att\u0131. Bir kez daha binaya girmek istediklerinde bu kez Yemen polisi silahlar\u0131na ba\u015fvurdu ve \u00f6nce havaya ard\u0131ndan g\u00f6stericilerin \u00fczerine ate\u015f a\u00e7t\u0131; 1 ki\u015fi hayat\u0131n\u0131 kaybetti, onlarca ki\u015fi de yaraland\u0131. Olay sonras\u0131 el\u00e7ilik binas\u0131nda b\u00fcy\u00fck maddi hasar meydana geldi. El\u00e7ilik personelinin ise eylemden \u00f6nce g\u00fcvenli bir yere g\u00f6t\u00fcr\u00fcld\u00fc\u011f\u00fc a\u00e7\u0131kland\u0131.<\/p>\n<p style=\"text-align: justify;\"><strong>NATO askerleri uyard\u0131\u00a0<\/strong><\/p>\n<p style=\"text-align: justify;\">Eylemler sadece Yemen\u2019le s\u0131n\u0131rl\u0131 kalmad\u0131. Olaylar\u0131n ba\u015flang\u0131\u00e7 noktas\u0131 olan M\u0131s\u0131r\u2019da da protestolar s\u00fcrd\u00fc. G\u00f6stericiler Kahire\u2019deki Amerikan el\u00e7ili\u011fi \u00e7evresindeki ara\u00e7lar\u0131 yak\u0131p slogan att\u0131. Olaylarda 10\u2019dan fazlas\u0131 polis olmak \u00fczere 30 ki\u015fi yaraland\u0131. H\u00fcsn\u00fc M\u00fcbarek rejiminin devrildi\u011fi Tahrir Meydan\u0131\u2019nda toplanan eylemci gruplar, ABD y\u00f6netiminden filme resmi bir k\u0131nama gelinceye kadar yerlerinden ayr\u0131lmayacaklar\u0131n\u0131 duyurdu. \u00c7at\u0131\u015fmalardan dolay\u0131 Tahrir Meydan\u0131 ile \u00e7evresindeki yollarda trafik ak\u0131\u015f\u0131 dururken, ABD\u2019nin Kahire B\u00fcy\u00fckel\u00e7ili\u011fi\u2019nin bulundu\u011fu cadde, dikenli tel ve beton bariyerler ile \u00e7evrilerek trafi\u011fe kapat\u0131ld\u0131. \u0130ran\u2019\u0131n ba\u015fkenti Tahran\u2019da da 500 kadar ki\u015fi toplanarak filmi protesto etti. \u0130ran ile ABD aras\u0131nda diplomatik ili\u015fki olmad\u0131\u011f\u0131 i\u00e7in g\u00f6stericilerin hedefi bu \u00fclkede ABD menfaatlerini kollayan \u0130svi\u00e7re B\u00fcy\u00fckel\u00e7ili\u011fi oldu. Filistin, Tunus gibi \u00fclkelerde de \u2018Amerika\u2019ya \u00f6l\u00fcm\u2019 sloganlar\u0131 at\u0131larak film protesto edildi. Afganistan\u2019daki Taliban \u00f6rg\u00fct\u00fc filmin intikam\u0131n\u0131n al\u0131nmas\u0131 i\u00e7in militanlar\u0131na sald\u0131r\u0131lar\u0131n\u0131 daha da art\u0131rmalar\u0131 \u00e7a\u011fr\u0131s\u0131 yapt\u0131. Bunun \u00fczerine Afganistan\u2019\u0131n ba\u015fkenti Kabil\u2019de a\u00e7\u0131klama yapan Avustralyal\u0131 Tu\u011fgeneral Roger Noble, NATO\u2019nun filmle ilgili muhtemel protesto ve sald\u0131r\u0131lar i\u00e7in ABD \u00f6nc\u00fcl\u00fc\u011f\u00fcndeki uluslararas\u0131 koalisyon g\u00fc\u00e7lerini uyard\u0131\u011f\u0131n\u0131 s\u00f6yledi.<\/p>\n<p style=\"text-align: justify;\"><strong>Google eri\u015fimi engelledi\u00a0<\/strong><\/p>\n<p style=\"text-align: justify;\">Afganistan, Sudan, Bahreyn, Cezayir, Tunus ve M\u0131s\u0131r\u2019dan gelen resmi a\u00e7\u0131klamalarda da filmin a\u00e7\u0131k bir provokasyon oldu\u011funa dikkat \u00e7ekilerek yasaklanmas\u0131 istendi. Afganistan Devlet Ba\u015fkan\u0131 Hamid Karzai, filmin \u201c\u015feytanca bir amel oldu\u011funu\u201d belirterek, \u201c\u0130slam aleminin bu \u015fekilde a\u015fa\u011f\u0131lanmas\u0131 kabul edilemez. \u015eiddetle k\u0131n\u0131yorum\u201d ifadesini kulland\u0131. Filmin yasaklanmas\u0131n\u0131 isteyen Karzai, b\u00f6yle bir filmin yay\u0131nlanmas\u0131n\u0131n d\u00fcnyadaki b\u00fct\u00fcn dinlere sayg\u0131s\u0131zl\u0131k oldu\u011fu ve insanlar aras\u0131nda d\u00fc\u015fmanl\u0131klara sebep olabilece\u011fi uyar\u0131s\u0131nda bulunarak, Hz. Muhammed\u2019e hakaretin t\u00fcm M\u00fcsl\u00fcmanlar\u2019a hakaret oldu\u011funu vurgulad\u0131. Film nedeniyle Afganistan\u2019\u0131n yan\u0131 s\u0131ra M\u0131s\u0131r ve Libya\u2019da s\u00f6z konusu video g\u00f6r\u00fcnt\u00fcs\u00fcne eri\u015fim Google taraf\u0131ndan engellendi. Almanya\u2019n\u0131n ba\u015fkenti Berlin\u2019de Dahlem b\u00f6lgesinde bulunan ABD Konsoloslu\u011fu \u015f\u00fcpheli bir paket nedeniyle bo\u015falt\u0131ld\u0131.<\/p>\n<p style=\"text-align: justify;\"><strong>11 Eyl\u00fcl tesad\u00fcf m\u00fc?\u00a0<\/strong><\/p>\n<p style=\"text-align: justify;\">\u00d6te yandan, ABD\u2019nin Libya B\u00fcy\u00fckel\u00e7isi Christopher Stevens\u2019\u0131n \u00f6l\u00fcm\u00fcyle sonu\u00e7lanan konsolosluk bask\u0131n\u0131n\u0131n daha \u00f6nceden planlanm\u0131\u015f bir eylem olabilece\u011fi ihtimali \u00fczerinde duruldu\u011fu a\u00e7\u0131kland\u0131. \u0130srail istihbarat\u0131na yak\u0131nl\u0131\u011f\u0131yla bilinen Debka sitesi, El Kaide lideri Ayman El Zevahiri\u2019nin bask\u0131n\u0131n 11 Eyl\u00fcl\u2019\u00fcn y\u0131ld\u00f6n\u00fcm\u00fcnde yap\u0131lmas\u0131n\u0131 bizzat emretti\u011fini iddia etti. ABD ba\u015fkanl\u0131k se\u00e7imlerinde Obama\u2019n\u0131n kar\u015f\u0131s\u0131na \u00e7\u0131kacak olan Cumhuriyet\u00e7i aday Mitt Romney ise, \u2018Bu ya\u015fananlar Obama\u2019n\u0131n Ortado\u011fu politikas\u0131n\u0131n sonucu\u2019 a\u00e7\u0131klamas\u0131n\u0131 yaparak mevcut Amerikan y\u00f6netimine y\u00fcklendi.<\/p>\n<p style=\"text-align: justify;\"><strong>\u00d6z\u00fcr dilenene kadar devam\u00a0<\/strong><\/p>\n<p style=\"text-align: justify;\">Y\u00fcz Yahudi i\u015fadam\u0131ndan be\u015f milyon dolar ba\u011f\u0131\u015f toplanarak \u00e7ekildi\u011fi iddia edilen \u201cInnocence of Muslims\u201d fiminin YouTube\u2019da yay\u0131nlanan 13 dakikal\u0131k fragman\u0131nda, Hz. Muhammed kad\u0131n d\u00fc\u015fk\u00fcn\u00fc, M\u00fcsl\u00fcmanlar ise yok yere adam \u00f6ld\u00fcren katiller s\u00fcr\u00fcs\u00fc olarak nitelendiriliyor. M\u00fcsl\u00fcman d\u00fcnyas\u0131nda 2005\u2019teki karikat\u00fcr krizi kadar b\u00fcy\u00fck yank\u0131 uyand\u0131ran film i\u00e7in \u00f6z\u00fcr dilenene kadar g\u00f6sterilerin artarak devam edece\u011fi belirtildi.<\/p>\n<p style=\"text-align: justify;\"><strong>G\u00f6rmez: \u0130zah\u0131 m\u00fcmk\u00fcn de\u011fil\u00a0<\/strong><\/p>\n<p style=\"text-align: justify;\">Diyanet \u0130\u015fleri Ba\u015fkan\u0131 Mehmet G\u00f6rmez, Libya\u2019da ABD B\u00fcy\u00fckel\u00e7isi ile 3 diplomat\u0131n \u00f6ld\u00fcr\u00fclmesiyle ilgili \u201dBu t\u00fcr \u015fiddet olaylar\u0131n\u0131 insani ve \u0130slami referanslarla izah etmek m\u00fcmk\u00fcn de\u011fildir\u201d dedi. G\u00f6rmez, \u201cBu \u015fiddet olaylar\u0131na gerek\u00e7e olarak g\u00f6sterilen film, ne kadar pespaye, ne kadar baya\u011f\u0131, ne kadar provokatif olursa olsun buna kar\u015f\u0131l\u0131k bu t\u00fcr \u015fiddeti, hepimizi yaralayan \u00fcz\u00fcc\u00fc hadiseleri me\u015fru k\u0131lmaz. Ayn\u0131 \u015fekilde tabii ki buna sebep olarak g\u00f6sterilen baya\u011f\u0131, pespaye ve provakatif yap\u0131lar\u0131, operasyonlar\u0131 da ifade \u00f6zg\u00fcrl\u00fc\u011f\u00fc i\u00e7inde de\u011ferlendirmek m\u00fcmk\u00fcn de\u011fildir\u201d diye konu\u015ftu.<\/p>\n<p style=\"text-align: justify;\"><strong>Bir kez daha internet ukalas\u0131 Ortado\u011fu\u2019yu birbirine katt\u0131\u00a0<\/strong><\/p>\n<p style=\"text-align: justify;\">IndependenT gazetesinin deneyimli Ortado\u011fu muhabiri Robert Fisk, \u201cprovokat\u00f6rler politika ve dinin kayna\u015fmad\u0131\u011f\u0131n\u0131n fark\u0131nda\u201d ba\u015fl\u0131kl\u0131 yaz\u0131s\u0131nda \u015fu g\u00f6r\u00fc\u015f\u00fc ortaya koydu:<\/p>\n<p style=\"text-align: justify;\">\u201cBir kere daha bir internet ukalas\u0131 Ortado\u011fu\u2019yu birbirine katt\u0131. Peygamber karikat\u00fcrleri, Kuran\u2019\u0131 ate\u015fe verme giri\u015fimleri, ve sahte bir \u00e7\u00f6l. Bat\u0131l\u0131 Hristiyan fail saklan\u0131rken masum ki\u015filer bo\u011fuluyor. M\u00fcsl\u00fcmanlar da failin yapt\u0131\u011f\u0131na kar\u015f\u0131l\u0131k inan\u0131lmaz bir \u015fekilde \u00f6\u00e7 al\u0131nca, [Bat\u0131l\u0131lar] \u0130slam\u2019\u0131n \u015fiddet dolu bir din oldu\u011fu iddialar\u0131n\u0131n \u2018kan\u0131tland\u0131\u011f\u0131n\u0131\u2019 san\u0131yor. Ortal\u0131\u011f\u0131 biribirine katanlar asl\u0131nda Ortado\u011fu\u2019da politika ve dinin kayna\u015fmad\u0131\u011f\u0131n\u0131n fark\u0131nda. \u00c7\u00fcnk\u00fc burada bu ikisi ayn\u0131 \u015fey. 1,6 milyar M\u00fcsl\u00fcman\u2019\u0131 bilerek k\u0131\u015fk\u0131rtt\u0131\u011f\u0131n\u0131n fark\u0131nda olan ve kendilerinin \u2018Hristiyan papaz\u2019, \u2018karikat\u00fcrist\u2019, \u2018film yap\u0131mc\u0131s\u0131\u2019 ve \u2018yazar\u2019 oldu\u011fu hayaliyle ya\u015fayanlar\u0131n yapt\u0131klar\u0131n\u0131n bedelini Libya\u2019da Chris Stevens, Afganistan\u2019da Birle\u015fmi\u015f Milletler \u00e7al\u0131\u015fanlar\u0131 ve T\u00fcrkiye\u2019de rahipler canlar\u0131yla \u00f6dedi.<\/p>\n<p style=\"text-align: justify;\"><strong>Medeniyetler \u00e7at\u0131\u015fmas\u0131yla y\u0131llarca ba\u011fda\u015ft\u0131r\u0131lacak\u00a0<\/strong><\/p>\n<p style=\"text-align: justify;\">Guardian gazetesi yazar\u0131 Ian Black, Libya\u2019da Amerikal\u0131 b\u00fcy\u00fckel\u00e7i Chris Stevens\u2019\u0131n can\u0131na mal olan sald\u0131r\u0131n\u0131n 11 Eyl\u00fcl\u2019e denk gelmesinin, uzun bir d\u00f6nem boyunca ter\u00f6r sald\u0131r\u0131lar\u0131n\u0131n medeniyetler \u00e7at\u0131\u015fmas\u0131yla ba\u011fda\u015ft\u0131r\u0131lmas\u0131na neden olaca\u011f\u0131n\u0131 belirtti. Rahats\u0131zl\u0131k verecek ger\u00e7eklerle y\u00fczle\u015filmesi gerekti\u011fini kaydeden Black, \u201cKahire ve Bingazi\u2019de olanlar Arap Bahar\u0131\u2019n\u0131n devirdi\u011fi iki rejimin asl\u0131nda \u00fclkede k\u00f6kten dincili\u011fi halktan uzak tuttu\u011funu ortaya koydu. Kaddafi ve M\u00fcbarek diktat\u00f6rler de olsa, Amerikal\u0131 diplomatlar o zamanda ter\u00f6rist sald\u0131r\u0131lara maruz kalm\u0131yordu.<\/p>\n<p style=\"text-align: justify;\">Independent yazar\u0131 Patrick Cockburn ise, \u201cBat\u0131 medyas\u0131 Arap Bahar\u0131 s\u0131ras\u0131nda Kaddafi\u2019nin g\u00fc\u00e7lerini k\u00f6t\u00fc, muhalifleri ise iyi olarak g\u00f6sterdi. Ama ger\u00e7ekler bundan \u00e7ok daha farkl\u0131 ve karma\u015f\u0131k. Muhalifler, s\u00f6ylenenden \u00e7ok daha anar\u015fist ve \u00e7ok daha sald\u0131rgand\u0131. NATO\u2019nun sa\u011flad\u0131\u011f\u0131 hava deste\u011fi olmasayd\u0131 Kaddafi\u2019ye kar\u015f\u0131 birka\u00e7 haftadan fazla direnemezlerdi, ama o devrildi\u011finden beri muhalifler bir grup e\u015fk\u0131yaya d\u00f6nd\u00fc. Libya rejimine kar\u015f\u0131 sava\u015fanlar Amerika veya Bat\u0131 kar\u015f\u0131t\u0131 de\u011fillerdi ama liderlerinin Bat\u0131 yanl\u0131s\u0131 tav\u0131rlar\u0131na muhaliflerdi.<\/p>\n<p style=\"text-align: justify;\"><strong>Erdo\u011fan: \u015eiddetle k\u0131n\u0131yorum\u00a0<\/strong><\/p>\n<p style=\"text-align: justify;\">T\u00fcrkiye-Ukrayna Y\u00fcksek D\u00fczeyli Stratejik Konseyi Toplant\u0131s\u0131 i\u00e7in Kiev\u2019e giden Ba\u015fbakan Recep Tayyip Erdo\u011fan, Hz. Muhammed\u2019e hakaret i\u00e7eren ABD yap\u0131m\u0131 filme kar\u015f\u0131 d\u00fczenlenen protestolarda ABD\u2019nin Libya B\u00fcy\u00fckel\u00e7isi ve 3 el\u00e7ilik g\u00f6revlisinin \u00f6ld\u00fcr\u00fclmesi konusunun \u00e7ok \u00e7ok kayg\u0131 verici oldu\u011funu belirterek, \u201dDiplomatlar\u0131 hedef alan bu t\u00fcr sald\u0131r\u0131lar\u0131, en sert \u015fekilde nefretle k\u0131n\u0131yorum\u201d dedi. Konuyla ilgili taziye mesaj\u0131n\u0131 d\u00fcn ABD Ba\u015fkan\u0131 Barack Obama\u2019ya g\u00f6nderdi\u011fini kaydeden Erdo\u011fan, \u201dAc\u0131lar\u0131n\u0131 payla\u015f\u0131yoruz. T\u00fcrkiye bug\u00fcne kadar d\u00fcnyada b\u00fcy\u00fckel\u00e7ilerini, diplomatlar\u0131n\u0131 ne yaz\u0131k ki ter\u00f6re kurban vermi\u015f bir \u00fclke. O nedenle diplomatlar\u0131 hedef alan bu t\u00fcr sald\u0131r\u0131lar\u0131 en sert \u015fekilde nefretle k\u0131n\u0131yorum. Ter\u00f6r\u00fcn dini, milleti, \u00fclkesi yoktur, ter\u00f6re kar\u015f\u0131 ortak bir m\u00fccadele \u015fartt\u0131r. Bu hadise, Libya\u2019daki demokratik d\u00f6n\u00fc\u015f\u00fcme y\u00f6nelik at\u0131lan ad\u0131mlar\u0131 engellemeyecektir\u201d diye konu\u015ftu.<\/p>\n<p style=\"text-align: justify;\"><a href=\"http:\/\/haber.gazetevatan.com\/film-gerginligi-dunyaya-yayiliyor\/480727\/30\/D%C3%BCnya#.UFM1vbLN-Ze\" target=\"_blank\">Kaynak : VATAN Gazetesi<\/a><\/p>\n","protected":false},"excerpt":{"rendered":"<p style=\"text-align: center;\">\n<p style=\"text-align: justify;\">M\u0131s\u0131r ve Libya&#8217;dan sonra bu kez de ABD b\u00fcy\u00fckel\u00e7iliklerine ard\u0131 ard\u0131na sald\u0131r\u0131lar&#8230; <\/p>\n<p style=\"text-align: justify;\">Hz. Muhammed\u2019i hedef alan filmin M\u00fcsl\u00fcman d\u00fcnyas\u0131nda yaratt\u0131\u011f\u0131 tepki giderek b\u00fcy\u00fcyor. M\u0131s\u0131r\u2019daki el\u00e7ilik bask\u0131n\u0131 ve Libya\u2019da konsolosluk binas\u0131n\u0131n ate\u015fe verilerek ABD el\u00e7isinin \u00f6ld\u00fcr\u00fclmesi sonras\u0131 eylemler d\u00fcn de artarak devam etti. Yemen\u2019deki ABD el\u00e7ili\u011fi de bas\u0131ld\u0131. <\/p>\n","protected":false},"author":1,"featured_media":0,"comment_status":"open","ping_status":"open","sticky":false,"template":"","format":"standard","meta":{"footnotes":""},"categories":[105],"tags":[],"class_list":["post-55364","post","type-post","status-publish","format-standard","hentry","category-gundem","odd"],"_links":{"self":[{"href":"http:\/\/www.korhanyilmaz.com\/index.php?rest_route=\/wp\/v2\/posts\/55364","targetHints":{"allow":["GET"]}}],"collection":[{"href":"http:\/\/www.korhanyilmaz.com\/index.php?rest_route=\/wp\/v2\/posts"}],"about":[{"href":"http:\/\/www.korhanyilmaz.com\/index.php?rest_route=\/wp\/v2\/types\/post"}],"author":[{"embeddable":true,"href":"http:\/\/www.korhanyilmaz.com\/index.php?rest_route=\/wp\/v2\/users\/1"}],"replies":[{"embeddable":true,"href":"http:\/\/www.korhanyilmaz.com\/index.php?rest_route=%2Fwp%2Fv2%2Fcomments&post=55364"}],"version-history":[{"count":0,"href":"http:\/\/www.korhanyilmaz.com\/index.php?rest_route=\/wp\/v2\/posts\/55364\/revisions"}],"wp:attachment":[{"href":"http:\/\/www.korhanyilmaz.com\/index.php?rest_route=%2Fwp%2Fv2%2Fmedia&parent=55364"}],"wp:term":[{"taxonomy":"category","embeddable":true,"href":"http:\/\/www.korhanyilmaz.com\/index.php?rest_route=%2Fwp%2Fv2%2Fcategories&post=55364"},{"taxonomy":"post_tag","embeddable":true,"href":"http:\/\/www.korhanyilmaz.com\/index.php?rest_route=%2Fwp%2Fv2%2Ftags&post=55364"}],"curies":[{"name":"wp","href":"https:\/\/api.w.org\/{rel}","templated":true}]}}