{"id":55360,"date":"2012-09-13T18:12:46","date_gmt":"2012-09-13T15:12:46","guid":{"rendered":"http:\/\/www.korhanyilmaz.com\/?p=55360"},"modified":"2012-09-14T16:45:02","modified_gmt":"2012-09-14T13:45:02","slug":"75-terorist-olduruldu","status":"publish","type":"post","link":"http:\/\/www.korhanyilmaz.com\/?p=55360","title":{"rendered":"75 ter\u00f6rist \u00f6ld\u00fcr\u00fcld\u00fc"},"content":{"rendered":"<p style=\"text-align: justify;\"><a href=\"http:\/\/www.korhanyilmaz.com\/wp-content\/uploads\/2012\/09\/H748.jpg\"  class=\"lightview\"><img loading=\"lazy\" decoding=\"async\" class=\"aligncenter size-full wp-image-55361\" title=\"\" src=\"http:\/\/www.korhanyilmaz.com\/wp-content\/uploads\/2012\/09\/H748.jpg\" alt=\"\" width=\"347\" height=\"208\" \/><\/a><\/p>\n<p style=\"text-align: justify;\"><strong>Valilik a\u00e7\u0131klama yapt\u0131..<\/strong><\/p>\n<p style=\"text-align: justify;\">HAKKAR\u0130 Valili\u011fi\u2019nden yap\u0131lan a\u00e7\u0131klamada, kentte 08-14 Eyl\u00fcl 2012 tarihleri aras\u0131nda b\u00f6l\u00fcc\u00fc ter\u00f6r \u00f6rg\u00fct\u00fcne y\u00f6nelik operasyonlarda 4 askerin \u015fehit oldu\u011fu, 75 ter\u00f6ristin de etkisiz hale getirildi\u011fi bildirildi.\u00a0<!--more--><\/p>\n<p style=\"text-align: justify;\">Valilikten yap\u0131lan a\u00e7\u0131klamada, &#8220;\u015eu ana kadar asker, polis, \u00d6zel Harekat ve ge\u00e7ici k\u00f6y korucular\u0131yla icra edilen operasyonlarda 4 askeri personel \u015fehit olmu\u015f, 75 b\u00f6l\u00fcc\u00fc ter\u00f6r \u00f6rg\u00fct\u00fc mensubu etkisiz hale getirilmi\u015ftir. B\u00f6lgede ter\u00f6r\u00fc \u00f6nleyici faaliyetler devam etmektedir. Aziz \u015fehitlerimize Allah\u2019tan rahmet, yaral\u0131lar\u0131m\u0131za acil \u015fifalar diliyoruz&#8221; denildi. (DHA)<\/p>\n<p style=\"text-align: justify;\"><strong>4000 KOMANDOLU OPERASYON\u00a0<\/strong><\/p>\n<p style=\"text-align: justify;\">7 taburdan olu\u015fan 4 bin komando ve Bordo Bereliler \u015eemdinli\u2019de son y\u0131llar\u0131n en b\u00fcy\u00fck temizlik harekat\u0131na ba\u015flad\u0131. Hakkari\u2019ye giden G.Kurmay Ba\u015fkan\u0131 \u00d6zel, operasyonu bir s\u00fcre izledi.<\/p>\n<p style=\"text-align: justify;\">TSK, Bordo-Bereliler ve 4 bin komando ile, ter\u00f6r \u00f6rg\u00fct\u00fc PKK kontrol\u00fcnde oldu\u011fu iddia edilen Hakkari \u015eemdinli\u2019de b\u00fcy\u00fck bir operasyon ba\u015flatt\u0131. G.Kurmay Ba\u015fkan\u0131 Org. \u00d6zel de b\u00f6lgede operasyonu izledi.<\/p>\n<p style=\"text-align: justify;\">Art arda gelen \u015fehit haberleri ve \u201c\u015eemdinli\u2019de PKK hakimiyeti var\u201d iddialar\u0131 TSK\u2019n\u0131n sabr\u0131n\u0131 ta\u015f\u0131rd\u0131. Genelkurmay Ba\u015fkan\u0131 Orgeneral Necdet \u00d6zel, \u015eemdinli\u2019de devam eden ve 7 taburun kat\u0131ld\u0131\u011f\u0131 b\u00fcy\u00fck \u00e7apl\u0131 operasyonu izledi. \u00d6zel ve komando birliklerinin de kat\u0131ld\u0131\u011f\u0131 operasyona yakla\u015f\u0131k 4 bin askerin kat\u0131ld\u0131\u011f\u0131 \u00f6\u011frenildi. Genelkurmay Ba\u015fkan\u0131 Org. \u00d6zel, Kara Kuvvetleri Komutan\u0131 Org. Hayri K\u0131vr\u0131ko\u011flu ve Hava Kuvvetleri Komutan\u0131 Org. Mehmet Erten ile birlikte d\u00fcn 2. Ordu Komutanl\u0131\u011f\u0131\u2019n\u0131n sorumluluk alan\u0131nda yer alan Hakkari Y\u00fcksekova ve \u015eemdinli\u2019deki askeri birliklerde incelemelerde bulundu. Genelkurmay Ba\u015fkanl\u0131\u011f\u0131\u2019n\u0131n resmi internet sitesinden yap\u0131lan a\u00e7\u0131klamada Org. \u00d6zel\u2019in, \u015eemdinli\u2019de devam eden 7 taburun kat\u0131ld\u0131\u011f\u0131 b\u00fcy\u00fck \u00e7apl\u0131 operasyon hakk\u0131nda bilgi ald\u0131\u011f\u0131 ve bir s\u00fcre operasyonu izledi\u011fi bildirildi.<\/p>\n<p style=\"text-align: justify;\"><strong>\u201cGit, \u00f6l, kal varl\u0131k g\u00f6ster\u201d\u00a0<\/strong><\/p>\n<p style=\"text-align: justify;\">Bir s\u00fcre \u00f6nce \u015eemdinli-\u00c7ukurca aras\u0131ndaki 400 kilometrekarelik b\u00f6lgenin PKK denetiminde oldu\u011fu iddilar\u0131 ortaya at\u0131lm\u0131\u015ft\u0131 ancak bu iddia gerek askeri kaynaklar gerekse h\u00fck\u00fcmet taraf\u0131ndan yalanlanm\u0131\u015ft\u0131. \u015eemdinli\u2019de PKK\u2019n\u0131n strateji de\u011fi\u015ftirdi\u011fini belirten askeri kaynaklar, ter\u00f6ristlere da\u011f kadrosunun, \u2018Git-\u00f6l, kal-varl\u0131k g\u00f6ster\u2019 talimat\u0131 verdi\u011fini Irak\u2019\u0131n kuzeyine ka\u00e7mak isteyen ter\u00f6ristleri \u00f6rg\u00fct\u00fcn infaz etti\u011fini bu nedenle ter\u00f6ristlerin ka\u00e7\u0131p orada infaz edilmektense b\u00f6lgede kalmay\u0131 tercih ettiklerini a\u00e7\u0131klam\u0131\u015ft\u0131.<\/p>\n<p style=\"text-align: justify;\"><strong>B\u00f6lgede 300-500 ter\u00f6rist var\u00a0<\/strong><\/p>\n<p style=\"text-align: justify;\">TSK\u2019n\u0131n geni\u015f kapsaml\u0131 operasyon ba\u015flatt\u0131\u011f\u0131 b\u00f6lgede 300-500 ter\u00f6rist bulunuyor. 4\u2019erli 5\u2019erli gruplar halinde gezen ter\u00f6ristler, ma\u011falarda saklan\u0131yor. Ter\u00f6ristler b\u00f6lgenin her yerinde may\u0131nlama yap\u0131yor. B\u00f6lgede, ya\u015fanan \u00e7at\u0131\u015fma ortam\u0131 nedeniyle 8-10 haneli baz\u0131 k\u00f6yler, k\u00f6yl\u00fclerin kendi iste\u011fiyle bo\u015falt\u0131ld\u0131.<\/p>\n<p style=\"text-align: justify;\"><strong>TSK\u2019n\u0131n en se\u00e7kin timleri kat\u0131l\u0131yor\u00a0<\/strong><\/p>\n<p style=\"text-align: justify;\">\u015eemdinli\u2019de yakla\u015f\u0131k 4 bin askerle s\u00fcrd\u00fcr\u00fclen operasyona TSK\u2019n\u0131n en se\u00e7kin timlerinin kat\u0131ld\u0131\u011f\u0131 \u00f6\u011frenildi. \u0130\u00e7 g\u00fcvenlik harekat\u0131nda, \u00d6zel Kuvvetlere ba\u011fl\u0131 \u201cBordo Bereliler\u201d ve Jandarma \u00d6zel Harekat (J\u00d6H) askerleri de yer al\u0131yor. D\u00fcnyan\u0131n en iyi \u00f6zel kuvvetleri aras\u0131nda yer alan Bordo Bereliler, 3.5 y\u0131ll\u0131k \u00f6zel e\u011fitimle yeti\u015fiyor. 3 ayr\u0131 dalda toplam 47 ders al\u0131yor. J\u00d6H (Jandarma \u00d6zel Harekat) de nokta operasyon timi olarak biliniyor. J\u00d6H timleri, nokta operasyon yapmak \u00fczere e\u011fitim al\u0131yor.<\/p>\n<p style=\"text-align: justify;\"><a href=\"http:\/\/haber.gazetevatan.com\/75-terorist-olduruldu\/480809\/1\/G%C3%BCndem#.UFMz8rLN-Zc\" target=\"_blank\">Kaynak :\u00a0LEVENT \u0130\u00c7GEN \/ VATAN Gazetesi<\/a><\/p>\n","protected":false},"excerpt":{"rendered":"<p style=\"text-align: justify;\">\n<p style=\"text-align: justify;\">Valilik a\u00e7\u0131klama yapt\u0131..<\/p>\n<p style=\"text-align: justify;\">HAKKAR\u0130 Valili\u011fi\u2019nden yap\u0131lan a\u00e7\u0131klamada, kentte 08-14 Eyl\u00fcl 2012 tarihleri aras\u0131nda b\u00f6l\u00fcc\u00fc ter\u00f6r \u00f6rg\u00fct\u00fcne y\u00f6nelik operasyonlarda 4 askerin \u015fehit oldu\u011fu, 75 ter\u00f6ristin de etkisiz hale getirildi\u011fi bildirildi. <\/p>\n","protected":false},"author":1,"featured_media":0,"comment_status":"open","ping_status":"open","sticky":false,"template":"","format":"standard","meta":{"footnotes":""},"categories":[105],"tags":[],"class_list":["post-55360","post","type-post","status-publish","format-standard","hentry","category-gundem","odd"],"_links":{"self":[{"href":"http:\/\/www.korhanyilmaz.com\/index.php?rest_route=\/wp\/v2\/posts\/55360","targetHints":{"allow":["GET"]}}],"collection":[{"href":"http:\/\/www.korhanyilmaz.com\/index.php?rest_route=\/wp\/v2\/posts"}],"about":[{"href":"http:\/\/www.korhanyilmaz.com\/index.php?rest_route=\/wp\/v2\/types\/post"}],"author":[{"embeddable":true,"href":"http:\/\/www.korhanyilmaz.com\/index.php?rest_route=\/wp\/v2\/users\/1"}],"replies":[{"embeddable":true,"href":"http:\/\/www.korhanyilmaz.com\/index.php?rest_route=%2Fwp%2Fv2%2Fcomments&post=55360"}],"version-history":[{"count":0,"href":"http:\/\/www.korhanyilmaz.com\/index.php?rest_route=\/wp\/v2\/posts\/55360\/revisions"}],"wp:attachment":[{"href":"http:\/\/www.korhanyilmaz.com\/index.php?rest_route=%2Fwp%2Fv2%2Fmedia&parent=55360"}],"wp:term":[{"taxonomy":"category","embeddable":true,"href":"http:\/\/www.korhanyilmaz.com\/index.php?rest_route=%2Fwp%2Fv2%2Fcategories&post=55360"},{"taxonomy":"post_tag","embeddable":true,"href":"http:\/\/www.korhanyilmaz.com\/index.php?rest_route=%2Fwp%2Fv2%2Ftags&post=55360"}],"curies":[{"name":"wp","href":"https:\/\/api.w.org\/{rel}","templated":true}]}}