{"id":5536,"date":"2009-03-15T12:25:24","date_gmt":"2009-03-15T10:25:24","guid":{"rendered":"http:\/\/www.korhanyilmaz.com\/?p=5536"},"modified":"2009-03-15T12:25:24","modified_gmt":"2009-03-15T10:25:24","slug":"sapik-ogretmeni-kizi-yakalatti","status":"publish","type":"post","link":"http:\/\/www.korhanyilmaz.com\/?p=5536","title":{"rendered":"Sap\u0131k \u00f6\u011fretmeni k\u0131z\u0131 yakalatt\u0131"},"content":{"rendered":"<p style=\"text-align: center;\"><a href=\"http:\/\/www.korhanyilmaz.com\/wp-content\/uploads\/2009\/03\/150320091221534970028.jpg\"  class=\"lightview\"><img loading=\"lazy\" decoding=\"async\" class=\"aligncenter size-full wp-image-5537\" title=\"Sap\u0131k \u00f6\u011fretmeni k\u0131z\u0131 yakalatt\u0131 \" src=\"http:\/\/www.korhanyilmaz.com\/wp-content\/uploads\/2009\/03\/150320091221534970028.jpg\" alt=\"Sap\u0131k \u00f6\u011fretmeni k\u0131z\u0131 yakalatt\u0131 \" width=\"376\" height=\"240\" \/><\/a><\/p>\n<p style=\"text-align: justify;\"><strong>14 ya\u015f\u0131ndaki k\u0131z \u00f6\u011frencisine 2 y\u0131l boyunca tecav\u00fcz etti<\/strong>.<\/p>\n<p style=\"text-align: justify;\">ANTALYA&#8217;n\u0131n Manavgat \u0130l\u00e7esi&#8217;nde emekli \u00f6\u011fretmen 56 ya\u015f\u0131ndaki Muhsin \u015e., ilk\u00f6\u011fretimde 5 y\u0131l okuttu\u011fu 14 ya\u015f\u0131ndaki k\u0131z \u00f6\u011frencisine &#8216;ders \u00e7al\u0131\u015ft\u0131rma&#8217; bahanesiyle 2 y\u0131l boyunca tecav\u00fcz etti. \u0130lk\u00f6\u011fretim \u00f6\u011frencisi k\u0131z, korktu\u011fu i\u00e7in ba\u015f\u0131na gelenleri kimseye anlatamad\u0131. Emekli \u00f6\u011fretmeni, tecav\u00fcz g\u00f6r\u00fcnt\u00fclerini bulan 18 ya\u015f\u0131ndaki k\u0131z\u0131 polise ihbar etti. Evinde yap\u0131lan aramada, k\u0131zla ili\u015fkilerinin kay\u0131tl\u0131 oldu\u011fu CD&#8217;ler ele ge\u00e7irilen emekli \u00f6\u011fretmen tutukland\u0131. Arkada\u015flar\u0131n\u0131n d\u0131\u015flad\u0131\u011f\u0131 8&#8217;nci s\u0131n\u0131f \u00f6\u011frencisi okuldan al\u0131n\u0131rken, babas\u0131n\u0131 ele veren lise \u00f6\u011frencisi k\u0131z da Manavgat&#8217;\u0131 terk ederek \u0130stanbul&#8217;daki yak\u0131nlar\u0131na s\u0131\u011f\u0131nd\u0131. <!--more--><\/p>\n<p style=\"text-align: justify;\">Manavgat&#8217;taki Toros \u0130lk\u00f6\u011fretim Okulu&#8217;ndan 2 y\u0131l \u00f6nce emekli olan s\u0131n\u0131f \u00f6\u011fretmeni Muhsin \u015e.&#8217;nin, 1&#8217;nci s\u0131n\u0131ftan 5&#8217;nci s\u0131n\u0131fa kadar okuttu\u011fu 14 ya\u015f\u0131ndaki K.S.&#8217;ye 2 y\u0131l boyunca tecav\u00fcz etti\u011fi ortaya \u00e7\u0131kt\u0131. Emekli \u00f6\u011fretmeni, ayn\u0131 okulun lise b\u00f6l\u00fcm\u00fcnde okuyan 18 ya\u015f\u0131ndaki k\u0131z\u0131 C.\u015e.&#8217;in polise yapt\u0131\u011f\u0131 ihbar ele verdi. Babas\u0131n\u0131n K.S. ile ili\u015fkisinin g\u00f6r\u00fcnt\u00fclerini g\u00f6ren C.\u015e., olay\u0131 \u00f6nce annesine anlatt\u0131. Olay\u0131n ortaya \u00e7\u0131kmas\u0131yla \u00e7evredekilerin bask\u0131s\u0131na maruz kalaca\u011f\u0131ndan korkan \u00f6\u011fretmenin e\u015fi H.\u015e., \u00f6\u011fretmenlik atamas\u0131 bekleyen o\u011flu C.\u015e. ile birlikte olay\u0131 gizlemeye karar verdi. Lise \u00f6\u011frencisi C.\u015e. ise babas\u0131n\u0131n tecav\u00fczc\u00fc oldu\u011funu bir hafta gizleyebildi. Vicdan azab\u0131na dayanamayan k\u0131z, polise ihbarda bulundu.<br \/>\n<strong><br \/>\nEV\u0130NDE TECAV\u00dcZ G\u00d6R\u00dcNT\u00dcLER\u0130 BULUNDU<\/strong><\/p>\n<p style=\"text-align: justify;\">\u0130hbar \u00fczerine Antalya Asayi\u015f M\u00fcd\u00fcrl\u00fc\u011f\u00fc Ahlak B\u00fcro Amirli\u011fi ekipleri emekli \u00f6\u011fretmenin Manavgat \u0130l\u00e7esi \u015eelale Mahallesi&#8217;ndeki evine bask\u0131n yapt\u0131. Sabaha kar\u015f\u0131 yap\u0131lan operasyonda 2 \u00e7ocuk babas\u0131 emekli \u00f6\u011fretmen Muhsin \u015e. ve su\u00e7u gizledi\u011fi ifade edilen e\u015fi H.\u015e. g\u00f6zalt\u0131na al\u0131nd\u0131. Polis evde yapt\u0131\u011f\u0131 aramada, emekli olduktan sonra \u00f6\u011frencilere ders verdi\u011fi \u00f6\u011frenilen Muhsin \u015e.&#8217;nin kulland\u0131\u011f\u0131 belirlenen bilgisayar ile 200 CD&#8217;ye el koydu. Polis, bilgisayar\u0131 incelemeye ald\u0131. Polisin ele ge\u00e7irdi\u011fi CD&#8217;lerde \u00f6\u011frencisine tecav\u00fcz etti\u011fi g\u00f6r\u00fcnt\u00fclerin de bulundu\u011fu belirtildi. Pazarc\u0131 e\u015fi H.\u015e. ile birlikte ifadesi al\u0131nan emekli \u00f6\u011fretmen Muhsin \u015e., adliyeye sevk edildi. N\u00f6bet\u00e7i mahkeme, su\u00e7u gizledi\u011fi iddia edilen H.\u015e.&#8217;yi serbest b\u0131rak\u0131rken, tecav\u00fczc\u00fc \u00f6\u011fretmen tutuklan\u0131p cezaevine g\u00f6nderildi.<\/p>\n<p style=\"text-align: justify;\"><strong>&#8216;KAMERAYA \u00c7EK\u0130P TEHD\u0130T ETT\u0130&#8217;<\/strong><\/p>\n<p style=\"text-align: justify;\">Emekli \u00f6\u011fretmenin tehditlerinden korktu\u011fu i\u00e7in tecav\u00fcze boyun e\u011fdi\u011fi belirtilen \u00f6\u011frenci K.S., tecav\u00fcz olay\u0131n\u0131 polise anlatt\u0131. \u00d6\u011fretmeninin &#8216;ders \u00e7al\u0131\u015ft\u0131rma&#8217; bahanesiyle evine g\u00f6t\u00fcrd\u00fc\u011f\u00fcn\u00fc ve kendisine tecav\u00fcz etti\u011fini kaydeden K.S. \u015funlar\u0131 anlatt\u0131:<\/p>\n<p style=\"text-align: justify;\">&#8220;O g\u00fcn tecav\u00fcz olay\u0131n\u0131 kameraya kaydetmi\u015f. G\u00f6r\u00fcnt\u00fcleri bana g\u00f6sterip olay\u0131 kimseye anlatmamam i\u00e7in tehdit etti. \u00c7ok korkuyordum, fakat her istedi\u011finde de istediklerini yapmaya zorluyordu. Korkudan 2 y\u0131l boyunca kimseye bir \u015fey anlatamad\u0131m. Defalarca aileme anlatmay\u0131 d\u00fc\u015f\u00fcnd\u00fcm, yapamad\u0131m, psikolojim bozuldu. Derslerime \u00e7al\u0131\u015famaz oldum.&#8221;<\/p>\n<p style=\"text-align: justify;\">Olay ortaya \u00e7\u0131k\u0131nca arkada\u015flar\u0131 taraf\u0131ndan d\u0131\u015fland\u0131\u011f\u0131n\u0131 s\u00f6yleyen K.S., &#8220;Kimse ne ya\u015fad\u0131\u011f\u0131m\u0131 bilmiyor. Baz\u0131 arkada\u015flar\u0131m beni su\u00e7lad\u0131. Anneleri benimle konu\u015fmalar\u0131n\u0131 istememi\u015f. Yaln\u0131z kal\u0131p, iteklendim. Bu nedenle ailem beni okuldan ald\u0131. Kayd\u0131m\u0131 ba\u015fka bir okula naklettirmek istiyorum&#8221; diye konu\u015ftu.<\/p>\n<p style=\"text-align: justify;\"><strong>BABA: DUYUNCA \u00d6\u011eRETMEN\u0130 \u00d6LD\u00dcRMEY\u0130 D\u00dc\u015e\u00dcND\u00dcM<\/strong><\/p>\n<p style=\"text-align: justify;\">K\u0131z\u0131na 2 y\u0131l boyunca \u00f6\u011fretmeni taraf\u0131ndan tecav\u00fcz edildi\u011fini \u00f6\u011frenince \u015fok ge\u00e7iren otel i\u015f\u00e7isi baba M.S ise, &#8220;Duydu\u011fum anda \u00f6\u011fretmeni \u00f6ld\u00fcrmeyi d\u00fc\u015f\u00fcnd\u00fcm. B\u00f6yle bir insan olamaz. \u00c7ocu\u011fumuzun gelece\u011fini ve kendisini emanet etti\u011fim ki\u015fi, b\u00fct\u00fcn hayallerimizi y\u0131kt\u0131. Adalete g\u00fcveniyorum, \u00f6\u011fretmenin gerekli cezay\u0131 alaca\u011f\u0131ndan eminim. Bu saatten sonra tek derdim k\u0131z\u0131m\u0131n sa\u011fl\u0131\u011f\u0131na kavu\u015fmas\u0131. \u0130\u015fimi b\u0131rakt\u0131m, zaman\u0131m\u0131 k\u0131z\u0131mla ge\u00e7iriyorum&#8221; dedi.<\/p>\n<p style=\"text-align: justify;\">Polis, tutuklanan Muhsin \u015e. ile ilgili soru\u015fturman\u0131n s\u00fcrd\u00fc\u011f\u00fcn\u00fc, ba\u015fka kurbanlar bulunup bulunmad\u0131\u011f\u0131n\u0131n ara\u015ft\u0131r\u0131ld\u0131\u011f\u0131n\u0131 kaydetti.<\/p>\n<p style=\"text-align: justify;\">&#8216;\u0130yiliksever&#8217; g\u00f6r\u00fcnmek i\u00e7in \u00e7evresine k\u00f6m\u00fcr yard\u0131m\u0131 da yapt\u0131\u011f\u0131 belirtilen Muhsin \u015e.&#8217;nin kom\u015fular\u0131 da olay\u0131n \u015fokunu ya\u015f\u0131yor. Olay sonras\u0131 bunal\u0131ma giren \u00f6\u011fretmenin k\u0131z\u0131 C.\u015e. Manavgat&#8217;\u0131 terk ederek, \u0130stanbul&#8217;da bulunan yak\u0131nlar\u0131n\u0131n yan\u0131na gitti.<\/p>\n<p style=\"text-align: justify;\"><span style=\"color: #888888;\">DHA<\/span><\/p>\n","protected":false},"excerpt":{"rendered":"<p style=\"text-align: center;\">\n<p style=\"text-align: justify;\">14 ya\u015f\u0131ndaki k\u0131z \u00f6\u011frencisine 2 y\u0131l boyunca tecav\u00fcz etti.<\/p>\n<p style=\"text-align: justify;\">ANTALYA&#8217;n\u0131n Manavgat \u0130l\u00e7esi&#8217;nde emekli \u00f6\u011fretmen 56 ya\u015f\u0131ndaki Muhsin \u015e., ilk\u00f6\u011fretimde 5 y\u0131l okuttu\u011fu 14 ya\u015f\u0131ndaki k\u0131z \u00f6\u011frencisine &#8216;ders \u00e7al\u0131\u015ft\u0131rma&#8217; bahanesiyle 2 y\u0131l boyunca tecav\u00fcz etti. \u0130lk\u00f6\u011fretim \u00f6\u011frencisi k\u0131z, korktu\u011fu i\u00e7in ba\u015f\u0131na gelenleri kimseye anlatamad\u0131. Emekli \u00f6\u011fretmeni, tecav\u00fcz g\u00f6r\u00fcnt\u00fclerini bulan <\/p>\n","protected":false},"author":1,"featured_media":0,"comment_status":"open","ping_status":"closed","sticky":false,"template":"","format":"standard","meta":{"footnotes":""},"categories":[7],"tags":[],"class_list":["post-5536","post","type-post","status-publish","format-standard","hentry","category-ekonomi","odd"],"_links":{"self":[{"href":"http:\/\/www.korhanyilmaz.com\/index.php?rest_route=\/wp\/v2\/posts\/5536","targetHints":{"allow":["GET"]}}],"collection":[{"href":"http:\/\/www.korhanyilmaz.com\/index.php?rest_route=\/wp\/v2\/posts"}],"about":[{"href":"http:\/\/www.korhanyilmaz.com\/index.php?rest_route=\/wp\/v2\/types\/post"}],"author":[{"embeddable":true,"href":"http:\/\/www.korhanyilmaz.com\/index.php?rest_route=\/wp\/v2\/users\/1"}],"replies":[{"embeddable":true,"href":"http:\/\/www.korhanyilmaz.com\/index.php?rest_route=%2Fwp%2Fv2%2Fcomments&post=5536"}],"version-history":[{"count":0,"href":"http:\/\/www.korhanyilmaz.com\/index.php?rest_route=\/wp\/v2\/posts\/5536\/revisions"}],"wp:attachment":[{"href":"http:\/\/www.korhanyilmaz.com\/index.php?rest_route=%2Fwp%2Fv2%2Fmedia&parent=5536"}],"wp:term":[{"taxonomy":"category","embeddable":true,"href":"http:\/\/www.korhanyilmaz.com\/index.php?rest_route=%2Fwp%2Fv2%2Fcategories&post=5536"},{"taxonomy":"post_tag","embeddable":true,"href":"http:\/\/www.korhanyilmaz.com\/index.php?rest_route=%2Fwp%2Fv2%2Ftags&post=5536"}],"curies":[{"name":"wp","href":"https:\/\/api.w.org\/{rel}","templated":true}]}}