{"id":55348,"date":"2012-09-14T13:51:57","date_gmt":"2012-09-14T10:51:57","guid":{"rendered":"http:\/\/www.korhanyilmaz.com\/?p=55348"},"modified":"2012-09-14T14:33:47","modified_gmt":"2012-09-14T11:33:47","slug":"sinir-otesi-operasyon-mu-geliyor","status":"publish","type":"post","link":"http:\/\/www.korhanyilmaz.com\/?p=55348","title":{"rendered":"S\u0131n\u0131r \u00f6tesi operasyon mu geliyor?"},"content":{"rendered":"<p style=\"text-align: center;\"><a href=\"http:\/\/www.korhanyilmaz.com\/wp-content\/uploads\/2012\/09\/H745.jpg\"  class=\"lightview\"><img loading=\"lazy\" decoding=\"async\" class=\"aligncenter  wp-image-55349\" src=\"http:\/\/www.korhanyilmaz.com\/wp-content\/uploads\/2012\/09\/H745.jpg\" alt=\"\" width=\"434\" height=\"217\" \/><\/a><\/p>\n<p style=\"text-align: justify;\"><strong>Sava\u015f u\u00e7aklar\u0131 Diyarbak\u0131r&#8217;da\u00a0<\/strong><\/p>\n<p style=\"text-align: justify;\">Diyarbak\u0131r&#8217;da 2&#8217;inci Hava Kuvvet Komutanl\u0131\u011f\u0131 8&#8217;inci Ana Jet \u00dcss\u00fc&#8217;ne 4 farkl\u0131 ilden 25&#8217;ten fazla askeri u\u00e7ak ini\u015f yapt\u0131. U\u00e7aklar\u0131n PKK&#8217;n\u0131n Kuzey Irak&#8217;taki kamplar\u0131na y\u00f6nelik d\u00fczenlenecek operasyonda g\u00f6rev alacaklar\u0131 ileri s\u00fcr\u00fcld\u00fc.<\/p>\n<p style=\"text-align: justify;\">Do\u011fu ve G\u00fcneydo\u011fu&#8217;da artan PKK sald\u0131r\u0131lar\u0131n\u0131n ard\u0131ndan b\u00f6lgede PKK&#8217;l\u0131lar\u0131 etksiz hale getirmek i\u00e7in operasyonlar s\u00fcr\u00fcrken, Diyarbak\u0131r&#8217;daki 2&#8217;inci Hava Kuvvet Komutanl\u0131\u011f\u0131 8&#8217;inci Ana Jet \u00dcss\u00fc&#8217;nde da son aylar\u0131n en yo\u011fun hareketlili\u011fi ya\u015fan\u0131yor. \u00dcsse son 3 g\u00fcn i\u00e7inde Eski\u015fehir, Band\u0131rma, Amasya ve Konya&#8217;dan g\u00f6nderilen 25&#8217;ten fazla sava\u015f u\u00e7a\u011f\u0131 ini\u015f yapt\u0131.\u00a0<!--more--><\/p>\n<p style=\"text-align: justify;\">Sava\u015f u\u00e7aklar\u0131n\u0131n \u00f6n\u00fcm\u00fczdeki g\u00fcnlerde yap\u0131lmas\u0131 planlanan s\u0131n\u0131r\u00f6tesi hava harekat\u0131 i\u00e7in Diyarbak\u0131r&#8217;daki filoya takviye olarak g\u00f6nderildi\u011fi \u00f6\u011frenildi. PKK ter\u00f6r \u00f6rg\u00fct\u00fcn\u00fcn Irak&#8217;\u0131n kuzeyinde bulunan kamplar\u0131na 2 hafta i\u00e7erisinde kapsaml\u0131 bir hava harekat\u0131n\u0131n yap\u0131lmas\u0131n\u0131n planland\u0131\u011f\u0131 ileri s\u00fcr\u00fcld\u00fc. Son 3 g\u00fcnden bu yana Diyarbak\u0131r hava sahas\u0131ndali yo\u011funluk dikkat \u00e7ekerken, harekata kat\u0131lacak sava\u015f u\u00e7aklar\u0131n\u0131n s\u0131k s\u0131k e\u011fitim u\u00e7u\u015flar\u0131 yapt\u0131\u011f\u0131 belirtildi.<\/p>\n<p style=\"text-align: justify;\">Diyarbak\u0131r&#8217;a Eski\u015fehir&#8217;den &#8216;Panter&#8217; olarak adland\u0131r\u0131lan 111&#8217;inci Sald\u0131r\u0131 Filosu, Amasya&#8217;dan &#8216;Tun\u00e7&#8217; olarak adland\u0131r\u0131lan 151&#8217;nci Bombard\u0131man ve &#8216;Ak\u0131nc\u0131&#8217; olarak adland\u0131r\u0131lan 152&#8217;nci \u00d6nleme Filosu ile Band\u0131rma 6&#8217;\u0131nc\u0131 Ana Jet \u00dcs Komutanl\u0131\u011f\u0131&#8217;na ba\u011fl\u0131 gece g\u00f6r\u00fc\u015f ve vuru\u015f kabiliyetine sahip &#8216;Yarasa&#8217; isimli 161&#8217;inci Bombard\u0131man Filosu&#8217;nun geldi\u011fi \u00f6\u011frenildi. Olas\u0131 s\u0131n\u0131r\u00f6tesi harekat\u0131n Diyarbak\u0131r&#8217;da sabit olarak bulunan Pars ve Atmaca filolar\u0131n\u0131n \u00f6nc\u00fcl\u00fc\u011f\u00fcnde yap\u0131laca\u011f\u0131 belirtildi.<\/p>\n<p style=\"text-align: justify;\">25&#8217;ten fazla sava\u015f u\u00e7a\u011f\u0131n\u0131n konu\u015fland\u0131r\u0131ld\u0131\u011f\u0131 Diyarbak\u0131r&#8217;daki \u00fcsse ge\u00e7ti\u011fimiz g\u00fcnlerde CASA tipi bir askeri u\u00e7akta indi. CASA tipi u\u00e7akla ise yakla\u015f\u0131k 200 bordo bereli askerin Diyarbak\u0131r&#8217;a getirildi\u011fi belirtildi. Diyarbak\u0131r&#8217;da konu\u015fland\u0131r\u0131lan sava\u015f u\u00e7aklar\u0131n\u0131n Hakkari&#8217;de 7 taburla d\u00fczenlenen operasyona destek verdi\u011fi de \u00f6\u011frenildi.<span style=\"color: #888888;\">(Milliyet)<\/span><\/p>\n<p style=\"text-align: justify;\"><a href=\"http:\/\/haber.gazetevatan.com\/sinir-otesi-operasyon-mu-geliyor\/480962\/1\/G%C3%BCndem#.UFMVl7LN-Zc\" target=\"_blank\">Kaynak : VATAN Gazetesi<\/a><\/p>\n","protected":false},"excerpt":{"rendered":"<p style=\"text-align: center;\">\n<p style=\"text-align: justify;\">Sava\u015f u\u00e7aklar\u0131 Diyarbak\u0131r&#8217;da <\/p>\n<p style=\"text-align: justify;\">Diyarbak\u0131r&#8217;da 2&#8217;inci Hava Kuvvet Komutanl\u0131\u011f\u0131 8&#8217;inci Ana Jet \u00dcss\u00fc&#8217;ne 4 farkl\u0131 ilden 25&#8217;ten fazla askeri u\u00e7ak ini\u015f yapt\u0131. U\u00e7aklar\u0131n PKK&#8217;n\u0131n Kuzey Irak&#8217;taki kamplar\u0131na y\u00f6nelik d\u00fczenlenecek operasyonda g\u00f6rev alacaklar\u0131 ileri s\u00fcr\u00fcld\u00fc.<\/p>\n<p style=\"text-align: justify;\">Do\u011fu ve G\u00fcneydo\u011fu&#8217;da artan PKK sald\u0131r\u0131lar\u0131n\u0131n ard\u0131ndan b\u00f6lgede PKK&#8217;l\u0131lar\u0131 etksiz hale getirmek <\/p>\n","protected":false},"author":1,"featured_media":0,"comment_status":"open","ping_status":"open","sticky":false,"template":"","format":"standard","meta":{"footnotes":""},"categories":[105],"tags":[],"class_list":["post-55348","post","type-post","status-publish","format-standard","hentry","category-gundem","odd"],"_links":{"self":[{"href":"http:\/\/www.korhanyilmaz.com\/index.php?rest_route=\/wp\/v2\/posts\/55348","targetHints":{"allow":["GET"]}}],"collection":[{"href":"http:\/\/www.korhanyilmaz.com\/index.php?rest_route=\/wp\/v2\/posts"}],"about":[{"href":"http:\/\/www.korhanyilmaz.com\/index.php?rest_route=\/wp\/v2\/types\/post"}],"author":[{"embeddable":true,"href":"http:\/\/www.korhanyilmaz.com\/index.php?rest_route=\/wp\/v2\/users\/1"}],"replies":[{"embeddable":true,"href":"http:\/\/www.korhanyilmaz.com\/index.php?rest_route=%2Fwp%2Fv2%2Fcomments&post=55348"}],"version-history":[{"count":0,"href":"http:\/\/www.korhanyilmaz.com\/index.php?rest_route=\/wp\/v2\/posts\/55348\/revisions"}],"wp:attachment":[{"href":"http:\/\/www.korhanyilmaz.com\/index.php?rest_route=%2Fwp%2Fv2%2Fmedia&parent=55348"}],"wp:term":[{"taxonomy":"category","embeddable":true,"href":"http:\/\/www.korhanyilmaz.com\/index.php?rest_route=%2Fwp%2Fv2%2Fcategories&post=55348"},{"taxonomy":"post_tag","embeddable":true,"href":"http:\/\/www.korhanyilmaz.com\/index.php?rest_route=%2Fwp%2Fv2%2Ftags&post=55348"}],"curies":[{"name":"wp","href":"https:\/\/api.w.org\/{rel}","templated":true}]}}