{"id":55344,"date":"2012-09-14T11:09:25","date_gmt":"2012-09-14T08:09:25","guid":{"rendered":"http:\/\/www.korhanyilmaz.com\/?p=55344"},"modified":"2012-09-14T14:30:28","modified_gmt":"2012-09-14T11:30:28","slug":"times-turkiyeden-gonderilen-silahlar","status":"publish","type":"post","link":"http:\/\/www.korhanyilmaz.com\/?p=55344","title":{"rendered":"Times: T\u00fcrkiye&#8217;den g\u00f6nderilen silahlar&#8230;"},"content":{"rendered":"<p style=\"text-align: center;\"><a href=\"http:\/\/www.korhanyilmaz.com\/wp-content\/uploads\/2012\/09\/H744.jpg\"  class=\"lightview\"><img loading=\"lazy\" decoding=\"async\" class=\"aligncenter  wp-image-55345\" src=\"http:\/\/www.korhanyilmaz.com\/wp-content\/uploads\/2012\/09\/H744.jpg\" alt=\"\" width=\"434\" height=\"217\" \/><\/a><\/p>\n<p style=\"text-align: justify;\"><strong>\u0130ngiliz gazetesinden \u00e7arp\u0131c\u0131 iddialar&#8230;\u00a0<\/strong><\/p>\n<p style=\"text-align: justify;\">\u0130ngiliz gazetesi Times, T\u00fcrkiye&#8217;den Suriye&#8217;ye g\u00f6nderilen silahlar ve \u0130HH \u0130nsani Yard\u0131m Vakf\u0131 hakk\u0131nda \u00e7arp\u0131c\u0131 iddialarda bulundu.<\/p>\n<p style=\"text-align: justify;\">\u0130syanc\u0131larla g\u00fcvenlik g\u00fc\u00e7leri aras\u0131nda \u00e7at\u0131\u015fmalar\u0131n ba\u015flad\u0131\u011f\u0131 yakla\u015f\u0131k 18 ay i\u00e7indeki en b\u00fcy\u00fck silah sevkiyat\u0131n\u0131n T\u00fcrkiye \u00fczerinden yap\u0131ld\u0131\u011f\u0131 belirtiliyor.<\/p>\n<p style=\"text-align: justify;\">Habere g\u00f6re, miktar\u0131 400 tonu bulan silahlar i\u00e7inde SAM-7 u\u00e7aksavar f\u00fczeleri ve roket g\u00fcd\u00fcml\u00fc bombalar (RPG) bulunuyor.\u00a0<!--more--><\/p>\n<p style=\"text-align: justify;\">Bunlar\u0131n, Libya&#8217;da devrik lider Muammer Kaddafi&#8217;nin \u00f6ld\u00fcr\u00fclmesiyle sonu\u00e7lanan i\u00e7 sava\u015f s\u0131ras\u0131nda ortadan kaybolan binlerce silah\u0131n bir k\u0131sm\u0131 olabilece\u011fi tahmin ediliyor.<\/p>\n<p style=\"text-align: justify;\">\u00d6zg\u00fcr Suriye Ordusu \u00fcyelerinden oldu\u011fu s\u00f6ylenen ve silah sevkiyat\u0131n\u0131n s\u0131n\u0131rdan ge\u00e7i\u015finde rol alan Abu Muhammed, &#8220;Bunlar, do\u011fru kullan\u0131l\u0131rlarsa, ak\u0131nt\u0131y\u0131 tersine \u00e7evirebilecek \u015feyler&#8221; diyor.<\/p>\n<p style=\"text-align: justify;\">Times muhabiri, Libya band\u0131ral\u0131 &#8220;\u0130ntisaar&#8221; adl\u0131 gemiyi \u0130skenderun&#8217;da g\u00f6rd\u00fc\u011f\u00fcn\u00fc belirtiyor ve Libyal\u0131 kaptan Omar Mousaeeb ile yapt\u0131klar\u0131 konu\u015fmalar\u0131 aktar\u0131yor.<\/p>\n<p style=\"text-align: justify;\"><strong>M\u00fcsl\u00fcman Karde\u015fler-\u00d6zg\u00fcr Suriye Ordusu \u00e7eki\u015fmesi\u00a0<\/strong><\/p>\n<p style=\"text-align: justify;\">Haberin en ilgin\u00e7 k\u0131sm\u0131 ise bu silahlar\u0131n muhalifler aras\u0131nda payla\u015f\u0131lamad\u0131\u011f\u0131 iddias\u0131.<\/p>\n<p style=\"text-align: justify;\">Aralar\u0131nda insani yard\u0131m malzemesinin de bulundu\u011fu gemi y\u00fck\u00fcn\u00fcn y\u00fczde 80&#8217;inin Suriye&#8217;ye ula\u015ft\u0131\u011f\u0131 belirtiliyor. Ancak Times&#8217;a konu\u015fan \u00d6zg\u00fcr Suriye Ordusu militanlar\u0131 Falten Tirsijria ve Samar Srewel, M\u00fcsl\u00fcman Karde\u015fler hareketinin di\u011fer muhalif gruplara g\u00f6re daha fazla pay kapt\u0131\u011f\u0131 \u015fikayetlerini dile getiriyor.<\/p>\n<p style=\"text-align: justify;\">Kad\u0131n militan Srewel \u015f\u00f6yle diyor: &#8220;M\u00fcsl\u00fcman Karde\u015fler Suriye&#8217;de daha fazla rol almak istiyor ve bu gemi y\u00fck\u00fcne el koyarlarsa bunun yard\u0131m\u0131 olaca\u011f\u0131n\u0131 biliyorlar. Bizce M\u00fcsl\u00fcman Karde\u015fler, gemi y\u00fck\u00fcn\u00fc e\u015fit\u00e7e payla\u015ft\u0131rmalar\u0131 yerine onlara vermeleri i\u00e7in Libyal\u0131lar\u0131 y\u00f6nlendirdi.&#8221;<\/p>\n<p style=\"text-align: justify;\">Haberde de imzas\u0131 bulunan Sheera Frenkel&#8217;in analizinde, M\u00fcsl\u00fcman Karde\u015fler&#8217;in gemi y\u00fck\u00fcne el koymas\u0131nda, \u0130HH \u0130nsani Yard\u0131m Vakf\u0131&#8217;ndan yard\u0131m ald\u0131\u011f\u0131 belirtiliyor.<\/p>\n<p style=\"text-align: justify;\">Analizde, \u00d6zg\u00fcr Suriye Ordusu militanlar\u0131n\u0131n a\u011fz\u0131ndan, &#8220;M\u00fcsl\u00fcman Karde\u015fler&#8217;in T\u00fcrkiye&#8217;deki ba\u011flant\u0131lar\u0131, para ve silah sayesinde etkisini art\u0131rmaya \u00e7al\u0131\u015ft\u0131\u011f\u0131&#8221; uyar\u0131lar\u0131 aktar\u0131l\u0131yor.<\/p>\n<p style=\"text-align: justify;\">Analize g\u00f6re, muhaliflerin \u00f6nemli bir b\u00f6l\u00fcm\u00fcn\u00fc \u00e7at\u0131s\u0131 alt\u0131nda toplayan Suriye Ulusal Konseyi&#8217;nin 310 \u00fcyesinin yakla\u015f\u0131k d\u00f6rtte biri M\u00fcsl\u00fcman Karde\u015fler ile ba\u011flant\u0131l\u0131.<\/p>\n<p style=\"text-align: justify;\">\u00d6zg\u00fcr Suriye Ordusu militanlar\u0131ndan Abu Hitmet, \u00f6n\u00fcm\u00fczdeki g\u00fcnlere ili\u015fkin \u015fu kritik soruyu soruyor: &#8220;\u015eimdi daha iyi silahlara sahipler, bakal\u0131m bize yard\u0131m m\u0131 edecekler yoksa kendi isyanlar\u0131n\u0131 m\u0131 ba\u015flatacaklar.&#8221; <span style=\"color: #888888;\">(BBC T\u00fcrk\u00e7e)<\/span><\/p>\n<p style=\"text-align: justify;\"><a href=\"http:\/\/haber.gazetevatan.com\/font-color%3dredtimes-font-turkiyeden-gonderilen-silahlar\/480905\/30\/D%C3%BCnya#.UFMUbbLN-Zc\" target=\"_blank\">Kaynak : VATAN Gazetesi<\/a><\/p>\n","protected":false},"excerpt":{"rendered":"<p style=\"text-align: center;\">\n<p style=\"text-align: justify;\">\u0130ngiliz gazetesinden \u00e7arp\u0131c\u0131 iddialar&#8230; <\/p>\n<p style=\"text-align: justify;\">\u0130ngiliz gazetesi Times, T\u00fcrkiye&#8217;den Suriye&#8217;ye g\u00f6nderilen silahlar ve \u0130HH \u0130nsani Yard\u0131m Vakf\u0131 hakk\u0131nda \u00e7arp\u0131c\u0131 iddialarda bulundu.<\/p>\n<p style=\"text-align: justify;\">\u0130syanc\u0131larla g\u00fcvenlik g\u00fc\u00e7leri aras\u0131nda \u00e7at\u0131\u015fmalar\u0131n ba\u015flad\u0131\u011f\u0131 yakla\u015f\u0131k 18 ay i\u00e7indeki en b\u00fcy\u00fck silah sevkiyat\u0131n\u0131n T\u00fcrkiye \u00fczerinden yap\u0131ld\u0131\u011f\u0131 belirtiliyor.<\/p>\n<p style=\"text-align: justify;\">Habere g\u00f6re, miktar\u0131 400 tonu <\/p>\n","protected":false},"author":1,"featured_media":0,"comment_status":"open","ping_status":"open","sticky":false,"template":"","format":"standard","meta":{"footnotes":""},"categories":[105],"tags":[],"class_list":["post-55344","post","type-post","status-publish","format-standard","hentry","category-gundem","odd"],"_links":{"self":[{"href":"http:\/\/www.korhanyilmaz.com\/index.php?rest_route=\/wp\/v2\/posts\/55344","targetHints":{"allow":["GET"]}}],"collection":[{"href":"http:\/\/www.korhanyilmaz.com\/index.php?rest_route=\/wp\/v2\/posts"}],"about":[{"href":"http:\/\/www.korhanyilmaz.com\/index.php?rest_route=\/wp\/v2\/types\/post"}],"author":[{"embeddable":true,"href":"http:\/\/www.korhanyilmaz.com\/index.php?rest_route=\/wp\/v2\/users\/1"}],"replies":[{"embeddable":true,"href":"http:\/\/www.korhanyilmaz.com\/index.php?rest_route=%2Fwp%2Fv2%2Fcomments&post=55344"}],"version-history":[{"count":0,"href":"http:\/\/www.korhanyilmaz.com\/index.php?rest_route=\/wp\/v2\/posts\/55344\/revisions"}],"wp:attachment":[{"href":"http:\/\/www.korhanyilmaz.com\/index.php?rest_route=%2Fwp%2Fv2%2Fmedia&parent=55344"}],"wp:term":[{"taxonomy":"category","embeddable":true,"href":"http:\/\/www.korhanyilmaz.com\/index.php?rest_route=%2Fwp%2Fv2%2Fcategories&post=55344"},{"taxonomy":"post_tag","embeddable":true,"href":"http:\/\/www.korhanyilmaz.com\/index.php?rest_route=%2Fwp%2Fv2%2Ftags&post=55344"}],"curies":[{"name":"wp","href":"https:\/\/api.w.org\/{rel}","templated":true}]}}