{"id":55321,"date":"2012-09-11T10:19:30","date_gmt":"2012-09-11T07:19:30","guid":{"rendered":"http:\/\/www.korhanyilmaz.com\/?p=55321"},"modified":"2012-09-11T11:54:49","modified_gmt":"2012-09-11T08:54:49","slug":"afyonda-4-kisi-gorevden-alindi","status":"publish","type":"post","link":"http:\/\/www.korhanyilmaz.com\/?p=55321","title":{"rendered":"&#8220;Afyon&#8217;da 4 ki\u015fi g\u00f6revden al\u0131nd\u0131&#8221;"},"content":{"rendered":"<p style=\"text-align: center;\"><a href=\"http:\/\/www.korhanyilmaz.com\/wp-content\/uploads\/2012\/09\/H739.jpg\"  class=\"lightview\"><img loading=\"lazy\" decoding=\"async\" class=\"aligncenter  wp-image-55322\" src=\"http:\/\/www.korhanyilmaz.com\/wp-content\/uploads\/2012\/09\/H739.jpg\" alt=\"\" width=\"396\" height=\"180\" \/><\/a><\/p>\n<p style=\"text-align: justify;\">Ba\u015fbakan Erdo\u011fan: 19 \u015fehidimizin DNA testleri tamamland\u0131. 4 askeri yetkili g\u00f6revinden al\u0131nd\u0131.<\/p>\n<p style=\"text-align: justify;\">ANKARA- Ba\u015fbakan Erdo\u011fan, Azerbaycan&#8217;a hareketinden \u00f6nce konu\u015ftu. Ba\u015fbakan Erdo\u011fan, Afyonkarahisar&#8217;daki patlama \u00fczerine, oradaki yetkililerden ba\u015fta albay, yarbay, binba\u015f\u0131 ve astsubay olmak \u00fczere 4 ki\u015finin g\u00f6revlerinden al\u0131narak farkl\u0131 yerlere tayinlerinin yap\u0131ld\u0131\u011f\u0131n\u0131 bildirdi.\u00a0<!--more--><\/p>\n<p style=\"text-align: justify;\"><strong>KILI\u00c7DARO\u011eLU&#8217;NUN SABOTAJ \u0130DD\u0130ASI<\/strong><\/p>\n<p style=\"text-align: justify;\">Erdo\u011fan, Afyonkarahisar&#8217;daki patlamayla ilgili CHP Genel Ba\u015fkan\u0131 Kemal K\u0131l\u0131\u00e7daro\u011flu&#8217;nun iddialar\u0131na ili\u015fkin, &#8221;Kim bu \u00fcst d\u00fczey komutan? Onu a\u00e7\u0131kla. B\u00f6yle tutars\u0131z, samimiyetsiz ve b\u00f6yle bir durumdan rant dev\u015firmeye \u00e7al\u0131\u015fmak gibi bir \u015fey olabilir mi?&#8221; dedi. Erdo\u011fan \u015f\u00f6yle konu\u015ftu: &#8216;Bu e\u011fer size ait de\u011filse, \u00e7\u00fcnk\u00fc tam sayfa bir haber. \u00c7\u0131k o zaman bunu yalanla, yalanlam\u0131yorsan o zaman demek ki sen bunu s\u00f6yledin. Burada hakl\u0131 olarak Silahl\u0131 Kuvvetler de b\u00f6yle bir iftira kar\u015f\u0131s\u0131nda yapmas\u0131 gereken yarg\u0131 yoluna gitmektir ve yarg\u0131 yoluna da gidecektir. H\u00fck\u00fcmet olarak biz de yarg\u0131 yolunu ayr\u0131ca a\u00e7\u0131k tutuyoruz.<\/p>\n<p style=\"text-align: justify;\"><strong>HED\u0130YELE\u015eME G\u00d6R\u00dcNT\u00dcS\u00dc<\/strong><\/p>\n<p style=\"text-align: justify;\">Erdo\u011fan, Afyonkarahisar Valisi \u0130rfan Balkanl\u0131o\u011flu&#8217;nun Genelkurmay Ba\u015fkan\u0131 Orgeneral Necdet \u00d6zel&#8217;e biraraya gelmesinin, olmas\u0131 gereken bir durum oldu\u011funu belirterek, &#8221;Fakat oradaki her zaman rutinde yapm\u0131\u015f oldu\u011fu hediyele\u015fmeyi b\u00f6yle bir g\u00fcnde yapm\u0131\u015f olmas\u0131 yanl\u0131\u015f bir hadisedir ve yanl\u0131\u015f yapm\u0131\u015ft\u0131r. Foto\u011fraf \u00e7ektirip onu daha sonra sitesine koymak ayr\u0131 yanl\u0131\u015ft\u0131r&#8221; dedi.<\/p>\n<p style=\"text-align: justify;\"><strong>HA\u015e\u0130M\u0130<\/strong><\/p>\n<p style=\"text-align: justify;\">Ba\u015fbakan Erdo\u011fan, &#8221;Biz Say\u0131n Ha\u015fimi&#8217;yi T\u00fcrkiye&#8217;de kalmak istedi\u011fi s\u00fcrece \u00fclkemizde tutar\u0131z. Teslim de etmeyiz&#8221; diye konu\u015ftu.<\/p>\n<p style=\"text-align: justify;\"><strong>L\u00dcBNAN&#8217;DA KA\u00c7IRILAN \u0130\u015eADAMI<\/strong><\/p>\n<p style=\"text-align: justify;\">L\u00fcbnan&#8217;da ka\u00e7\u0131r\u0131lan T\u00fcrk i\u015f adam\u0131 ile ilgili, kendilerine ula\u015fm\u0131\u015f hen\u00fcz bir netice olmad\u0131\u011f\u0131n\u0131 belirten Erdo\u011fan, m\u00fcnasebetlerin D\u0131\u015fi\u015fleri Bakanl\u0131\u011f\u0131 taraf\u0131ndan y\u00fcr\u00fct\u00fcld\u00fc\u011f\u00fcn\u00fc, konunun takip\u00e7isi olduklar\u0131n\u0131 s\u00f6yledi.<\/p>\n<p style=\"text-align: justify;\"><strong>KAB\u0130NEDE DE\u011e\u0130\u015e\u0130KL\u0130K<\/strong><\/p>\n<p style=\"text-align: justify;\">Erdo\u011fan, &#8221;Kabinenin de\u011fi\u015fimi, yenilenmesi kongrelerle paralel giden i\u015fler de\u011fildir. Kongrelerin d\u0131\u015f\u0131nda da kabinelerde de\u011fi\u015fiklik yap\u0131labilir. Ama \u015fu anda bizim yol haritam\u0131z\u0131n i\u00e7inde b\u00f6yle bir \u015fey s\u00f6z konusu de\u011fil. \u015eimdi tamamen odakland\u0131\u011f\u0131m\u0131z 30 Eyl\u00fcl&#8217;deki ustal\u0131k d\u00f6neminin g\u00fc\u00e7l\u00fc bir siyasi yap\u0131lanmas\u0131n\u0131 sa\u011flamakt\u0131r&#8221; dedi.<\/p>\n<p style=\"text-align: justify;\"><a href=\"http:\/\/www.gazeteport.com.tr\/haber\/110482\/basbakandan-afyon-aciklamasi\" target=\"_blank\">Kaynak : GAZETEPORT<\/a><\/p>\n<p style=\"text-align: justify;\">\n","protected":false},"excerpt":{"rendered":"<p style=\"text-align: center;\">\n<p style=\"text-align: justify;\">Ba\u015fbakan Erdo\u011fan: 19 \u015fehidimizin DNA testleri tamamland\u0131. 4 askeri yetkili g\u00f6revinden al\u0131nd\u0131.<\/p>\n<p style=\"text-align: justify;\">ANKARA- Ba\u015fbakan Erdo\u011fan, Azerbaycan&#8217;a hareketinden \u00f6nce konu\u015ftu. Ba\u015fbakan Erdo\u011fan, Afyonkarahisar&#8217;daki patlama \u00fczerine, oradaki yetkililerden ba\u015fta albay, yarbay, binba\u015f\u0131 ve astsubay olmak \u00fczere 4 ki\u015finin g\u00f6revlerinden al\u0131narak farkl\u0131 yerlere tayinlerinin yap\u0131ld\u0131\u011f\u0131n\u0131 bildirdi. <\/p>\n","protected":false},"author":1,"featured_media":0,"comment_status":"open","ping_status":"open","sticky":false,"template":"","format":"standard","meta":{"footnotes":""},"categories":[105],"tags":[],"class_list":["post-55321","post","type-post","status-publish","format-standard","hentry","category-gundem","odd"],"_links":{"self":[{"href":"http:\/\/www.korhanyilmaz.com\/index.php?rest_route=\/wp\/v2\/posts\/55321","targetHints":{"allow":["GET"]}}],"collection":[{"href":"http:\/\/www.korhanyilmaz.com\/index.php?rest_route=\/wp\/v2\/posts"}],"about":[{"href":"http:\/\/www.korhanyilmaz.com\/index.php?rest_route=\/wp\/v2\/types\/post"}],"author":[{"embeddable":true,"href":"http:\/\/www.korhanyilmaz.com\/index.php?rest_route=\/wp\/v2\/users\/1"}],"replies":[{"embeddable":true,"href":"http:\/\/www.korhanyilmaz.com\/index.php?rest_route=%2Fwp%2Fv2%2Fcomments&post=55321"}],"version-history":[{"count":0,"href":"http:\/\/www.korhanyilmaz.com\/index.php?rest_route=\/wp\/v2\/posts\/55321\/revisions"}],"wp:attachment":[{"href":"http:\/\/www.korhanyilmaz.com\/index.php?rest_route=%2Fwp%2Fv2%2Fmedia&parent=55321"}],"wp:term":[{"taxonomy":"category","embeddable":true,"href":"http:\/\/www.korhanyilmaz.com\/index.php?rest_route=%2Fwp%2Fv2%2Fcategories&post=55321"},{"taxonomy":"post_tag","embeddable":true,"href":"http:\/\/www.korhanyilmaz.com\/index.php?rest_route=%2Fwp%2Fv2%2Ftags&post=55321"}],"curies":[{"name":"wp","href":"https:\/\/api.w.org\/{rel}","templated":true}]}}