{"id":55295,"date":"2012-09-10T08:03:03","date_gmt":"2012-09-10T05:03:03","guid":{"rendered":"http:\/\/www.korhanyilmaz.com\/?p=55295"},"modified":"2012-09-10T09:46:43","modified_gmt":"2012-09-10T06:46:43","slug":"ulkum-hesap-vermemek-yag-gibi-uste-cikmaktir","status":"publish","type":"post","link":"http:\/\/www.korhanyilmaz.com\/?p=55295","title":{"rendered":"\u00dclk\u00fcm, hesap vermemek, ya\u011f gibi \u00fcste \u00e7\u0131kmakt\u0131r.."},"content":{"rendered":"<div id=\"attachment_55297\" style=\"width: 94px\" class=\"wp-caption alignright\"><img loading=\"lazy\" decoding=\"async\" aria-describedby=\"caption-attachment-55297\" class=\" wp-image-55297 \" title=\"Yetvart Danzikyan\" src=\"http:\/\/www.korhanyilmaz.com\/wp-content\/uploads\/2012\/09\/H733.jpg\" alt=\"\" width=\"84\" height=\"88\" \/><p id=\"caption-attachment-55297\" class=\"wp-caption-text\">Yetvart Danzikyan<\/p><\/div>\n<p style=\"text-align: center;\"><a href=\"http:\/\/www.korhanyilmaz.com\/wp-content\/uploads\/2012\/09\/H734.jpg\"  class=\"lightview\"><img loading=\"lazy\" decoding=\"async\" class=\"aligncenter  wp-image-55299\" src=\"http:\/\/www.korhanyilmaz.com\/wp-content\/uploads\/2012\/09\/H734.jpg\" alt=\"\" width=\"384\" height=\"254\" \/><\/a><\/p>\n<p style=\"text-align: justify;\">Ya\u015fanan ac\u0131ya ek olarak, adaletin birilerine reva g\u00f6r\u00fcld\u00fc\u011f\u00fc, birilerine g\u00f6r\u00fclmedi\u011fi bir memlekette ya\u015fama hissi.. Kimbilir ne berbat bir histir bu. Bu memleket, b\u00f6yle insanlarla dolu. Devletin karn\u0131na bir tekme savurup, bir k\u00f6\u015feye b\u0131rakt\u0131klar\u0131yla.<\/p>\n<p style=\"text-align: justify;\">Evet, b\u00f6yle bir prensip iyice oturmaya ba\u015flad\u0131 AKP iktidar\u0131nda. Tamam, biliyoruz, T\u00fcrkiye\u2019de \u201cdevletlu\u201d oldum olas\u0131 b\u00f6yledir, ta Osmanl\u0131 zaman\u0131ndan beri. Kimse hesap vermez, kimse istifa etmez, hata yapan\u0131n, halt yiyenin, iktidarda \u00e7ok d\u00fc\u015fman\u0131 varsa pek pek aya\u011f\u0131 kayd\u0131r\u0131l\u0131r, yoksa kendisinin istifa etmesi m\u00fcmk\u00fcn de\u011fildir. Zira siyasi terbiyemiz b\u00f6yledir. Hata yapt\u0131\u011f\u0131n\u0131 kabul etmeyeceksin arkada\u015f. Zay\u0131fl\u0131k olarak g\u00f6r\u00fcl\u00fcr. \u015euna da kendilerini inand\u0131r\u0131rlar \u00fcstelik: halk da sevmez \u00f6yle hata yapt\u0131\u011f\u0131n\u0131 kabul edeni. Ne o \u00f6yle afedersin, gavur gibi, k\u0131l\u0131b\u0131k gibi. Hay\u0131r efendim Etmeyeceksin. Sonuna kadar inkar edeceksin.<!--more--><\/p>\n<p style=\"text-align: justify;\">Zamana yayacaks\u0131n. \u201cBakal\u0131m..\u201d diyeceksin.. \u201cVarsa bir kusur, mutlaka ortaya \u00e7\u0131kar, biraz sab\u0131rl\u0131 olun\u201d diyeceksin. \u201cSoru\u015fturma s\u00fcr\u00fcyor, acele yorumlar yapmay\u0131n\u201d diyeceksin. Gargaraya getireceksin. Bakt\u0131n kurtulu\u015f yok, yenilen halt b\u00fcy\u00fck, bu sefer de etraf\u0131na yayacaks\u0131n. Giderken herkesi beraber g\u00f6t\u00fcreceksin. Bu haltlar beraber yenmedi mi? O zaman beraber gidece\u011fiz diyeceksin. Bak o zaman ne oluyor. Bu senaryolarda her durumda karambola giden, siyasi ahlak, siyasi terbiye mi olacakm\u0131\u015f? Vars\u0131n olsun.<\/p>\n<p style=\"text-align: justify;\">Halk k\u0131sm\u0131na gelecek olursak. Halk (ki biliyoruz, b\u00f6yle tek bir ki\u015fi yoktur) elbette ki ka\u011f\u0131t \u00fczerinde istifa olsun ister. Ama ka\u011f\u0131t \u00fczerinde. Detaylara indi\u011fimizde, asl\u0131nda \u2013kabaca- b\u00fcy\u00fck \u015fehirlerden bahsetti\u011fimizi g\u00f6r\u00fcr\u00fcz. \u201cDerin ta\u015fra\u201d bunu ister mi mesela, pek emin de\u011filim. \u0130stifa etmesi beklenen ki\u015fi bir ta\u015fra kentinin kudretli\/sa\u011fc\u0131 bakan\u0131ysa, ve o ta\u015fra kenti kahar ekseriyetle o partiye oy vermi\u015fse ister mi bakal\u0131m, istifa etmesini. Gitsin de, hizmet nas\u0131l gelecek? O var. Tart\u0131\u015fmal\u0131d\u0131r yani. Olan o vakaya \u00f6zel, ma\u011fdurlara olur. Yak\u0131nlar\u0131n\u0131n \u00f6lmesiyle kal\u0131rlar. Ses edemezler. Bas\u0131n bir iki g\u00fcn ilgilenir, sonra i\u015fine bakar.. Ses etmeye devam ederlerse, devletin so\u011fuk y\u00fcz\u00fcyle kar\u015f\u0131 kar\u015f\u0131ya kal\u0131rlar. Uzat\u0131rlarsa hayat\u0131n daha zor ge\u00e7ece\u011fi s\u00f6ylenir onlara. Bundan sonras\u0131 onlara kalm\u0131\u015ft\u0131r. Evlad\u0131n\u0131, e\u015fini kaybeden ac\u0131s\u0131na m\u0131 yans\u0131n, yoksa bu devletle mi u\u011fra\u015fs\u0131n, sinirlerini ald\u0131r\u0131p. Bilemez. Eli b\u00f6\u011fr\u00fcnde kala kal\u0131r \u00f6yle. Uzaklara bakar. Adaletin birilerine, baz\u0131 ayr\u0131cal\u0131kl\u0131lara reva g\u00f6r\u00fcld\u00fc\u011f\u00fc, birilerine o ayr\u0131cal\u0131klara sahip olmayanlara ise reva g\u00f6r\u00fclmedi\u011fi bir memlekette ya\u015fama hissi, isyan\u0131yla dolar i\u00e7i, ya\u015fad\u0131\u011f\u0131 o tarifsiz ac\u0131ya ek olarak. Kimbilir ne berbat bir histir bu. Hepimiz iyi biliyoruz ki bu memleket, b\u00f6yle insanlarla dolu. Devletin karn\u0131na bir tekme savurup, bir k\u00f6\u015feye b\u0131rakt\u0131klar\u0131yla.<\/p>\n<p style=\"text-align: justify;\">AKP\u2019ye kadar, sistem b\u00f6yleydi. Fakat AKP\u2019nin iktidara tam manas\u0131yla kurulmas\u0131yla beraber, (ki bu takriben 2011 se\u00e7imleri sonras\u0131na denk geliyor) \u015f\u00f6yle bir anlay\u0131\u015f peydahland\u0131. Evet, inkar tabii ki, sonuna kadar inkar. Ama bir de ya\u011f gibi \u00fcste \u00e7\u0131kmak gerekir. \u00d6yle s\u00fckl\u00fcm p\u00fckl\u00fcm inkar olmaz. Bas\u0131ndan ka\u00e7malar, filan.. AKP\u2019ye yak\u0131\u015fmaz. \u00dcste \u00e7\u0131kacaks\u0131n. Olabiliyorsa \u00f6lenleri, olam\u0131yorsa ba\u015fka birilerini su\u00e7layacaks\u0131n. Hatta ve hatta hesap soracaks\u0131n. Uludere\u2019de mesela. \u00d6lenler ka\u00e7ak\u00e7\u0131 de\u011fil miydi bir kere? Bu bir. Sonra efendim ter\u00f6r \u00f6rg\u00fct\u00fc bu konuyu istismar ediyordu. Al, bu da iki. Yetmezmi\u015f gibi birileri bundan siyasi rant ediyordu be? Daha ne? Al bu da \u00fc\u00e7. \u0130stifa m\u0131? G\u00f6revden alma m\u0131? Ne istifas\u0131, g\u00f6revden almas\u0131 arkada\u015f, delirdiniz mi? Birileri bundan siyasi rant elde ediyor, bu vesileyle H\u00fck\u00fcmet\u2019i y\u0131prat\u0131yor diyoruz size. Sen hala istifa, hesap vermek diyorsun. Sen hesap ver bir kere. Kendini bir \u00e7ek et, kendini bir hesaba \u00e7ek bakal\u0131m. Di mi ya?<\/p>\n<p style=\"text-align: justify;\"><strong>\u201cG\u00fczel \u00f6ld\u00fcler..\u201d\u00a0<\/strong><\/p>\n<p style=\"text-align: justify;\">Zonguldak\u2019ta mesela, g\u00f6\u00e7\u00fck meydana gelmi\u015f. 32 i\u015f\u00e7i \u00f6lm\u00fc\u015ft\u00fc hat\u0131rlars\u0131n\u0131z. 2010 y\u0131l\u0131nda. \u015e\u00f6yle dedi H\u00fck\u00fcmet: \u201cBu mesle\u011fin kaderinde bu var, b\u00f6lge insan\u0131 bunlara al\u0131\u015f\u0131k..\u201d Tasavvur etmek m\u00fcmk\u00fcn de\u011fil evlatlar\u0131n\u0131, e\u015flerini kaybedenlerin o an ne hissetiklerini elbette. Denetimde kusur mu var, kusur varsa nerelerde var, kimdir bu i\u015fin sorumlusu? B\u00f6yle bir soru\u015fturma, daha do\u011frusu sonu\u00e7lanm\u0131\u015f bir soru\u015fturma hat\u0131rl\u0131yor musunuz? Ben hat\u0131rlam\u0131yorum. \u00d6ld\u00fckleriyle kald\u0131lar. \u00dcstelik d\u00f6nemin \u00c7al\u0131\u015fma Bakan\u0131 \u00d6mer Din\u00e7er\u2019e bak\u0131l\u0131rsa g\u00fczel \u00f6lm\u00fc\u015flerdi. Ac\u0131 \u00e7ekmeden, fiziki olarak g\u00fczel \u00f6ld\u00fckleri rahatl\u0131kla s\u00f6ylenebilirdi. B\u00f6yle dedi, Din\u00e7er.<\/p>\n<p style=\"text-align: justify;\">Yeni devlet y\u00f6netme anlay\u0131\u015f\u0131m\u0131z kabaca b\u00f6yle bir \u015fey. Samsun\u2019da TOK\u0130 binalar\u0131n\u0131 sel vurmu\u015f mesela. 4\u2019\u00fc \u00e7ocuk 12 ki\u015fi \u00f6lm\u00fc\u015f. \u00dcstelik bu evler dere yata\u011f\u0131na yap\u0131lm\u0131\u015f. Yani tam yap\u0131lmamas\u0131 gereken yere. TOK\u0130 yapm\u0131\u015f. Hesap veren duydunuz mu hi\u00e7? Hay\u0131r. Bakanlara bakarsan\u0131z evler do\u011fru yere yap\u0131lm\u0131\u015ft\u0131r, hata filan yoktur, ama bin y\u0131lda bir g\u00f6r\u00fclebilecek bir sel olmu\u015ftur o y\u00fczden \u015fey olmu\u015ftur. \u201cSu\u00e7lu aramak yanl\u0131\u015ft\u0131r.\u201d (Aynen b\u00f6yle dedi Erdo\u011fan Bayraktar) B\u00f6yle a\u00e7\u0131klar AKP meseleyi. Bundan sonraki ele\u015ftiriler elbette ki H\u00fck\u00fcmet\u2019i y\u0131pratmaya, bundan rant sa\u011flamaya girer. \u015eu anla\u015f\u0131lm\u0131yor bir t\u00fcrl\u00fc karde\u015fim. Kaderdir bunlar. Yap\u0131lacak bir \u015fey yoktur bir kere. (Tesad\u00fcf m\u00fcd\u00fcr bilinmez, bu haltlar\u0131n ya meydana gelmesinde ya da savunulmas\u0131nda bir de kapitalizmin o \u00e7i\u011f mant\u0131\u011f\u0131 e\u015flik eder s\u00fcrece, biraz \u00f6nce g\u00f6rd\u00fcn\u00fcz, birazdan da g\u00f6receksiniz)<\/p>\n<p style=\"text-align: justify;\"><strong>\u201cHalay \u00e7ekmedi ya!\u201d\u00a0<\/strong><\/p>\n<p style=\"text-align: justify;\">Afyon\u2019daki cephanelik patlamas\u0131 vakas\u0131na gelirsek. Senaryo \u00fc\u00e7 a\u015fa\u011f\u0131 be\u015f yukar\u0131 ayn\u0131. 25 gen\u00e7 \u00f6lm\u00fc\u015f, \u00e7o\u011fu daha eline yeni silah alm\u0131\u015f, belki de silah bile almam\u0131\u015f asker. Burada birilerinin bir halt yedi\u011fi \u00e7ok a\u00e7\u0131k. Yoksa cephanelik patlamaz, 25 gen\u00e7 par\u00e7alanarak \u00f6lmezdi. Birilerinin halt yemesi demek, o birilerinin derhal istifa etmesi ya da g\u00f6revden al\u0131nmas\u0131 demektir. Ama, hay\u0131r efendim. Ne m\u00fcnasebet?<\/p>\n<p style=\"text-align: justify;\">Tam tersine olaylar ba\u015fka bir eksene oturtulmal\u0131, yeni polemikler yarat\u0131lmal\u0131d\u0131r. Mesela emekli askerler televizyonlara \u00e7\u0131k\u0131p konu\u015fuyorlar. Bunlar ocaklar\u0131na ihanet eden askerlerdir, bir kere. Hem sonra ele\u015ftiriler karalama kampanyas\u0131na d\u00f6n\u00fc\u015fm\u00fc\u015ft\u00fcr. Hatta milleti galeyana getirmeye d\u00f6n\u00fckt\u00fcr. Bunlar sorumsuzluktur, al\u00e7akl\u0131kt\u0131r. Bo\u011faza naz\u0131r villalarda, ellerinde alkoll\u00fc i\u00e7kilerle, ahkam kesmektir. (B\u00f6yle dedi Erdo\u011fan. Ger\u00e7i bu son k\u0131sm\u0131 epey tan\u0131d\u0131k. 90\u2019larda askerler derdi, bo\u011faza naz\u0131r villalarda elde viskiler, filan. Bitmedi bir t\u00fcrl\u00fc. Ta\u015fray\u0131 yan\u0131na alacak ya, b\u00fct\u00fcn derdi o )<\/p>\n<p style=\"text-align: justify;\">Genelkurmay Ba\u015fkan\u0131, gitmi\u015f incelemelerde bulunmu\u015f. Ele\u015ftiriyorlar. Yok efendim Vali\u2019den hediye al\u0131n\u0131r m\u0131ym\u0131\u015f? O ba\u015fkan bir kere ordudaki kazuletleri temizliyor. Ha kahkahalarla g\u00fcler, yok gider halay filan \u00e7eker, o zaman tamam. Ona bir \u015fey demem. (Bu da ger\u00e7ek. B\u00f6yle dedi H\u00fcseyin \u00c7elik. En olmayacak senaryoyla \u00fcste \u00e7\u0131kma takti\u011fi de var burada, dikkat ederseniz. Ya, niye halay \u00e7eksin adam?)<\/p>\n<p style=\"text-align: justify;\">Ha, valim, valimiz, zaten kendini savunur. Bak\u0131n ne demi\u015f? \u201cGenelkurmay Ba\u015fkan\u0131 etkili bir isim. O hal\u0131lar\u0131 birileri g\u00f6recek, nerede yap\u0131ld\u0131 diye soracak, \u00f6\u011frenecek, alacak, Afyon\u2019daki garibanlar ekmek yiyecek. Hayat devam ediyor.\u201d Ne de g\u00fczel savunmu\u015f kendini. Millet ekmek yiyecek karde\u015fim. Ne yani, ara m\u0131 verelim?<\/p>\n<p style=\"text-align: justify;\"><a href=\"http:\/\/www.radikal.com.tr\/Radikal.aspx?aType=RadikalYazar&amp;ArticleID=1099769&amp;Yazar=YETVART-DANZIKYAN&amp;CategoryID=98\" target=\"_blank\">Kaynak : Radikal.com.tr<\/a><\/p>\n","protected":false},"excerpt":{"rendered":"<p id=\"caption-attachment-55297\" class=\"wp-caption-text\">Yetvart Danzikyan<\/p>\n<p style=\"text-align: center;\">\n<p style=\"text-align: justify;\">Ya\u015fanan ac\u0131ya ek olarak, adaletin birilerine reva g\u00f6r\u00fcld\u00fc\u011f\u00fc, birilerine g\u00f6r\u00fclmedi\u011fi bir memlekette ya\u015fama hissi.. Kimbilir ne berbat bir histir bu. Bu memleket, b\u00f6yle insanlarla dolu. Devletin karn\u0131na bir tekme savurup, bir k\u00f6\u015feye b\u0131rakt\u0131klar\u0131yla.<\/p>\n<p style=\"text-align: justify;\">Evet, b\u00f6yle bir prensip iyice oturmaya ba\u015flad\u0131 AKP iktidar\u0131nda. Tamam, biliyoruz, <\/p>\n","protected":false},"author":1,"featured_media":0,"comment_status":"open","ping_status":"open","sticky":false,"template":"","format":"standard","meta":{"footnotes":""},"categories":[16],"tags":[1180],"class_list":["post-55295","post","type-post","status-publish","format-standard","hentry","category-kose-yazilari","tag-yetvart-danzikyan","odd"],"_links":{"self":[{"href":"http:\/\/www.korhanyilmaz.com\/index.php?rest_route=\/wp\/v2\/posts\/55295","targetHints":{"allow":["GET"]}}],"collection":[{"href":"http:\/\/www.korhanyilmaz.com\/index.php?rest_route=\/wp\/v2\/posts"}],"about":[{"href":"http:\/\/www.korhanyilmaz.com\/index.php?rest_route=\/wp\/v2\/types\/post"}],"author":[{"embeddable":true,"href":"http:\/\/www.korhanyilmaz.com\/index.php?rest_route=\/wp\/v2\/users\/1"}],"replies":[{"embeddable":true,"href":"http:\/\/www.korhanyilmaz.com\/index.php?rest_route=%2Fwp%2Fv2%2Fcomments&post=55295"}],"version-history":[{"count":0,"href":"http:\/\/www.korhanyilmaz.com\/index.php?rest_route=\/wp\/v2\/posts\/55295\/revisions"}],"wp:attachment":[{"href":"http:\/\/www.korhanyilmaz.com\/index.php?rest_route=%2Fwp%2Fv2%2Fmedia&parent=55295"}],"wp:term":[{"taxonomy":"category","embeddable":true,"href":"http:\/\/www.korhanyilmaz.com\/index.php?rest_route=%2Fwp%2Fv2%2Fcategories&post=55295"},{"taxonomy":"post_tag","embeddable":true,"href":"http:\/\/www.korhanyilmaz.com\/index.php?rest_route=%2Fwp%2Fv2%2Ftags&post=55295"}],"curies":[{"name":"wp","href":"https:\/\/api.w.org\/{rel}","templated":true}]}}