{"id":55257,"date":"2012-09-09T15:05:33","date_gmt":"2012-09-09T12:05:33","guid":{"rendered":"http:\/\/www.korhanyilmaz.com\/?p=55257"},"modified":"2012-09-10T00:49:52","modified_gmt":"2012-09-09T21:49:52","slug":"alevilerden-erdogana-buyuk-tepki","status":"publish","type":"post","link":"http:\/\/www.korhanyilmaz.com\/?p=55257","title":{"rendered":"Alevilerden Erdo\u011fan&#8217;a b\u00fcy\u00fck tepki!"},"content":{"rendered":"<p style=\"text-align: center;\"><a href=\"http:\/\/www.korhanyilmaz.com\/wp-content\/uploads\/2012\/09\/H725.jpg\"  class=\"lightview\"><img loading=\"lazy\" decoding=\"async\" class=\"aligncenter  wp-image-55258\" src=\"http:\/\/www.korhanyilmaz.com\/wp-content\/uploads\/2012\/09\/H725.jpg\" alt=\"\" width=\"434\" height=\"217\" \/><\/a><\/p>\n<p style=\"text-align: justify;\">&#8216;<span style=\"text-decoration: underline;\"><strong>BOP&#8217;un e\u015fba\u015fkan\u0131y\u0131m diyenler&#8230;<\/strong><\/span>&#8216;<\/p>\n<p style=\"text-align: justify;\">BA\u015eBAKAN Recep Tayyip Erdo\u011fan\u2019\u0131n, \u2019Kerbela\u2019da ya\u015fanan neyse Suriye\u2019de ya\u015fanan da odur\u2019 a\u00e7\u0131klamalar\u0131na tepki g\u00f6steren Kayseri Hac\u0131 Bekta\u015fi Veli K\u00fclt\u00fcr\u00fcn\u00fc Ara\u015ft\u0131rma Ya\u015fatma ve Dayan\u0131\u015fma Derne\u011fi Ba\u015fkan\u0131 Kenan Akp\u0131nar, &#8220;<strong><span style=\"text-decoration: underline;\">Y\u0131lard\u0131r M\u00fcsl\u00fcman kan\u0131 ak\u0131tan ABD\u2019ye e\u015f ba\u015fkanl\u0131k yapt\u0131\u011f\u0131n\u0131 s\u00f6yleyenler, yap\u0131lan zul\u00fcmlere ortak olanlar, \u00fclkede de ayr\u0131mc\u0131 politika izleyenler Kerbela\u2019dan bahsetmemelidir<\/span><\/strong>&#8221; dedi.\u00a0<!--more--><\/p>\n<p style=\"text-align: justify;\">Ba\u015fbakan Recep Tayyip Erdo\u011fan\u2019\u0131n, \u2019Arap Uyan\u0131\u015f\u0131 ve Orta Do\u011fu\u2019da Bar\u0131\u015f: M\u00fcsl\u00fcman ve H\u0131ristiyan Perspektifler\u2019 ba\u015fl\u0131kl\u0131 konferansta Suriye\u2019deki olaylar \u00fczerine yapt\u0131\u011f\u0131, \u2019Kerbela\u2019da ya\u015fanan neyse Suriye\u2019de ya\u015fanan da odur\u2019 de\u011ferlendirmesine Kayseri\u2019den tepki geldi. Hac\u0131 Bekta\u015fi Veli K\u00fclt\u00fcr\u00fcn\u00fc Ara\u015ft\u0131rma Ya\u015fatma ve Dayan\u0131\u015fma Derne\u011fi Ba\u015fkan\u0131 Kenan Akp\u0131nar, Ba\u015fbakan\u2019\u0131n samimi olmad\u0131\u011f\u0131n\u0131 \u00f6ne s\u00fcrd\u00fc. &#8220;\u00dclkesince farkl\u0131 inan\u00e7lara sayg\u0131s\u0131 olmayan, her f\u0131rsatta Alevili\u011fin de\u011ferlerine hakaret eden, Cem evlerini inkar eden bir Ba\u015fbakan\u2019\u0131n bu s\u00f6zleri gayri ciddidir&#8221; diyen Akp\u0131nar, \u015f\u00f6yle konu\u015ftu: &#8220;Mad\u0131mak katillerini zaman a\u015f\u0131m\u0131na u\u011fratmak i\u00e7in on y\u0131l boyunca k\u0131rm\u0131z\u0131 b\u00fcltenle arananlar\u0131, adliyelerin tozlu raflar\u0131nda saklayanlar ve onlar hakk\u0131nda i\u015flem yapmayanlar, kendi hakl\u0131 davalar\u0131 u\u011fruna mahkemelerin \u00f6nlerinde bekleyen Aleviler\u2019in \u00fczerine gaz bombas\u0131 att\u0131ranlar, Aleviler\u2019in inan\u00e7 merkezi olan cem evini, Alevilerin kutsal sayd\u0131\u011f\u0131 Karacaahmet\u2019i ve oradaki cemevini ucubeye benzetenlerin, belediyeye ihbar edercesine davette bulunan Ba\u015fbakan\u2019\u0131n Suriye\u2019de yap\u0131lanlar\u0131 Kerbela\u2019ya benzetmesi de do\u011fru de\u011fildir.&#8221;<\/p>\n<p style=\"text-align: justify;\"><strong>\u2019SUR\u0130YE\u2019YE SAVA\u015e \u0130LAN ETMEK \u0130\u00c7\u0130N HALKI KANDIRAMAZSINIZ\u2019\u00a0<\/strong><\/p>\n<p style=\"text-align: justify;\">Y\u0131lard\u0131r M\u00fcsl\u00fcman kan\u0131 ak\u0131tan ABD\u2019ye e\u015f ba\u015fkanl\u0131k yapt\u0131\u011f\u0131n\u0131 s\u00f6ylemekten \u00e7ekinmeyen ve yap\u0131lan zul\u00fcmlere ortak olan, \u00fclkede de ayr\u0131mc\u0131 politika izleyenlerin Kerbela\u2019dan bahsetmemesi gerekti\u011fini dile getiren Akp\u0131nar, \u015f\u00f6yle devam etti:<\/p>\n<p style=\"text-align: justify;\">&#8220;Bir tarafta insanlar\u0131n mezheplerini sorgulay\u0131p, di\u011fer taraf da baz\u0131 vatanda\u015flar\u0131n ho\u015funa gidecek s\u00fcsl\u00fc laflarla Kerbelalar\u2019\u0131n ac\u0131s\u0131 dinmez. Ortado\u011fu\u2019da akan kanlar\u0131n ve d\u00f6k\u00fclen g\u00f6zya\u015flar\u0131n\u0131n sebebi olunmamal\u0131d\u0131r. Suriye\u2019ye sava\u015f ilan etmek i\u00e7in halk\u0131 kand\u0131ramazs\u0131n\u0131z. Bunun yan\u0131nda zorunlu din derslerinin Alevi \u00f6\u011frencilere dayat\u0131lmas\u0131 da birer Kerbela\u2019d\u0131r. Her g\u00fcn kan d\u00f6k\u00fclmesi, \u015fehitlerin gelmesi de birer Kerbela\u2019d\u0131r. Sivas, \u00c7orum, Mara\u015f ve Malatya\u2019daki olaylarda Kerbela\u2019d\u0131r. \u00dclkemizde ya\u015fanan bu olaylar\u0131 g\u00f6rmezlikten gelmek de Kerbela\u2019d\u0131r.&#8221;<\/p>\n<p style=\"text-align: justify;\"><a href=\"http:\/\/haber.gazetevatan.com\/alevilerden-erdogana-buyuk-tepki\/479966\/1\/G%C3%BCndem#.UE0N07LN-Zc\" target=\"_blank\">Kaynak : VATAN Gazetesi<\/a><\/p>\n","protected":false},"excerpt":{"rendered":"<p style=\"text-align: center;\">\n<p style=\"text-align: justify;\">&#8216;BOP&#8217;un e\u015fba\u015fkan\u0131y\u0131m diyenler&#8230;&#8216;<\/p>\n<p style=\"text-align: justify;\">BA\u015eBAKAN Recep Tayyip Erdo\u011fan\u2019\u0131n, \u2019Kerbela\u2019da ya\u015fanan neyse Suriye\u2019de ya\u015fanan da odur\u2019 a\u00e7\u0131klamalar\u0131na tepki g\u00f6steren Kayseri Hac\u0131 Bekta\u015fi Veli K\u00fclt\u00fcr\u00fcn\u00fc Ara\u015ft\u0131rma Ya\u015fatma ve Dayan\u0131\u015fma Derne\u011fi Ba\u015fkan\u0131 Kenan Akp\u0131nar, &#8220;Y\u0131lard\u0131r M\u00fcsl\u00fcman kan\u0131 ak\u0131tan ABD\u2019ye e\u015f ba\u015fkanl\u0131k yapt\u0131\u011f\u0131n\u0131 s\u00f6yleyenler, yap\u0131lan zul\u00fcmlere ortak olanlar, \u00fclkede de ayr\u0131mc\u0131 politika izleyenler <\/p>\n","protected":false},"author":1,"featured_media":0,"comment_status":"open","ping_status":"open","sticky":false,"template":"","format":"standard","meta":{"footnotes":""},"categories":[105],"tags":[],"class_list":["post-55257","post","type-post","status-publish","format-standard","hentry","category-gundem","odd"],"_links":{"self":[{"href":"http:\/\/www.korhanyilmaz.com\/index.php?rest_route=\/wp\/v2\/posts\/55257","targetHints":{"allow":["GET"]}}],"collection":[{"href":"http:\/\/www.korhanyilmaz.com\/index.php?rest_route=\/wp\/v2\/posts"}],"about":[{"href":"http:\/\/www.korhanyilmaz.com\/index.php?rest_route=\/wp\/v2\/types\/post"}],"author":[{"embeddable":true,"href":"http:\/\/www.korhanyilmaz.com\/index.php?rest_route=\/wp\/v2\/users\/1"}],"replies":[{"embeddable":true,"href":"http:\/\/www.korhanyilmaz.com\/index.php?rest_route=%2Fwp%2Fv2%2Fcomments&post=55257"}],"version-history":[{"count":0,"href":"http:\/\/www.korhanyilmaz.com\/index.php?rest_route=\/wp\/v2\/posts\/55257\/revisions"}],"wp:attachment":[{"href":"http:\/\/www.korhanyilmaz.com\/index.php?rest_route=%2Fwp%2Fv2%2Fmedia&parent=55257"}],"wp:term":[{"taxonomy":"category","embeddable":true,"href":"http:\/\/www.korhanyilmaz.com\/index.php?rest_route=%2Fwp%2Fv2%2Fcategories&post=55257"},{"taxonomy":"post_tag","embeddable":true,"href":"http:\/\/www.korhanyilmaz.com\/index.php?rest_route=%2Fwp%2Fv2%2Ftags&post=55257"}],"curies":[{"name":"wp","href":"https:\/\/api.w.org\/{rel}","templated":true}]}}