{"id":55241,"date":"2012-09-09T18:59:05","date_gmt":"2012-09-09T15:59:05","guid":{"rendered":"http:\/\/www.korhanyilmaz.com\/?p=55241"},"modified":"2012-09-10T00:08:50","modified_gmt":"2012-09-09T21:08:50","slug":"sehit-babasi-slogan-ve-siyaset-istemiyor","status":"publish","type":"post","link":"http:\/\/www.korhanyilmaz.com\/?p=55241","title":{"rendered":"\u015eehit babas\u0131 slogan ve siyaset istemiyor"},"content":{"rendered":"<p style=\"text-align: center;\"><a href=\"http:\/\/www.korhanyilmaz.com\/wp-content\/uploads\/2012\/09\/H722.jpg\"  class=\"lightview\"><img loading=\"lazy\" decoding=\"async\" class=\" wp-image-55242 aligncenter\" src=\"http:\/\/www.korhanyilmaz.com\/wp-content\/uploads\/2012\/09\/H722.jpg\" alt=\"\" width=\"447\" height=\"253\" \/><\/a><\/p>\n<p style=\"text-align: justify;\">Afyonkarahisar&#8217;daki patlamada \u015fehit olan M\u00fccahit Co\u015fkun&#8217;un babas\u0131, o\u011flunun cenazesinde siyaset yap\u0131lmamas\u0131n\u0131 ve &#8216;\u015fehitler \u00f6lmez&#8217; gibi sloganlar at\u0131lmamas\u0131n\u0131 istedi.<\/p>\n<p style=\"text-align: justify;\">ZONGULDAK &#8211; Afyonkarahisar&#8217;daki \u015eehit Uzman \u00c7avu\u015f Mete Sara\u00e7 K\u0131\u015flas\u0131&#8217;nda meydana gelen patlamada \u015fehit olan onba\u015f\u0131 M\u00fccahit Co\u015fkun&#8217;un babas\u0131 \u015eeref Co\u015fkun konu\u015ftu.<\/p>\n<p style=\"text-align: justify;\">Alapl\u0131 il\u00e7esine ba\u011fl\u0131 \u00c7atak k\u00f6y\u00fcndeki evinde gazetecilere a\u00e7\u0131klama yapan baba Co\u015fkun, o\u011flunun cenaze t\u00f6reninde slogan at\u0131lmamas\u0131n\u0131 istedi\u011fini s\u00f6yledi.\u00a0<!--more--><\/p>\n<div id=\"attachment_55243\" style=\"width: 171px\" class=\"wp-caption alignleft\"><a href=\"http:\/\/www.korhanyilmaz.com\/wp-content\/uploads\/2012\/09\/H720.jpg\"  class=\"lightview\"><img loading=\"lazy\" decoding=\"async\" aria-describedby=\"caption-attachment-55243\" class=\" wp-image-55243 \" style=\"margin-left: 10px; margin-right: 10px;\" src=\"http:\/\/www.korhanyilmaz.com\/wp-content\/uploads\/2012\/09\/H720.jpg\" alt=\"\" width=\"161\" height=\"216\" \/><\/a><p id=\"caption-attachment-55243\" class=\"wp-caption-text\">\u015eehit M\u00fccahit Co\u015fkun<\/p><\/div>\n<div id=\"attachment_55247\" style=\"width: 169px\" class=\"wp-caption alignright\"><a href=\"http:\/\/www.korhanyilmaz.com\/wp-content\/uploads\/2012\/09\/H721.jpg\"  class=\"lightview\"><img loading=\"lazy\" decoding=\"async\" aria-describedby=\"caption-attachment-55247\" class=\" wp-image-55247\" style=\"margin-left: 10px; margin-right: 10px;\" src=\"http:\/\/www.korhanyilmaz.com\/wp-content\/uploads\/2012\/09\/H721.jpg\" alt=\"\" width=\"159\" height=\"238\" \/><\/a><p id=\"caption-attachment-55247\" class=\"wp-caption-text\">Baba \u015eeref Co\u015fkun<\/p><\/div>\n<p style=\"text-align: justify;\">Evlat ac\u0131s\u0131ndan daha b\u00fcy\u00fck bir ac\u0131 olmad\u0131\u011f\u0131n\u0131 belirten Co\u015fkun, \u015f\u00f6yle konu\u015ftu:<\/p>\n<p style=\"text-align: justify;\">&#8221;Evlad\u0131m\u0131n ac\u0131s\u0131 d\u00fc\u015ft\u00fc\u011f\u00fc yeri yakt\u0131\u011f\u0131 gibi o\u011flumun \u00f6l\u00fcm\u00fc etraf\u0131mdaki dostlar\u0131m\u0131 da etkiledi.<\/p>\n<p style=\"text-align: justify;\">Bu bizi bir nebzede olsa teselli ediyor. O\u011flum yolda giderken de \u00f6lebilirdi. Ama benim o\u011flum orada vazifesini ba\u015f\u0131nda devletini ve milletini korurken \u015fehit oldu.<\/p>\n<p style=\"text-align: justify;\">Bizim tek iste\u011fimiz var. O da o\u011flumun cenaze t\u00f6reninde kesinlikle siyaset yap\u0131lmamas\u0131d\u0131r. Provokasyon, slogan ve alk\u0131\u015f istemiyoruz. \u015eehitler \u00f6lmez gibi sloganlarda at\u0131lmas\u0131n\u0131 istemiyoruz. Bu niyetle gelecekler varsa l\u00fctfen gelmesin. Bizim iste\u011fimiz \u015fehidimizi dualarla ve tekbirlerle u\u011furlamakt\u0131r.&#8221;<\/p>\n<p style=\"text-align: justify;\"><strong>\u015eEH\u0130TL\u0130KLE \u0130LGL\u0130 SORU SORMU\u015e<\/strong><\/p>\n<p style=\"text-align: justify;\">O\u011flunun askere gitmeden \u00f6nce k\u00f6ydeki cami hocas\u0131na &#8221;Bana \u015fehitlik yak\u0131\u015f\u0131r m\u0131, \u015fehit olabilir miyim&#8221; diye sordu\u011funu \u00f6\u011frendiklerini ifade eden baba Co\u015fkun, &#8221;Hoca da sana \u015fehitli\u011fin alas\u0131 yak\u0131\u015f\u0131r. Ad\u0131n M\u00fccahit, ad\u0131na yak\u0131\u015f\u0131rs\u0131n&#8217; demi\u015f. \u015eehit olaca\u011f\u0131 o\u011flumun i\u00e7ine do\u011fmu\u015f. Bizim can\u0131m\u0131z yand\u0131 ba\u015fkalar\u0131n can\u0131 yans\u0131n istemiyoruz. Biz en b\u00fcy\u00fck ac\u0131y\u0131 ya\u015f\u0131yoruz&#8221; dedi.<\/p>\n<p style=\"text-align: justify;\"><a href=\"http:\/\/www.ntvmsnbc.com\/id\/25380617\" target=\"_blank\">Kaynak : NTVMSNBC<\/a><\/p>\n","protected":false},"excerpt":{"rendered":"<p style=\"text-align: center;\">\n<p style=\"text-align: justify;\">Afyonkarahisar&#8217;daki patlamada \u015fehit olan M\u00fccahit Co\u015fkun&#8217;un babas\u0131, o\u011flunun cenazesinde siyaset yap\u0131lmamas\u0131n\u0131 ve &#8216;\u015fehitler \u00f6lmez&#8217; gibi sloganlar at\u0131lmamas\u0131n\u0131 istedi.<\/p>\n<p style=\"text-align: justify;\">ZONGULDAK &#8211; Afyonkarahisar&#8217;daki \u015eehit Uzman \u00c7avu\u015f Mete Sara\u00e7 K\u0131\u015flas\u0131&#8217;nda meydana gelen patlamada \u015fehit olan onba\u015f\u0131 M\u00fccahit Co\u015fkun&#8217;un babas\u0131 \u015eeref Co\u015fkun konu\u015ftu.<\/p>\n<p style=\"text-align: justify;\">Alapl\u0131 il\u00e7esine ba\u011fl\u0131 \u00c7atak k\u00f6y\u00fcndeki evinde gazetecilere <\/p>\n","protected":false},"author":1,"featured_media":0,"comment_status":"open","ping_status":"open","sticky":false,"template":"","format":"standard","meta":{"footnotes":""},"categories":[105],"tags":[],"class_list":["post-55241","post","type-post","status-publish","format-standard","hentry","category-gundem","odd"],"_links":{"self":[{"href":"http:\/\/www.korhanyilmaz.com\/index.php?rest_route=\/wp\/v2\/posts\/55241","targetHints":{"allow":["GET"]}}],"collection":[{"href":"http:\/\/www.korhanyilmaz.com\/index.php?rest_route=\/wp\/v2\/posts"}],"about":[{"href":"http:\/\/www.korhanyilmaz.com\/index.php?rest_route=\/wp\/v2\/types\/post"}],"author":[{"embeddable":true,"href":"http:\/\/www.korhanyilmaz.com\/index.php?rest_route=\/wp\/v2\/users\/1"}],"replies":[{"embeddable":true,"href":"http:\/\/www.korhanyilmaz.com\/index.php?rest_route=%2Fwp%2Fv2%2Fcomments&post=55241"}],"version-history":[{"count":0,"href":"http:\/\/www.korhanyilmaz.com\/index.php?rest_route=\/wp\/v2\/posts\/55241\/revisions"}],"wp:attachment":[{"href":"http:\/\/www.korhanyilmaz.com\/index.php?rest_route=%2Fwp%2Fv2%2Fmedia&parent=55241"}],"wp:term":[{"taxonomy":"category","embeddable":true,"href":"http:\/\/www.korhanyilmaz.com\/index.php?rest_route=%2Fwp%2Fv2%2Fcategories&post=55241"},{"taxonomy":"post_tag","embeddable":true,"href":"http:\/\/www.korhanyilmaz.com\/index.php?rest_route=%2Fwp%2Fv2%2Ftags&post=55241"}],"curies":[{"name":"wp","href":"https:\/\/api.w.org\/{rel}","templated":true}]}}