{"id":55226,"date":"2012-09-08T15:22:31","date_gmt":"2012-09-08T12:22:31","guid":{"rendered":"http:\/\/www.korhanyilmaz.com\/?p=55226"},"modified":"2012-09-09T22:40:09","modified_gmt":"2012-09-09T19:40:09","slug":"ya-kandil-ya-tbmm","status":"publish","type":"post","link":"http:\/\/www.korhanyilmaz.com\/?p=55226","title":{"rendered":"Ya Kandil, ya TBMM"},"content":{"rendered":"<p style=\"text-align: center;\"><a href=\"http:\/\/www.korhanyilmaz.com\/wp-content\/uploads\/2012\/09\/H715.jpg\"  class=\"lightview\"><img loading=\"lazy\" decoding=\"async\" class=\"aligncenter  wp-image-55227\" src=\"http:\/\/www.korhanyilmaz.com\/wp-content\/uploads\/2012\/09\/H715.jpg\" alt=\"\" width=\"394\" height=\"179\" \/><\/a><\/p>\n<p style=\"text-align: justify;\">\u0130STANBUL &#8211; Ba\u015fbakan Recep Tayyip Erdo\u011fan, BDP milletvekillerinin PKK\u2019l\u0131larla kucakla\u015ft\u0131\u011f\u0131 g\u00f6r\u00fcnt\u00fcleri hat\u0131rlatarak, \u201cHer t\u00fcrl\u00fc sorunun \u00e7\u00f6z\u00fcm yeri demokratik siyaset alan\u0131d\u0131r. Da\u011fda siyaset yapmak isteyenler buyursunlar da\u011fa \u00e7\u0131ks\u0131nlar. Ter\u00f6ristlerle kucakla\u015fanlar parlamentoda millet ad\u0131na m\u00fccadele veremezler. Zira iki tercih var: Ya Kandil ya TBMM. E\u011fer Meclis diyorsan seninle m\u00fczakere masas\u0131na oturacak siyaseti, iktidar\u0131 bulursun\u201d dedi.\u00a0<!--more--><\/p>\n<p style=\"text-align: justify;\">Ba\u015fbakan Erdo\u011fan, \u0130stanbul B\u00fcy\u00fck\u015fehir Belediyesi Sar\u0131yer \u00c7ay\u0131rba\u015f\u0131 T\u00fcneli ile 20 kav\u015fak ve yolun a\u00e7\u0131l\u0131\u015f t\u00f6reninde yapt\u0131\u011f\u0131 konu\u015fmada, kendisinin \u0130stanbul B\u00fcy\u00fck\u015fehir Belediye Ba\u015fkan\u0131 oldu\u011fu d\u00f6nemde \u00f6nceki CHP\u2019li belediyenin yar\u0131m b\u0131rakt\u0131\u011f\u0131 i\u015fleri bitirdi\u011fini anlatt\u0131. \u201c\u00dclkemizde bir \u015fey var. Bu \u00e7ok s\u0131k\u0131nt\u0131l\u0131, sadece siyaset\u00e7ide de\u011fil siyasetin d\u0131\u015f\u0131nda da bizi k\u0131skan\u00e7l\u0131k \u00f6ld\u00fcr\u00fcyor\u201d diyen Erdo\u011fan, i\u015f yapanlar\u0131n \u00f6n\u00fcnde durma al\u0131\u015fkanl\u0131\u011f\u0131ndan vazge\u00e7ilmesi gerekti\u011fini vurgulad\u0131. Kendi belediye ba\u015fkanl\u0131\u011f\u0131 d\u00f6neminde Taksim\u2019den gelen metroyu Maslak\u2019taki \u0130T\u00dc kampusundan \u00e7\u0131karmaya ve orada \u0130SK\u0130\u2019ye ait alanda bir vagon bak\u0131m b\u00f6lgesi olu\u015fturmaya \u00e7al\u0131\u015ft\u0131\u011f\u0131n\u0131 anlatan Erdo\u011fan, bu \u00e7abas\u0131n\u0131n o zaman\u0131n \u00fcniversite y\u00f6netimi taraf\u0131ndan kabul edilmedi\u011fini ifade etti.<\/p>\n<p style=\"text-align: justify;\"><strong>\u201cMEDYA DEMORAL\u0130ZE ETME GAYRET\u0130NDE\u201d<\/strong><\/p>\n<p style=\"text-align: justify;\">Medyan\u0131n h\u00fck\u00fcmetlerine kar\u015f\u0131 tak\u0131nd\u0131\u011f\u0131 tavr\u0131 da ele\u015ftiren Erdo\u011fan, \u0130stanbul\u2019da k\u00f6pr\u00fc bak\u0131m\u0131 nedeniyle bas\u0131n\u0131n att\u0131\u011f\u0131 ba\u015fl\u0131klar\u0131 ele\u015ftirdi. Medyan\u0131n halk\u0131n moralini d\u00fc\u015f\u00fcrme gayretinde oldu\u011funu savunan Erdo\u011fan, \u201cYar\u0131n bak\u0131m olmad\u0131\u011f\u0131ndan bir felaket olursa o zaman da arkam\u0131zdan teneke \u00e7alars\u0131n\u0131z\u201d dedi.<\/p>\n<p style=\"text-align: justify;\">K\u00f6pr\u00fc ge\u00e7i\u015flerinde KGS uygulamas\u0131na da son verilece\u011fini HGS ile ge\u00e7i\u015flerin h\u0131zland\u0131r\u0131laca\u011f\u0131n\u0131, 3. K\u00f6pr\u00fc, Marmaray, T\u00fcp Ge\u00e7it gibi projelerle ula\u015f\u0131m\u0131n daha da rahatlayaca\u011f\u0131n\u0131 anlatan Ba\u015fbakan Erdo\u011fan, \u00e7oklu ta\u015f\u0131ma ara\u00e7lar\u0131n\u0131n kullan\u0131m\u0131n\u0131n art\u0131r\u0131lmas\u0131 gerekti\u011fini vurgulad\u0131.<\/p>\n<p style=\"text-align: justify;\"><strong>\u201cYA KAND\u0130L YA TBMM\u201d<\/strong><\/p>\n<p style=\"text-align: justify;\">Erdo\u011fan, BDP\u2019lilerle PKK\u2019l\u0131lar\u0131n kucakla\u015ft\u0131\u011f\u0131 g\u00f6r\u00fcnt\u00fclere de de\u011finerek \u015funlar\u0131 s\u00f6yledi: \u201c\u00dclkemizde demokrasi standartlar\u0131, \u00f6zg\u00fcrl\u00fckler, hukuk devleti anlay\u0131\u015f\u0131, insan haklar\u0131nda ula\u015f\u0131lan d\u00fczey ge\u00e7mi\u015fle mukayese edilemez. Her t\u00fcrl\u00fc sorunun \u00e7\u00f6z\u00fcm yeri demokratik siyaset alan\u0131d\u0131r. Da\u011fda siyaset yapmak isteyenler buyursunlar da\u011fa \u00e7\u0131ks\u0131nlar. Ter\u00f6ristlerle kucakla\u015fanlar parlamentoda millet ad\u0131na m\u00fccadele veremezler. Vermeye kalksalar da sayg\u0131 g\u00f6remezler. Zira iki tercih var: Ya Kandil ya TBMM. E\u011fer Meclis diyorsan gel m\u00fccadeleni Meclis\u2019te ver. O zaman seninle m\u00fczakere masas\u0131na oturacak siyaseti, iktidar\u0131 bulursun. Kandil\u2019in temsilcileriyle \u2018tokala\u015ft\u0131m\u2019 diyor. Ne tokala\u015fmas\u0131? Biz senin \u00f6p\u00fc\u015fmeni de g\u00f6rd\u00fck. Senin merhaban e\u011fer buysa biz yanm\u0131\u015f\u0131z. Oradaki tabloyu milletim g\u00f6rd\u00fc ve de\u011ferlendirdi. Sizi oturtulmas\u0131 gereken yere oturttu. Biz bunlar\u0131 konu\u015faca\u011f\u0131z 75 milyon vatanda\u015f\u0131m\u0131za anlataca\u011f\u0131z. Bunlar\u0131n kirli y\u00fcz\u00fcn\u00fc, bunlar\u0131n haf\u0131za kayd\u0131n\u0131 a\u00e7\u0131\u011fa koymak, a\u00e7\u0131\u011fa d\u00f6kmek durumunday\u0131z\u201d<\/p>\n<p style=\"text-align: justify;\"><strong>CHP VE MHP\u2019YE \u201cDO\u011eU\u2019YA DA G\u0130D\u0130N \u00c7A\u011eRISI<\/strong><\/p>\n<p style=\"text-align: justify;\">Do\u011fu b\u00f6lgelerinde demokratik siyasetin geli\u015fmesi i\u00e7in CHP ve MHP\u2019ye de g\u00f6revler d\u00fc\u015ft\u00fc\u011f\u00fcn\u00fc belirten Erdo\u011fan, \u201cBunun i\u00e7in CHP ve MHP\u2019ye sesleniyorum. Gelin Sivas\u2019\u0131n \u00f6tesinde te\u015fkilatlar\u0131n\u0131z\u0131 aya\u011fa kald\u0131r\u0131n. \u00c7al\u0131\u015fs\u0131nlar, halk\u0131n aras\u0131na kar\u0131\u015fs\u0131nlar. Diyorum ki tabela partisi olmay\u0131n, halk\u0131n aras\u0131na kar\u0131\u015f\u0131n. Orada sadece AKP olmamal\u0131 siz de olmal\u0131s\u0131n\u0131z. Demokrasinin m\u00fccadelesini orada beraber verelim. Demokrasiyi birlikte g\u00fc\u00e7lendirelim. Ama ben Ankara\u2019da kalay\u0131m se\u00e7im zaman\u0131 u\u011frar\u0131m. Ya da herhangi bir olay oldu\u011funda gidip bir ziyaret ederim. Siyaset bu de\u011fil. Tabela partisi olmayacaks\u0131n. Demokratik m\u00fccadele bu. Normal zamanda kimseyi orada g\u00f6remezsiniz. Te\u015fkilat\u0131n\u0131z\u0131 s\u00fcrekli \u00e7al\u0131\u015ft\u0131racaks\u0131n\u0131z. Bu s\u00fcreklilik kazan\u0131rsa g\u00f6receksiniz ki ter\u00f6r \u00f6rg\u00fct\u00fc ve uzant\u0131s\u0131 ciddi manada kan kaybedecektir\u201d dedi.<\/p>\n<p style=\"text-align: justify;\">Konu\u015fmalar\u0131nda cumhuriyet d\u00f6nemiyle yapt\u0131\u011f\u0131 kar\u015f\u0131la\u015ft\u0131rmalara yap\u0131lan ele\u015ftirilere de de\u011finen Erdo\u011fan, \u201c\u2018Niye cumhuriyet tarihiyle kar\u015f\u0131la\u015ft\u0131r\u0131yorsun?\u2019 diyorlar. Anla diye. Bir ger\u00e7e\u011fi ortaya koyuyoruz\u201d diye konu\u015ftu. Ula\u015ft\u0131rma yat\u0131r\u0131mlar\u0131nda CHP\u2019li belediyelerin daha d\u00fc\u015f\u00fck maliyetlerle i\u015f yapt\u0131rd\u0131\u011f\u0131 y\u00f6n\u00fcndeki a\u00e7\u0131klamalara da de\u011finen Erdo\u011fan, \u201cBurada bir ger\u00e7e\u011fi s\u00f6ylemem laz\u0131m. Anamuhalefet zaman zaman baz\u0131 \u015feyler s\u00f6yl\u00fcyor. \u2018Efendim, \u0130zmir ilimiz \u015f\u00f6yle \u00e7al\u0131\u015f\u0131yor, maliyetleri \u015f\u00f6yle d\u00fc\u015f\u00fck\u2019 diyor. Ya, bir defa metro nedir, hafif metro nedir Say\u0131n Genel Ba\u015fkan \u00f6nce bunu \u00f6\u011fren. \u0130zmir\u2019le ilgili anlatt\u0131klar\u0131n metro de\u011fil hafif metrodur. Bunlar\u0131n maliyetini hesaplamaya \u00e7al\u0131\u015fan baz\u0131 milletvekillerine de s\u00f6yle bu i\u015fin hesab\u0131 \u00f6yle yap\u0131lma. Ayr\u0131ca \u0130zmir bu ula\u015f\u0131m istemini yapamad\u0131\u011f\u0131ndan Ula\u015ft\u0131rma Bakanl\u0131\u011f\u0131m\u0131zdan yard\u0131m istemi\u015ftir. Benim verdi\u011fim talimatla oradaki rayl\u0131 sistemlerde Ula\u015ft\u0131rma Bakanl\u0131\u011f\u0131 devreye girmi\u015f buradaki hizmetler beraber y\u00fcr\u00fct\u00fclm\u00fc\u015ft\u00fcr. Bunlardan birinin a\u00e7\u0131l\u0131\u015f\u0131nda da Say\u0131n Anamuhalefetin Genel Ba\u015fkan\u0131yla birlikte bulunduk\u201d diye konu\u015ftu.<\/p>\n<p style=\"text-align: justify;\"><strong>&#8220;KILI\u00c7DARO\u011eLU G\u0130TS\u0130N METROYU G\u00d6RS\u00dcN&#8221;<\/strong><\/p>\n<p style=\"text-align: justify;\">Konu\u015fmas\u0131nda medyaya da y\u00fcklenen Erdo\u011fan, zaman zaman ufak kazalar veya durmalar ya\u015fand\u0131\u011f\u0131nda yaz\u0131l\u0131 ve g\u00f6rsel medyan\u0131n iktidara \u201cvurmaya\u201d ba\u015flad\u0131\u011f\u0131n\u0131 belirten Erdo\u011fan, CHP lideri Kemal K\u0131l\u0131\u00e7daro\u011flu\u2019na seslenerek, \u201cToplu ta\u015f\u0131ma da biz farkl\u0131 bir d\u00f6nem ba\u015flatt\u0131k. Biliyorsunuz ge\u00e7ti\u011fimiz ay Kad\u0131k\u00f6y-Kartal metrosunu hizmete a\u00e7t\u0131k. Ananmuhalefet Genel Ba\u015fkan\u0131na tavsiye ederim. Kad\u0131k\u00f6y Belediyesi kendilerinde, Kad\u0131k\u00f6y-Kartal ziyareti yaparsa hi\u00e7 olmazsa metroyu g\u00f6r\u00fcr. Kartal\u2019da da yine muhalefetin bir belediyesi var, dolay\u0131s\u0131yla oray\u0131 ziyaret etmesi oradaki l\u00fcks ta\u015f\u0131mac\u0131l\u0131\u011f\u0131n ne oldu\u011funu g\u00f6rmesi bak\u0131m\u0131ndan \u00f6nem arz eder. Biz, \u2018Burada muhalefet belediyesi var\u2019 diye bakm\u0131yoruz. \u2018Burada benim insan\u0131m var\u2019 diyor ve hizmet siyaset \u00fcretiyoruz\u201d diye konu\u015ftu.<\/p>\n<p style=\"text-align: justify;\"><strong>\u201cB\u0130R DAK\u0130KA BURADA DURMAYIZ\u201d<\/strong><\/p>\n<p style=\"text-align: justify;\">\u0130ktidarlar\u0131 d\u00f6neminde her alanda iyile\u015fmeler ya\u015fand\u0131\u011f\u0131n\u0131 iler s\u00fcren Erdo\u011fan, \u201cBa\u015f\u0131n\u0131z\u0131 iki elinizin aras\u0131na al\u0131n, kendinize sorun 10 y\u0131l \u00f6nce ben neydim, ya\u015fam ko\u015fullar\u0131m\u0131z neydi, \u015fu anda ne? Her alanda bunu sorun. E\u011fer biz o g\u00fcne g\u00f6re bug\u00fcn geri gittiysek, ispat etsinler 1 dakika burada durmay\u0131z\u201d dedi.<\/p>\n<p style=\"text-align: justify;\"><strong>&#8220;BAZI EMEKL\u0130 ASKERLER GELD\u0130KLER\u0130 OCA\u011eA \u0130HANET ED\u0130YOR&#8221;<\/strong><\/p>\n<p style=\"text-align: justify;\">Talihsiz olaylarda verilen kay\u0131plar\u0131n da kendilerini \u00fczd\u00fc\u011f\u00fcn\u00fc ifade eden Erdo\u011fan, Afyonkarahisar\u2019da ya\u015fanan cephanelik patlamas\u0131nda \u015fehit olan 25 askerin ac\u0131s\u0131n\u0131n da y\u00fcrekleri da\u011flad\u0131\u011f\u0131n\u0131 ifade etti. Olay\u0131n ard\u0131ndan medyan\u0131n g\u00f6sterdi\u011fi tavr\u0131 ele\u015ftiren Erdo\u011fan, \u015funlar\u0131 s\u00f6yledi: \u201cOlay oldu\u011fu andan itibaren, at\u0131lan ba\u015fl\u0131klar, yap\u0131lan yorumlar inan\u0131n bilerek de\u011fil sadece farkl\u0131 senaryolara g\u00f6re \u015fekilleniyor. Biri al\u0131yor bir emekli generali getiriyor, biri al\u0131yor bir emekli askeri getiriyor. Yani kendisi olmad\u0131\u011f\u0131 s\u00fcre i\u00e7inde ne t\u00fcr el bombalar\u0131 \u00fcretilmi\u015f, ithal edilmi\u015f bundan haberi yok. Kendi zaman\u0131nda var olanlar \u00fczerinden a\u00e7\u0131klamalar yap\u0131yorlar. Vatanda\u015f\u0131m da televizyonda bunlar\u0131 dinleyince san\u0131yorlar ki i\u015fin ger\u00e7e\u011fi bu zannediyor. \u0130\u015fin ger\u00e7e\u011fi bu de\u011fil. Maalesef baz\u0131 emekli askerler geldikleri oca\u011fa ihanet ediyorlar. Sizin g\u00f6reviniz bu mu ya? Bu toplumda dezenformasyondur. Bunlar bunu yap\u0131yor. Bu ahlaki de\u011fildir, bu vicdani de\u011fildir. Bu milletin gelecek ideallerine ket vurmakt\u0131r. Ben milletimi bu noktada \u00f6zellikle uyarmak istiyorum. Baz\u0131lar\u0131 k\u00f6\u015felerinde yap\u0131lan baz\u0131 hatalar varsa bu hatalar\u0131 kasta mahsus yap\u0131yorlar. Bekle, dur bakal\u0131m bak bu i\u015fin incelemesi yap\u0131lacak, ondan sonra gerekli a\u00e7\u0131klamalar\u0131 yap\u0131lacak. Bir anda bir iki saatte netice bekliyorlar. Nerede, hangi i\u015fte var b\u00f6yle netice? Orada yang\u0131n s\u00fcr\u00fcyor, bak\u0131yorsunuz de\u011ferlendirmeler ba\u015flam\u0131\u015f. \u0130tfaiye yakla\u015fam\u0131yor, onlar yorum yap\u0131yor. Biz tela\u015f i\u00e7indeyiz havadan nas\u0131l s\u00f6nd\u00fcr\u00fcl\u00fcr diye. Yapabilir miyiz, bu imkanlar\u0131m\u0131z var m\u0131? Onlar s\u00fcrekli tahrik ediyorlar. \u0130nsaf edin. Ama bunlar\u0131n b\u00f6yle bir insaf\u0131 yok. Bunlar ne kadar yaralayabilir, ne kadar vurabilirizin derdinde.\u201d<\/p>\n<p style=\"text-align: justify;\"><strong>\u201cB\u0130Z DE YAPTIK ZAMANINDA \u2026\u201d<\/strong><\/p>\n<p style=\"text-align: justify;\">Otoyollar\u0131n kendi d\u00f6neminde artt\u0131\u011f\u0131n\u0131, trafik kazalar\u0131n\u0131n da azalmas\u0131na ra\u011fmen devam etti\u011fini anlatan Erdo\u011fan, \u201cBunun \u00f6n\u00fcne ge\u00e7emezsiniz. D\u00fcnyan\u0131n her yerinde bu var. Bu kazan\u0131n sebebi vatanda\u015f\u0131n kendisi. H\u0131z yapma diyorsun dinliyor mu? H\u0131z tabelas\u0131na uyuyor mu? Uymuyor. \u00d6n\u00fcn\u00fc kesersin ehliyetini sorars\u0131n, buna da uymuyor. Ayn\u0131 yanl\u0131\u015flar\u0131 zaman\u0131nda biz de yapt\u0131k. Bu yanl\u0131\u015flar\u0131 yapmamak laz\u0131m. E\u011fer bu al\u0131nan tedbirlere ne kadar uyarsak buradaki kaza o kadar azal\u0131r\u201d dedi.<\/p>\n<p style=\"text-align: justify;\"><strong>\u201cBA\u011eLAMANIN YOLLARI VAR BU \u00dcLKEDE\u201d<\/strong><\/p>\n<p style=\"text-align: justify;\">Matematik hesaplarla ve tedbirlerle durdurulamayacak do\u011fal afetleri de hat\u0131rlatan Erdo\u011fan, Samsun\u2019daki TOK\u0130 konutlar\u0131n\u0131n sele maruz kalmas\u0131ndan sonra yap\u0131lan ele\u015ftirileri de isim vermeden hat\u0131rlatt\u0131 ve \u00fcst\u00fc kapal\u0131 iddialarda bulundu: \u201cD\u00fcnyan\u0131n en geli\u015fmi\u015f \u00fclkelerinde bu do\u011fal afetler oluyor. Neden ba\u015fbakan b\u00f6yle dedi? Ben ger\u00e7ekleri s\u00f6yl\u00fcyorum. Ve birilerinin k\u00f6\u015fesinde yaz\u0131 yazd\u0131klar\u0131 gazeteler ya da televizyonlar dere yata\u011f\u0131na bina yaparlar, \u2018Patron biz dere yata\u011f\u0131na bu binay\u0131 neden yapt\u0131k?\u2019 diye hesab\u0131n\u0131 sormazlar. Onu yaz \u00f6nce k\u00f6\u015fende. Ama hemen belediyeyi hesaba \u00e7ekerler. Belediyeyi neden hesaba \u00e7ekiyorsun? \u00c7\u00fcnk\u00fc ona da belediye m\u00fcsaade etmi\u015f i\u015fi ba\u011flam\u0131\u015flar. Ba\u011flaman\u0131n da yollar\u0131 var bu \u00fclkede. Anl\u0131yorsunuz nas\u0131l ba\u011flad\u0131klar\u0131n\u0131. Biz \u00c7evre ve \u015eehircilik Bakanl\u0131\u011f\u0131n\u0131 bunun i\u00e7in kurduk. Ben halk\u0131mdan yard\u0131m istiyorum. Ka\u00e7ak imarla gecekondularla m\u00fccadelede bize yard\u0131mc\u0131 olun. Sizleri insani \u015fartlarda oturabilece\u011finiz yelere yerle\u015ftirelim. Bunu el ele yapal\u0131m. Daha modern \u0130stanbul\u2019a ve \u015fehirlere kavu\u015fal\u0131m ama bize yard\u0131mc\u0131 olacaks\u0131n\u0131z. Yard\u0131mc\u0131 olmazs\u0131n\u0131z alt\u0131ndan kalkamay\u0131z. Sonra bir deprem felaketi olursa \u2018\u0130stanbul\u2019da 5 milyon kay\u0131p olur\u2019 diyorlar.\u201d<\/p>\n<p style=\"text-align: justify;\"><strong>&#8220;HALKIMDAN B\u0130Z\u0130 BA\u011eI\u015eLAMALARINI D\u0130L\u0130YORUM&#8221;<\/strong><\/p>\n<p style=\"text-align: justify;\">Erdo\u011fan, yaz aylar\u0131nda k\u00f6pr\u00fc bak\u0131m\u0131 nedeniyle ya\u015fana s\u0131k\u0131nt\u0131lar hakk\u0131nda da konu\u015fan Erdo\u011fan, \u201cYaz aylar\u0131nda Fatih Sultan Mehmet K\u00f6pr\u00fcs\u00fc ba\u015fta olmak \u00fczer \u0130stanbul\u2019un pek \u00e7ok yerinde y\u00fcr\u00fct\u00fclen \u00e7al\u0131\u015fmalar sebebiyle ya\u015fanan s\u0131k\u0131nt\u0131lar b\u00fcy\u00fck \u00f6l\u00e7\u00fcde sona erdi. Bundan dolay\u0131 gerek Ula\u015ft\u0131rma Bakanl\u0131\u011f\u0131m, gerek belediyem ad\u0131na halk\u0131mdan bizi ba\u011f\u0131\u015flamalar\u0131n\u0131 affetmelerini diliyorum. \u00d6z\u00fcr gerekiyorsa \u00f6z\u00fcr diliyorum ama bunlar\u0131n yap\u0131lmas\u0131n\u0131n gere\u011fini de hat\u0131rlatmay\u0131 \u00f6nemli buluyorum. \u0130stanbul\u2019da ya\u015fayanlar\u0131n hayat kalitesini y\u00fckseltmek i\u00e7in yapt\u0131\u011f\u0131m\u0131z \u00e7al\u0131\u015fmalar\u0131n k\u00fclfetlerine zaman zaman katlanaca\u011f\u0131z ki sonraki y\u0131llar\u0131 rahat ve huzur i\u00e7inde ge\u00e7irelim\u201d \u015feklinde konu\u015ftu. (ANKA)<\/p>\n<p style=\"text-align: justify;\"><a href=\"http:\/\/www.gazeteport.com.tr\/haber\/110218\/ya-kandil-ya-tbmm\" target=\"_blank\">Kaynak : GAZETEPORT<\/a><\/p>\n<p style=\"text-align: justify;\">\n","protected":false},"excerpt":{"rendered":"<p style=\"text-align: center;\">\n<p style=\"text-align: justify;\">\u0130STANBUL &#8211; Ba\u015fbakan Recep Tayyip Erdo\u011fan, BDP milletvekillerinin PKK\u2019l\u0131larla kucakla\u015ft\u0131\u011f\u0131 g\u00f6r\u00fcnt\u00fcleri hat\u0131rlatarak, \u201cHer t\u00fcrl\u00fc sorunun \u00e7\u00f6z\u00fcm yeri demokratik siyaset alan\u0131d\u0131r. Da\u011fda siyaset yapmak isteyenler buyursunlar da\u011fa \u00e7\u0131ks\u0131nlar. Ter\u00f6ristlerle kucakla\u015fanlar parlamentoda millet ad\u0131na m\u00fccadele veremezler. Zira iki tercih var: Ya Kandil ya TBMM. E\u011fer Meclis diyorsan seninle m\u00fczakere masas\u0131na oturacak siyaseti, <\/p>\n","protected":false},"author":1,"featured_media":0,"comment_status":"open","ping_status":"open","sticky":false,"template":"","format":"standard","meta":{"footnotes":""},"categories":[105],"tags":[],"class_list":["post-55226","post","type-post","status-publish","format-standard","hentry","category-gundem","odd"],"_links":{"self":[{"href":"http:\/\/www.korhanyilmaz.com\/index.php?rest_route=\/wp\/v2\/posts\/55226","targetHints":{"allow":["GET"]}}],"collection":[{"href":"http:\/\/www.korhanyilmaz.com\/index.php?rest_route=\/wp\/v2\/posts"}],"about":[{"href":"http:\/\/www.korhanyilmaz.com\/index.php?rest_route=\/wp\/v2\/types\/post"}],"author":[{"embeddable":true,"href":"http:\/\/www.korhanyilmaz.com\/index.php?rest_route=\/wp\/v2\/users\/1"}],"replies":[{"embeddable":true,"href":"http:\/\/www.korhanyilmaz.com\/index.php?rest_route=%2Fwp%2Fv2%2Fcomments&post=55226"}],"version-history":[{"count":0,"href":"http:\/\/www.korhanyilmaz.com\/index.php?rest_route=\/wp\/v2\/posts\/55226\/revisions"}],"wp:attachment":[{"href":"http:\/\/www.korhanyilmaz.com\/index.php?rest_route=%2Fwp%2Fv2%2Fmedia&parent=55226"}],"wp:term":[{"taxonomy":"category","embeddable":true,"href":"http:\/\/www.korhanyilmaz.com\/index.php?rest_route=%2Fwp%2Fv2%2Fcategories&post=55226"},{"taxonomy":"post_tag","embeddable":true,"href":"http:\/\/www.korhanyilmaz.com\/index.php?rest_route=%2Fwp%2Fv2%2Ftags&post=55226"}],"curies":[{"name":"wp","href":"https:\/\/api.w.org\/{rel}","templated":true}]}}