{"id":55222,"date":"2012-09-07T23:15:58","date_gmt":"2012-09-07T20:15:58","guid":{"rendered":"http:\/\/www.korhanyilmaz.com\/?p=55222"},"modified":"2012-09-09T22:31:19","modified_gmt":"2012-09-09T19:31:19","slug":"kktcde-kabine-depremi","status":"publish","type":"post","link":"http:\/\/www.korhanyilmaz.com\/?p=55222","title":{"rendered":"KKTC&#8217;de &#8216;kabine&#8217; depremi"},"content":{"rendered":"<p style=\"text-align: center;\"><a href=\"http:\/\/www.korhanyilmaz.com\/wp-content\/uploads\/2012\/09\/H714.jpg\"  class=\"lightview\"><img loading=\"lazy\" decoding=\"async\" class=\"aligncenter  wp-image-55223\" src=\"http:\/\/www.korhanyilmaz.com\/wp-content\/uploads\/2012\/09\/H714.jpg\" alt=\"\" width=\"396\" height=\"180\" \/><\/a><\/p>\n<p style=\"text-align: justify;\">KKTC Ba\u015fbakan\u0131 \u0130rsen K\u00fc\u00e7\u00fck, &#8216;kurultay hesaplar\u0131n\u0131n ve Ba\u015fbakanl\u0131k makam\u0131na duyduklar\u0131 g\u00fcvensizli\u011fi&#8217; gerek\u00e7e g\u00f6stererek Sa\u011fl\u0131k Bakan\u0131 ile Milli E\u011fitim, Gen\u00e7lik ve Spor Bakan\u0131&#8217;n\u0131n g\u00f6revine son verdi.<\/p>\n<p style=\"text-align: justify;\">LEFKO\u015eA &#8211; KKTC Ba\u015fbakan\u0131 \u0130rsen K\u00fc\u00e7\u00fck, Sa\u011fl\u0131k Bakan\u0131 Ahmet Ka\u015fif ile Milli E\u011fitim, Gen\u00e7lik ve Spor Bakan\u0131 Kemal D\u00fcr\u00fcst&#8217;\u00fc g\u00f6revden ald\u0131.<\/p>\n<p style=\"text-align: justify;\">K\u00fc\u00e7\u00fck, karar\u0131na gerek\u00e7e olarak &#8216;Bakanlar Kurulu&#8217;nun uyumlu ve ahenkli \u00e7al\u0131\u015fmas\u0131na imkan yaratma&#8217; istedi\u011fini g\u00f6sterdi.\u00a0<!--more--><\/p>\n<p style=\"text-align: justify;\">\u0130ki bakan\u0131n &#8216;kurultay hesaplar\u0131n\u0131n ve Ba\u015fbakanl\u0131k makam\u0131na duyduklar\u0131 g\u00fcvensizli\u011fin di\u011fer kabine \u00fcyelerini rahats\u0131z etti\u011fini kaydeden K\u00fc\u00e7\u00fck, konuyla ilgili yaz\u0131l\u0131 a\u00e7\u0131klamas\u0131nda \u00f6zetle \u015fu ifadelere yer verdi:<\/p>\n<p style=\"text-align: justify;\">H\u00fck\u00fcmet olarak sorumlulu\u011fum gere\u011fi \u00fclkemize hizmette ve icraatlar\u0131m\u0131z\u0131n y\u00fcr\u00fct\u00fclmesinde son derece sak\u0131ncalar yaratan ve siyasal etikle asla \u00f6rt\u00fc\u015fmeyen bu davran\u0131\u015flar, Ba\u015fbakan olarak beni bu konuda gerekli tedbiri almaya zorlam\u0131\u015ft\u0131r.<\/p>\n<p style=\"text-align: justify;\">Hangi gerek\u00e7eyle olursa olsun hi\u00e7 kimse h\u00fck\u00fcmetimizi ve dolay\u0131s\u0131yla partimizi g\u00fc\u00e7s\u00fcz, etkisiz k\u0131lamaz, g\u00f6steremez, \u00fcstelendi\u011fimiz g\u00f6revde ba\u015far\u0131s\u0131zl\u0131\u011fa itemez.<\/p>\n<p style=\"text-align: justify;\">Kar\u015f\u0131l\u0131kl\u0131 g\u00fcvensizli\u011fin olu\u015ftu\u011fu bu ortamda, Bakanlar Kurulumuzun uyumlu ve ahenkli \u00e7al\u0131\u015fmas\u0131na imkan yaratmak ad\u0131na Say\u0131n Ahmet Ka\u015fif ve Say\u0131n Kemal D\u00fcr\u00fcst&#8217;\u00fcn kabinemdeki g\u00f6revlerine son vermi\u015f bulunuyorum. Bu vesileyle hem Say\u0131n Ka\u015fif&#8217;e hem de Say\u0131n D\u00fcr\u00fcst&#8217;e bug\u00fcne kadar kabinemdeki \u00e7al\u0131\u015fmalara koyduklar\u0131 katk\u0131 i\u00e7in te\u015fekk\u00fcr eder, ba\u015far\u0131lar dilerim.&#8221;<\/p>\n<p style=\"text-align: justify;\"><strong>10 G\u00dcN \u0130\u00c7\u0130NDE YEN\u0130 BAKANLAR ATANACAK<\/strong><\/p>\n<p style=\"text-align: justify;\">10 g\u00fcn i\u00e7inde yeni atamalar\u0131n yap\u0131laca\u011f\u0131n\u0131 dile getiren K\u00fc\u00e7\u00fck, bu s\u00fcre\u00e7te E\u011fitim, Gen\u00e7lik ve Spor Bakanl\u0131\u011f\u0131&#8217;na kendisinin; Sa\u011fl\u0131k Bakanl\u0131\u011f\u0131&#8217;na ise \u0130\u00e7i\u015fleri Bakan\u0131 Naz\u0131m \u00c7avu\u015fo\u011flu&#8217;nun vekalet edece\u011fini kaydetti.<\/p>\n<p style=\"text-align: justify;\"><strong>KA\u015e\u0130F: KIRGIN DE\u011e\u0130L\u0130M<\/strong><\/p>\n<p style=\"text-align: justify;\">\u00d6te yandan, Ba\u015fbakan \u0130rsen K\u00fc\u00e7\u00fck taraf\u0131ndan \u00fc\u00e7 y\u0131ld\u0131r y\u00fcr\u00fctt\u00fc\u011f\u00fc Sa\u011fl\u0131k Bakanl\u0131\u011f\u0131 g\u00f6revinden al\u0131nan Ulusal Birlik Partisi (UBP) Gazima\u011fusa Milletvekili Ahmet Ka\u015fif, gazetecilere yapt\u0131\u011f\u0131 a\u00e7\u0131klamada, &#8221;G\u00f6revden al\u0131nd\u0131\u011f\u0131m\u0131 bas\u0131ndan \u00f6\u011frendim&#8230; K\u0131rg\u0131n de\u011filim, ayn\u0131 \u015fekilde \u00e7al\u0131\u015fmaya devam edece\u011fim. Kurultayda aday\u0131m, 21 Ekim&#8217;de sa\u011fduyu galip gelecek. Do\u011fru akan su, yolunu bulur&#8221; dedi.<\/p>\n<p style=\"text-align: justify;\">Ba\u015fbakan \u0130rsen K\u00fc\u00e7\u00fck ba\u015fkanl\u0131\u011f\u0131ndaki kabine, 17 May\u0131s 2010&#8217;dan beri g\u00f6rev yap\u0131yor. Kabinede 6 Nisan 2011&#8217;de de de\u011fi\u015fiklik yap\u0131lm\u0131\u015ft\u0131.<\/p>\n<p style=\"text-align: justify;\">\u0130ktidar partisi UBP&#8217;nin kurultay\u0131 21 Ekim&#8217;de yap\u0131lacak. Kurultay i\u00e7in \u015fu ana kadar \u0130rsen K\u00fc\u00e7\u00fck ve Ahmet Ka\u015fif adayl\u0131klar\u0131n\u0131 a\u00e7\u0131klad\u0131.<\/p>\n<p style=\"text-align: justify;\"><a href=\"http:\/\/www.gazeteport.com.tr\/haber\/110151\/kktcde-kabine-depremi\" target=\"_blank\">Kaynak : GAZETEPORT<\/a><\/p>\n<p style=\"text-align: justify;\">\n","protected":false},"excerpt":{"rendered":"<p style=\"text-align: center;\">\n<p style=\"text-align: justify;\">KKTC Ba\u015fbakan\u0131 \u0130rsen K\u00fc\u00e7\u00fck, &#8216;kurultay hesaplar\u0131n\u0131n ve Ba\u015fbakanl\u0131k makam\u0131na duyduklar\u0131 g\u00fcvensizli\u011fi&#8217; gerek\u00e7e g\u00f6stererek Sa\u011fl\u0131k Bakan\u0131 ile Milli E\u011fitim, Gen\u00e7lik ve Spor Bakan\u0131&#8217;n\u0131n g\u00f6revine son verdi.<\/p>\n<p style=\"text-align: justify;\">LEFKO\u015eA &#8211; KKTC Ba\u015fbakan\u0131 \u0130rsen K\u00fc\u00e7\u00fck, Sa\u011fl\u0131k Bakan\u0131 Ahmet Ka\u015fif ile Milli E\u011fitim, Gen\u00e7lik ve Spor Bakan\u0131 Kemal D\u00fcr\u00fcst&#8217;\u00fc g\u00f6revden ald\u0131.<\/p>\n<p style=\"text-align:  \n\n","protected":false},"author":1,"featured_media":0,"comment_status":"open","ping_status":"open","sticky":false,"template":"","format":"standard","meta":{"footnotes":""},"categories":[105],"tags":[],"class_list":["post-55222","post","type-post","status-publish","format-standard","hentry","category-gundem","odd"],"_links":{"self":[{"href":"http:\/\/www.korhanyilmaz.com\/index.php?rest_route=\/wp\/v2\/posts\/55222","targetHints":{"allow":["GET"]}}],"collection":[{"href":"http:\/\/www.korhanyilmaz.com\/index.php?rest_route=\/wp\/v2\/posts"}],"about":[{"href":"http:\/\/www.korhanyilmaz.com\/index.php?rest_route=\/wp\/v2\/types\/post"}],"author":[{"embeddable":true,"href":"http:\/\/www.korhanyilmaz.com\/index.php?rest_route=\/wp\/v2\/users\/1"}],"replies":[{"embeddable":true,"href":"http:\/\/www.korhanyilmaz.com\/index.php?rest_route=%2Fwp%2Fv2%2Fcomments&post=55222"}],"version-history":[{"count":0,"href":"http:\/\/www.korhanyilmaz.com\/index.php?rest_route=\/wp\/v2\/posts\/55222\/revisions"}],"wp:attachment":[{"href":"http:\/\/www.korhanyilmaz.com\/index.php?rest_route=%2Fwp%2Fv2%2Fmedia&parent=55222"}],"wp:term":[{"taxonomy":"category","embeddable":true,"href":"http:\/\/www.korhanyilmaz.com\/index.php?rest_route=%2Fwp%2Fv2%2Fcategories&post=55222"},{"taxonomy":"post_tag","embeddable":true,"href":"http:\/\/www.korhanyilmaz.com\/index.php?rest_route=%2Fwp%2Fv2%2Ftags&post=55222"}],"curies":[{"name":"wp","href":"https:\/\/api.w.org\/{rel}","templated":true}]}}