{"id":55202,"date":"2012-09-09T13:24:18","date_gmt":"2012-09-09T10:24:18","guid":{"rendered":"http:\/\/www.korhanyilmaz.com\/?p=55202"},"modified":"2012-09-09T22:06:32","modified_gmt":"2012-09-09T19:06:32","slug":"bir-tasla-cok-kus-vuracak","status":"publish","type":"post","link":"http:\/\/www.korhanyilmaz.com\/?p=55202","title":{"rendered":"Bir ta\u015fla \u00e7ok ku\u015f vuracak!"},"content":{"rendered":"<p style=\"text-align: justify;\"><a href=\"http:\/\/www.korhanyilmaz.com\/wp-content\/uploads\/2012\/09\/H710.jpg\"  class=\"lightview\"><img loading=\"lazy\" decoding=\"async\" class=\"aligncenter size-full wp-image-55203\" title=\"\" src=\"http:\/\/www.korhanyilmaz.com\/wp-content\/uploads\/2012\/09\/H710.jpg\" alt=\"\" width=\"373\" height=\"183\" \/><\/a><\/p>\n<p style=\"text-align: justify;\">Yerel se\u00e7imleri \u00f6ne \u00e7eken AKP\u2019nin, se\u00e7imde kendine avantaj sa\u011flayacak yasas\u0131 yolda.<\/p>\n<p style=\"text-align: justify;\">AKP, MHP ile Mart 2014\u2019den 27 Ekim 2013\u2019e \u00e7ekmek i\u00e7in anla\u015ft\u0131\u011f\u0131 yerel se\u00e7imlerde, di\u011fer partilere kar\u015f\u0131 kendisine \u00e7ok b\u00fcy\u00fck avantajlar sa\u011flayacak b\u00fcy\u00fck\u015fehirler d\u00fczenlemesini de Meclis a\u00e7\u0131l\u0131r a\u00e7\u0131lmaz \u00e7\u0131karaca\u011f\u0131 ilk yasa olarak belirledi. AKP, d\u00fczenlemeyle b\u00fcy\u00fck\u015fehirlerin s\u0131n\u0131rlar\u0131 il s\u0131n\u0131rlar\u0131 haline getirerek CHP ve MHP\u2019nin g\u00fc\u00e7l\u00fc oldu\u011fu illeri almay\u0131 hedefliyor.\u00a0<!--more--><\/p>\n<p style=\"text-align: justify;\">AKP\u2019nin MHP ile yerel se\u00e7imleri \u00f6ne \u00e7ekmesinin alt\u0131ndan, iktidar y\u00f6neticilerinin \u201ck\u0131\u015f ko\u015fullar\u0131nda kampanya g\u00fc\u00e7 oluyor\u201d a\u00e7\u0131klamalar\u0131n\u0131n tersine, se\u00e7imde kendi lehine sonu\u00e7lar yaratacak zamanlama ve d\u00fczenlemeler \u00e7\u0131kmaya ba\u015flad\u0131. H\u00fck\u00fcmet, yerel se\u00e7imlerde AKP\u2019nin oylar\u0131n\u0131 art\u0131rabilece\u011fi d\u00fczenlemeleri i\u00e7eren b\u00fcy\u00fck\u015fehirler yasas\u0131n\u0131 Meclis a\u00e7\u0131l\u0131r a\u00e7\u0131lmaz yasala\u015ft\u0131rmay\u0131 kararla\u015ft\u0131rd\u0131. Say\u0131s\u0131 halen 16 olan ve n\u00fcfusu 750 bini a\u015fan 13 ilde daha kurulacak b\u00fcy\u00fck\u015fehirlerle birlikte b\u00fcy\u00fck\u015fehir say\u0131s\u0131n\u0131 29\u2019a \u00e7\u0131karacak yasa taslak halinde halen Ba\u015fbakanl\u0131k\u2019ta bekliyor. D\u00fczenlemeyle Ayd\u0131n, Denizli, Mu\u011fla, Tekirda\u011f, Trabzon, \u015eanl\u0131urfa, Kahramanmara\u015f, Bal\u0131kesir, Van, Manisa, Hatay, Malatya ve Mardin b\u00fcy\u00fck\u015fehir olacak.<\/p>\n<p style=\"text-align: justify;\">AKP, parti i\u00e7inde \u201cs\u00fcper ba\u015fkanlar\u201d diye nitelenen b\u00fcy\u00fck\u015fehirlerin s\u0131n\u0131rlar\u0131n\u0131 ve say\u0131lar\u0131n\u0131 art\u0131ran d\u00fczenlemeyle, 2009 yerel se\u00e7imleri \u00f6ncesinde yar\u0131m kalan plan\u0131n\u0131, \u00f6ne \u00e7ekilen yerel se\u00e7imlerde uygulamaya koyacak. D\u00fczenlemeyle b\u00fcy\u00fck\u015fehirlerin s\u0131n\u0131rlar\u0131 m\u00fccavir alandan il s\u0131n\u0131r\u0131na kadar geni\u015fletilecek. B\u00f6ylece belediye ba\u015fkanl\u0131\u011f\u0131 se\u00e7iminde sadece merkez il\u00e7elerin oldu\u011fu m\u00fccavir alan de\u011fil t\u00fcm il s\u0131n\u0131rlar\u0131 i\u00e7indeki se\u00e7men oy kullanacak. B\u00fcy\u00fck\u015fehirlerin yetkileri art\u0131r\u0131l\u0131rken b\u00fcy\u00fck\u015fehir s\u0131n\u0131rlar\u0131 i\u00e7indeki il\u00e7e belediyelerinin yetkileri ve g\u00fc\u00e7leri de azalt\u0131lacak. Hen\u00fcz \u00fczerinde \u00e7al\u0131\u015fma devam eden d\u00fczenlemeyle belde belediyeleriyle n\u00fcfusu 5 ya da 10 binin alt\u0131ndaki il\u00e7elerin kapat\u0131lmas\u0131 da g\u00fcndeme gelebilecek. \u0130l s\u0131n\u0131r\u0131ndaki k\u00f6ylerin se\u00e7menlerinin de b\u00fcy\u00fck\u015fehirler i\u00e7in oy kullanaca\u011f\u0131 bu d\u00fczenlemeyle AKP\u2019de 3 d\u00f6nem yasa\u011f\u0131na tak\u0131lan \u00e7ok say\u0131da bakan, parti y\u00f6neticisi ve milletvekilinin 29\u2019a ula\u015facak b\u00fcy\u00fck\u015fehirlere belediye ba\u015fkan aday\u0131 yap\u0131laca\u011f\u0131na kesin g\u00f6z\u00fcyle bak\u0131l\u0131yor.<\/p>\n<p style=\"text-align: justify;\"><a href=\"http:\/\/www.muhalifgazete.com\/47695-Bir-tasla-cok-kus-vuracak.htm\" target=\"_blank\">Kaynak : Muhalif Gazete<\/a><\/p>\n","protected":false},"excerpt":{"rendered":"<p style=\"text-align: justify;\">\n<p style=\"text-align: justify;\">Yerel se\u00e7imleri \u00f6ne \u00e7eken AKP\u2019nin, se\u00e7imde kendine avantaj sa\u011flayacak yasas\u0131 yolda.<\/p>\n<p style=\"text-align: justify;\">AKP, MHP ile Mart 2014\u2019den 27 Ekim 2013\u2019e \u00e7ekmek i\u00e7in anla\u015ft\u0131\u011f\u0131 yerel se\u00e7imlerde, di\u011fer partilere kar\u015f\u0131 kendisine \u00e7ok b\u00fcy\u00fck avantajlar sa\u011flayacak b\u00fcy\u00fck\u015fehirler d\u00fczenlemesini de Meclis a\u00e7\u0131l\u0131r a\u00e7\u0131lmaz \u00e7\u0131karaca\u011f\u0131 ilk yasa olarak belirledi. AKP, d\u00fczenlemeyle b\u00fcy\u00fck\u015fehirlerin s\u0131n\u0131rlar\u0131 il <\/p>\n","protected":false},"author":1,"featured_media":0,"comment_status":"open","ping_status":"open","sticky":false,"template":"","format":"standard","meta":{"footnotes":""},"categories":[105],"tags":[],"class_list":["post-55202","post","type-post","status-publish","format-standard","hentry","category-gundem","odd"],"_links":{"self":[{"href":"http:\/\/www.korhanyilmaz.com\/index.php?rest_route=\/wp\/v2\/posts\/55202","targetHints":{"allow":["GET"]}}],"collection":[{"href":"http:\/\/www.korhanyilmaz.com\/index.php?rest_route=\/wp\/v2\/posts"}],"about":[{"href":"http:\/\/www.korhanyilmaz.com\/index.php?rest_route=\/wp\/v2\/types\/post"}],"author":[{"embeddable":true,"href":"http:\/\/www.korhanyilmaz.com\/index.php?rest_route=\/wp\/v2\/users\/1"}],"replies":[{"embeddable":true,"href":"http:\/\/www.korhanyilmaz.com\/index.php?rest_route=%2Fwp%2Fv2%2Fcomments&post=55202"}],"version-history":[{"count":0,"href":"http:\/\/www.korhanyilmaz.com\/index.php?rest_route=\/wp\/v2\/posts\/55202\/revisions"}],"wp:attachment":[{"href":"http:\/\/www.korhanyilmaz.com\/index.php?rest_route=%2Fwp%2Fv2%2Fmedia&parent=55202"}],"wp:term":[{"taxonomy":"category","embeddable":true,"href":"http:\/\/www.korhanyilmaz.com\/index.php?rest_route=%2Fwp%2Fv2%2Fcategories&post=55202"},{"taxonomy":"post_tag","embeddable":true,"href":"http:\/\/www.korhanyilmaz.com\/index.php?rest_route=%2Fwp%2Fv2%2Ftags&post=55202"}],"curies":[{"name":"wp","href":"https:\/\/api.w.org\/{rel}","templated":true}]}}