{"id":55198,"date":"2012-09-09T07:38:09","date_gmt":"2012-09-09T04:38:09","guid":{"rendered":"http:\/\/www.korhanyilmaz.com\/?p=55198"},"modified":"2012-09-09T22:02:49","modified_gmt":"2012-09-09T19:02:49","slug":"mal-hirsizda-karar-acizde","status":"publish","type":"post","link":"http:\/\/www.korhanyilmaz.com\/?p=55198","title":{"rendered":"Mal h\u0131rs\u0131zda, karar acizde"},"content":{"rendered":"<p style=\"text-align: justify;\"><a href=\"http:\/\/www.korhanyilmaz.com\/wp-content\/uploads\/2012\/09\/H709.jpg\"  class=\"lightview\"><img loading=\"lazy\" decoding=\"async\" class=\"aligncenter size-full wp-image-55199\" title=\"\" src=\"http:\/\/www.korhanyilmaz.com\/wp-content\/uploads\/2012\/09\/H709.jpg\" alt=\"\" width=\"365\" height=\"179\" \/><\/a><\/p>\n<p style=\"text-align: justify;\">HEPAR Genel Ba\u015fkan\u0131 Osman Pamuko\u011flu, son g\u00fcnlerde ya\u015fanan olaylar i\u00e7in, Hazreti Ebu Bekir\u2019in \u2018\u2019Mal h\u0131rs\u0131zda, silah sokakta, karar acizde\u2019\u2019 s\u00f6z\u00fc ile benzetme yapt\u0131.<\/p>\n<p style=\"text-align: justify;\">HEPAR Genel Ba\u015fkan\u0131 emekli T\u00fcmgeneral Osman Pamuko\u011flu, Afyon\u2019da ya\u015fanan cephanelik patlamas\u0131 i\u00e7in \u2018\u2019Hi\u00e7bir bahane ve sebeple a\u00e7\u0131klanamayacak derecede tam bir facia ve fiyaskodur\u2019\u2019 dedi. Pamuko\u011flu son g\u00fcnlerde ya\u015fanan olaylar i\u00e7in de, Hazreti Ebu Bekir\u2019in \u2018\u2019Mal h\u0131rs\u0131zlarda, silah sokakta, karar acizlerde olursa, orada d\u00fczen bozulur&#8221; s\u00f6z\u00fc ile benzetme yapt\u0131.\u00a0<!--more--><\/p>\n<p style=\"text-align: justify;\">Pamuko\u011flu, \u2018\u2019Sava\u015f u\u00e7a\u011f\u0131 denize d\u00fc\u015f\u00fcr\u00fcl\u00fcyor, asker dolu sivil minib\u00fcs u\u00e7urumu boyluyor, Fo\u00e7a&#8217;lar, Antep&#8217;ler, \u015eemdinli&#8217;ler ve Beyt\u00fc\u015f\u015febap&#8217;lar birbiri ard\u0131na geliyor, askeri taburlara g\u00fcnd\u00fcz g\u00f6z\u00fcyle sald\u0131r\u0131lar d\u00fczenleniyor.\u2019\u2019 dedi ve art\u0131k \u015fehit say\u0131lar\u0131n\u0131n takip edilemedi\u011fini savunarak, \u015funlar\u0131 s\u00f6yledi:<\/p>\n<p style=\"text-align: justify;\">\u2018\u2019T\u00fcm olup bitenlerin sorumlusu mevcut h\u00fck\u00fcmet ve onun emrindeki asker ve sivil b\u00fcrokratlard\u0131r. Gelinen durum, ayan beyan milletin ve topraklar\u0131m\u0131z\u0131n, art\u0131k korunup, g\u00f6zetilemedi\u011fidir. T\u00fcrkiye&#8217;nin yazg\u0131s\u0131, ba\u015fka \u00fclkelerin \u00e7\u0131karlar\u0131na ve h\u00fck\u00fcmetteki partinin ki\u015fisel menfaatlerine ba\u011flanm\u0131\u015ft\u0131r. Ba\u011f\u0131ms\u0131zl\u0131\u011f\u0131m\u0131z, onurumuz ve g\u00fcvenli\u011fimiz ileri derecede tehdit ve tehlike alt\u0131ndad\u0131r. Hazreti Ebu Bekir, sanki T\u00fcrkiye\u2019nin bu halini anlat\u0131yor: &#8220;Mal h\u0131rs\u0131zlarda, silah sokakta, karar acizlerde olursa, orada d\u00fczen bozulur.&#8221;<\/p>\n<p style=\"text-align: justify;\"><a href=\"http:\/\/www.muhalifgazete.com\/47669-Mal-hirsizda-karar-acizde.htm\" target=\"_blank\">Kaynak : Muhalif Gazete<\/a><\/p>\n","protected":false},"excerpt":{"rendered":"<p style=\"text-align: justify;\">\n<p style=\"text-align: justify;\">HEPAR Genel Ba\u015fkan\u0131 Osman Pamuko\u011flu, son g\u00fcnlerde ya\u015fanan olaylar i\u00e7in, Hazreti Ebu Bekir\u2019in \u2018\u2019Mal h\u0131rs\u0131zda, silah sokakta, karar acizde\u2019\u2019 s\u00f6z\u00fc ile benzetme yapt\u0131.<\/p>\n<p style=\"text-align: justify;\">HEPAR Genel Ba\u015fkan\u0131 emekli T\u00fcmgeneral Osman Pamuko\u011flu, Afyon\u2019da ya\u015fanan cephanelik patlamas\u0131 i\u00e7in \u2018\u2019Hi\u00e7bir bahane ve sebeple a\u00e7\u0131klanamayacak derecede tam bir facia ve fiyaskodur\u2019\u2019 dedi. Pamuko\u011flu <\/p>\n","protected":false},"author":1,"featured_media":0,"comment_status":"open","ping_status":"open","sticky":false,"template":"","format":"standard","meta":{"footnotes":""},"categories":[105],"tags":[],"class_list":["post-55198","post","type-post","status-publish","format-standard","hentry","category-gundem","odd"],"_links":{"self":[{"href":"http:\/\/www.korhanyilmaz.com\/index.php?rest_route=\/wp\/v2\/posts\/55198","targetHints":{"allow":["GET"]}}],"collection":[{"href":"http:\/\/www.korhanyilmaz.com\/index.php?rest_route=\/wp\/v2\/posts"}],"about":[{"href":"http:\/\/www.korhanyilmaz.com\/index.php?rest_route=\/wp\/v2\/types\/post"}],"author":[{"embeddable":true,"href":"http:\/\/www.korhanyilmaz.com\/index.php?rest_route=\/wp\/v2\/users\/1"}],"replies":[{"embeddable":true,"href":"http:\/\/www.korhanyilmaz.com\/index.php?rest_route=%2Fwp%2Fv2%2Fcomments&post=55198"}],"version-history":[{"count":0,"href":"http:\/\/www.korhanyilmaz.com\/index.php?rest_route=\/wp\/v2\/posts\/55198\/revisions"}],"wp:attachment":[{"href":"http:\/\/www.korhanyilmaz.com\/index.php?rest_route=%2Fwp%2Fv2%2Fmedia&parent=55198"}],"wp:term":[{"taxonomy":"category","embeddable":true,"href":"http:\/\/www.korhanyilmaz.com\/index.php?rest_route=%2Fwp%2Fv2%2Fcategories&post=55198"},{"taxonomy":"post_tag","embeddable":true,"href":"http:\/\/www.korhanyilmaz.com\/index.php?rest_route=%2Fwp%2Fv2%2Ftags&post=55198"}],"curies":[{"name":"wp","href":"https:\/\/api.w.org\/{rel}","templated":true}]}}