{"id":55184,"date":"2012-09-08T16:25:19","date_gmt":"2012-09-08T13:25:19","guid":{"rendered":"http:\/\/www.korhanyilmaz.com\/?p=55184"},"modified":"2012-09-09T09:24:39","modified_gmt":"2012-09-09T06:24:39","slug":"pkk-akp-il-baskanini-tutukladik","status":"publish","type":"post","link":"http:\/\/www.korhanyilmaz.com\/?p=55184","title":{"rendered":"PKK: AKP \u0130l Ba\u015fkan\u0131&#8217;n\u0131 tutuklad\u0131k!"},"content":{"rendered":"<p style=\"text-align: justify;\"><a href=\"http:\/\/www.korhanyilmaz.com\/wp-content\/uploads\/2012\/09\/H706.jpg\"  class=\"lightview\"><img loading=\"lazy\" decoding=\"async\" class=\"aligncenter size-full wp-image-55185\" title=\"\" src=\"http:\/\/www.korhanyilmaz.com\/wp-content\/uploads\/2012\/09\/H706.jpg\" alt=\"\" width=\"333\" height=\"200\" \/><\/a><\/p>\n<p style=\"text-align: justify;\"><strong>Ter\u00f6r \u00f6rg\u00fct\u00fc PKK, AKP Hakkari \u0130l Ba\u015fkan\u0131 Tarhan&#8217;\u0131 tutuklad\u0131\u011f\u0131n\u0131 a\u00e7\u0131klad\u0131.<\/strong><\/p>\n<p style=\"text-align: justify;\">Ter\u00f6r \u00f6rg\u00fct\u00fc PKK, Hakkari&#8217;de arac\u0131 terk edilmi\u015f halde bulunan AKP Hakkari \u0130l Ba\u015fkan\u0131 Abd\u00fclmecit Tarhan&#8217;\u0131 tutuklad\u0131\u011f\u0131n\u0131 a\u00e7\u0131klad\u0131.<\/p>\n<p style=\"text-align: justify;\">PKK, Hakkari\u2019nin O\u011ful k\u00f6y\u00fc yak\u0131nlar\u0131nda arac\u0131 ve cep telefonu bulunan AK Parti Hakkari \u0130l Ba\u015fkan\u0131 Avukat Abdulmecit Tarhan\u2019\u0131n ellerinde oldu\u011funu a\u00e7\u0131klad\u0131.\u00a0<!--more--><\/p>\n<p style=\"text-align: justify;\">PKK, \u0130l Ba\u015fkan\u0131 Tarhan\u2019\u0131 ka\u00e7\u0131rd\u0131\u011f\u0131na dair haberi bug\u00fcn kendisine yak\u0131n bir internet sayfas\u0131nda duyurdu. O\u011ful K\u00f6y\u00fc yak\u0131nlar\u0131nda 6 g\u00fcn \u00f6nce cep telefonu ve arac\u0131 bulunan \u0130l Ba\u015fkan\u0131 Avukat Tarhan\u2019\u0131n PKK taraf\u0131ndan ka\u00e7\u0131r\u0131ld\u0131\u011f\u0131 \u00f6ne s\u00fcr\u00fcld\u00fckten sonra, b\u00f6lgede geni\u015f \u00e7apl\u0131 operasyon ba\u015flat\u0131lm\u0131\u015f ancak bug\u00fcne kadar haber al\u0131nanam\u0131\u015ft\u0131.<\/p>\n<p style=\"text-align: justify;\">\u00d6rg\u00fctten gelen a\u00e7\u0131klamada, Tarhan&#8217;\u0131n ter\u00f6ristler taraf\u0131ndan &#8216;tutukland\u0131\u011f\u0131&#8217; belirtildi.<\/p>\n<p style=\"text-align: justify;\"><a href=\"http:\/\/haber.gazetevatan.com\/pkk-akp-il-baskanini-tutukladik\/479807\/1\/G%C3%BCndem#.UEw1hrLN-Zc\" target=\"_blank\">Kaynak : VATAN Gazetesi<\/a><\/p>\n","protected":false},"excerpt":{"rendered":"<p style=\"text-align: justify;\">\n<p style=\"text-align: justify;\">Ter\u00f6r \u00f6rg\u00fct\u00fc PKK, AKP Hakkari \u0130l Ba\u015fkan\u0131 Tarhan&#8217;\u0131 tutuklad\u0131\u011f\u0131n\u0131 a\u00e7\u0131klad\u0131.<\/p>\n<p style=\"text-align: justify;\">Ter\u00f6r \u00f6rg\u00fct\u00fc PKK, Hakkari&#8217;de arac\u0131 terk edilmi\u015f halde bulunan AKP Hakkari \u0130l Ba\u015fkan\u0131 Abd\u00fclmecit Tarhan&#8217;\u0131 tutuklad\u0131\u011f\u0131n\u0131 a\u00e7\u0131klad\u0131.<\/p>\n<p style=\"text-align: justify;\">PKK, Hakkari\u2019nin O\u011ful k\u00f6y\u00fc yak\u0131nlar\u0131nda arac\u0131 ve cep telefonu bulunan AK Parti Hakkari \u0130l Ba\u015fkan\u0131 Avukat Abdulmecit Tarhan\u2019\u0131n ellerinde <\/p>\n","protected":false},"author":1,"featured_media":0,"comment_status":"open","ping_status":"open","sticky":false,"template":"","format":"standard","meta":{"footnotes":""},"categories":[105],"tags":[],"class_list":["post-55184","post","type-post","status-publish","format-standard","hentry","category-gundem","odd"],"_links":{"self":[{"href":"http:\/\/www.korhanyilmaz.com\/index.php?rest_route=\/wp\/v2\/posts\/55184","targetHints":{"allow":["GET"]}}],"collection":[{"href":"http:\/\/www.korhanyilmaz.com\/index.php?rest_route=\/wp\/v2\/posts"}],"about":[{"href":"http:\/\/www.korhanyilmaz.com\/index.php?rest_route=\/wp\/v2\/types\/post"}],"author":[{"embeddable":true,"href":"http:\/\/www.korhanyilmaz.com\/index.php?rest_route=\/wp\/v2\/users\/1"}],"replies":[{"embeddable":true,"href":"http:\/\/www.korhanyilmaz.com\/index.php?rest_route=%2Fwp%2Fv2%2Fcomments&post=55184"}],"version-history":[{"count":0,"href":"http:\/\/www.korhanyilmaz.com\/index.php?rest_route=\/wp\/v2\/posts\/55184\/revisions"}],"wp:attachment":[{"href":"http:\/\/www.korhanyilmaz.com\/index.php?rest_route=%2Fwp%2Fv2%2Fmedia&parent=55184"}],"wp:term":[{"taxonomy":"category","embeddable":true,"href":"http:\/\/www.korhanyilmaz.com\/index.php?rest_route=%2Fwp%2Fv2%2Fcategories&post=55184"},{"taxonomy":"post_tag","embeddable":true,"href":"http:\/\/www.korhanyilmaz.com\/index.php?rest_route=%2Fwp%2Fv2%2Ftags&post=55184"}],"curies":[{"name":"wp","href":"https:\/\/api.w.org\/{rel}","templated":true}]}}