{"id":55175,"date":"2012-09-09T07:35:35","date_gmt":"2012-09-09T04:35:35","guid":{"rendered":"http:\/\/www.korhanyilmaz.com\/?p=55175"},"modified":"2012-09-09T09:14:30","modified_gmt":"2012-09-09T06:14:30","slug":"eski-pasalar-vatana-ihanet-ediyorlar","status":"publish","type":"post","link":"http:\/\/www.korhanyilmaz.com\/?p=55175","title":{"rendered":"Eski pa\u015falar vatana ihanet ediyorlar"},"content":{"rendered":"<p style=\"text-align: center;\"><a href=\"http:\/\/www.korhanyilmaz.com\/wp-content\/uploads\/2012\/09\/H704.jpg\"  class=\"lightview\"><img loading=\"lazy\" decoding=\"async\" class=\"aligncenter  wp-image-55176\" src=\"http:\/\/www.korhanyilmaz.com\/wp-content\/uploads\/2012\/09\/H704.jpg\" alt=\"\" width=\"389\" height=\"198\" \/><\/a><\/p>\n<p style=\"text-align: justify;\">Afyonkarahisar\u2019daki cephanelik patlamas\u0131n\u0131n ard\u0131ndan emekli askerlerin bas\u0131nda \u00e7\u0131kan ele\u015ftirel yorumlar\u0131na tepki g\u00f6steren Ba\u015fbakan Erdo\u011fan, \u201cOcaklar\u0131na ihanet i\u00e7ine girmi\u015fler\u201d ifadelerini kulland\u0131.<\/p>\n<p style=\"text-align: justify;\">Ba\u015fbakan Recep Tayyip Erdo\u011fan \u201c\u0130stanbul\u2019un Yedi Tepesine Yedi T\u00fcnel\u201d projesi kapsam\u0131nda yap\u0131m\u0131 tamamlanan Sar\u0131yer &#8211; \u00c7ay\u0131rba\u015f\u0131 t\u00fcneli ile 20 kav\u015fak ve yolun a\u00e7\u0131l\u0131\u015f\u0131n\u0131 yapt\u0131. Erdo\u011fan 2 bin 25 metrelik t\u00fcnelin a\u00e7\u0131l\u0131\u015f\u0131n\u0131 yapt\u0131ktan sonra makam arac\u0131n\u0131n \u015fof\u00f6r koltu\u011funa oturarak t\u00fcnel boyunca ara\u00e7 kulland\u0131.<!--more--><\/p>\n<p style=\"text-align: justify;\">A\u00e7\u0131l\u0131\u015f \u00f6ncesinde yapt\u0131\u011f\u0131 konu\u015fmada,Afyonkarahisar\u2019da meydana gelen patlamaya da de\u011finen Erdo\u011fan, \u201cOlay oldu\u011fu andan itibaren at\u0131lan ba\u015fl\u0131klar yap\u0131lan yorumlar&#8230;Sadece farkl\u0131 senaryolarla biri emekli generali getiriyor kendi olmad\u0131\u011f\u0131 s\u00fcrede ne t\u00fcr el bombalar\u0131 ithal edilmi\u015f bundan haberi yok. Kendi zaman\u0131nda varolanlar \u00fczerinden a\u00e7\u0131klamalar yap\u0131yorlar. Vatanda\u015f\u0131m da dinleyince san\u0131yor ki i\u015fin ger\u00e7e\u011fi bu. \u0130\u015fin ger\u00e7e\u011fi bu de\u011fil maalesef. Baz\u0131 emekli askerler geldikleri oca\u011fa ihanet ediyorlar. Sizin g\u00f6reviniz bu mu? Bu ahlaki de\u011fildir bu vicdani de\u011fildir bu milletin gelecek ideallarine ket vurmakt\u0131r. Baz\u0131lar\u0131 da bak\u0131yorsunuz k\u00f6\u015felerinde yap\u0131lan baz\u0131 hatalar varsa kasta mahsus yap\u0131yorlar. Bekle dur bakal\u0131m. Bu i\u015fin incelemesi yap\u0131lacak. Hemen bir anda bir saatte netice bekliyorlar\u201d ifadelerini kulland\u0131.<\/p>\n<p style=\"text-align: justify;\">Erdo\u011fan, di\u011fer konularda \u00f6zetle \u015funlar\u0131 s\u00f6yledi:<\/p>\n<p style=\"text-align: justify;\"><strong>KISKAN\u00c7LIK \u00d6LD\u00dcR\u00dcYOR<\/strong><\/p>\n<p style=\"text-align: justify;\">Bizi k\u0131skan\u00e7l\u0131k \u00f6ld\u00fcr\u00fcyor. Birileri bir \u015fey yapam\u0131yorsa, yapan\u0131n att\u0131\u011f\u0131 ad\u0131m\u0131n da \u00f6n\u00fcnde duruyorlar. Derdimiz neydi biliyor musun? Bug\u00fcn burada onu s\u00f6ylemek istiyorum. Derdimiz asl\u0131nda Taksim\u2019den ge\u00e7en metroyu Maslak\u2019taki \u0130T\u00dc kamp\u00fcs\u00fcnde \u00e7\u0131karmakt\u0131. Orada bir triyaj alan\u0131 olu\u015ftural\u0131m demi\u015ftik. \u0130SK\u0130\u2019nin orada devasa bir yeri vard\u0131. Biz yerin alt\u0131nda olmaya kotundan da istifade etmek suretiyle a\u00e7\u0131\u011fa \u00e7\u0131kacak vagonlar\u0131n bak\u0131m\u0131n\u0131 yapaca\u011f\u0131m\u0131z bir alan vard\u0131. Ne yaz\u0131k ki o zaman\u0131n \u00fcniversite y\u00f6netimi inan\u0131r m\u0131s\u0131n\u0131z bana hendek atlatt\u0131. Bize onu yapt\u0131rtmad\u0131. Bu da olmazsa olmaz bir \u015feydi. Mecburen sanayi mahallesinin orada yerin alt\u0131nda triyaj alan\u0131 yapmak durumunda kald\u0131k ki o da bize 250 milyon liraya maloldu. Bu t\u00fcr \u015feylerle u\u011fra\u015f\u0131yoruz.<\/p>\n<p style=\"text-align: justify;\"><strong>MEDYA KULP TAKTI<\/strong><\/p>\n<p style=\"text-align: justify;\">Yaz\u0131l\u0131 ve g\u00f6rsel medyan\u0131n kopard\u0131\u011f\u0131 k\u0131yameti biliyorsunuz. Bu toplumu moralize etmeleri gerekirken kar\u015f\u0131t g\u00fc\u00e7lerle birlikte demoralize etmenin gayreti i\u00e7ine giriyorlar. Bu k\u00f6pr\u00fcler tamir bak\u0131m olmayacak m\u0131? Bu bak\u0131mlar yap\u0131lmas\u0131n diye bir felaketle kar\u015f\u0131 kar\u015f\u0131ya kalacak olursak o zaman ne diyeceksiniz? O zaman da teneke tak\u0131p \u00e7alacaks\u0131n\u0131z. Bunlar olacak. Bunun i\u00e7in de en uygun mevsim ne zaman? Yaz. Neden? Okullar kapal\u0131. Bu s\u00fcre i\u00e7inde bunu s\u00fcratle yapal\u0131m dedik. Bir\u00e7ok kulp takt\u0131lar. \u015eu anda bitti okullarla beraber bu s\u0131k\u0131nt\u0131 a\u015f\u0131l\u0131yor.<\/p>\n<p style=\"text-align: justify;\"><strong>METROYA DAVET ETT\u0130<\/strong><\/p>\n<p style=\"text-align: justify;\">Cumhuriyet tarihi boyunca \u0130stanbul\u2019da yap\u0131lan kav\u015fak ve yol yat\u0131r\u0131mlar\u0131n\u0131n toplam\u0131ndan daha fazlas\u0131n\u0131 \u015fu son 8 y\u0131lda yapt\u0131k. Tabii bunlar rahats\u0131z oluyorlar. S\u00f6ylemek durumunday\u0131m. \u2018\u0130zmir ilimiz \u015f\u00f6yle \u00e7al\u0131\u015f\u0131yor\u2019 diyor. \u00d6nce bir defa bak metro nedir hafif metro nedir. Say\u0131n genel ba\u015fkan \u00f6nce bunu bir \u00f6\u011fren. Senin \u0130zmirle ilgili anlatt\u0131klar\u0131n metro de\u011fil. Bunlar hafif metrodur. \u0130zmir bu ula\u015f\u0131m sistemlerini yapamam\u0131\u015ft\u0131r. Yapamad\u0131\u011f\u0131 i\u00e7in Ula\u015ft\u0131rma Bakanl\u0131\u011f\u0131m\u0131z\u2019dan yard\u0131m istemi\u015ftir. Ben bakan\u0131m\u0131za verdi\u011fim talimatla oradaki rayl\u0131 sistemlerde bakanl\u0131\u011f\u0131m\u0131z devreye girmi\u015f oradaki hizmetler beraber y\u00fcr\u00fcm\u00fc\u015ft\u00fcr. Bunlar hafif metro. Metro burada. Kad\u0131k\u00f6y &#8211; Kartal metrosunu hizmete a\u00e7t\u0131k. Ana muhalefet genel ba\u015fkan\u0131na tavsiye ederim. Kad\u0131k\u00f6y belediyesi kendi elinde. Kad\u0131k\u00f6y\u2019e geldi\u011finde Kad\u0131k\u00f6y &#8211; Kartal ziyareti yaparsa isabetli olur. Hi\u00e7 olmazsa metroyu g\u00f6r\u00fcr.<\/p>\n<p style=\"text-align: justify;\"><strong>\u015eOF\u00d6R KOLTU\u011eUNDA T\u00dcNEL\u0130 GE\u00c7T\u0130<\/strong><\/p>\n<p style=\"text-align: justify;\">Konu\u015fmas\u0131n\u0131n sonunda \u0130stanbul\u2019daki k\u00f6pr\u00fc ve yol \u00e7al\u0131\u015fmalar\u0131na da de\u011finen Erdo\u011fan, \u201c\u0130stanbul\u2019un \u00e7e\u015fitli b\u00f6lgelerinde ya\u015fanan s\u0131k\u0131nt\u0131lar sona erdi. Ben halk\u0131mdan bizi ba\u011f\u0131\u015flamas\u0131n\u0131 diliyorum. \u00d6z\u00fcr gerekiyorsa \u00f6z\u00fcr diliyorum. Bunlar\u0131n yap\u0131lmas\u0131n\u0131n gere\u011fini hat\u0131rlatmay\u0131 da g\u00f6rev biliyorum\u201d dedi. Ard\u0131ndan Erdo\u011fan, makam arac\u0131n\u0131n \u015fof\u00f6r koltu\u011funa oturdu. Yan\u0131na \u0130stanbul B\u00fcy\u00fck\u015fehir Belediye Ba\u015fkan\u0131 Kadir Topba\u015f\u2019\u0131 da alan Erdo\u011fan, 2 bin 25 metrelik Sar\u0131yer &#8211; \u00c7ay\u0131rba\u015f\u0131 t\u00fcneli boyunca ara\u00e7 kulland\u0131.<\/p>\n<p style=\"text-align: justify;\"><a href=\"http:\/\/siyaset.milliyet.com.tr\/eski-pasalar-vatana-ihanet-ediyorlar\/siyaset\/siyasetdetay\/09.09.2012\/1593559\/default.htm\" target=\"_blank\">Kaynak : Milliyet.com.tr<\/a><\/p>\n","protected":false},"excerpt":{"rendered":"<p style=\"text-align: center;\">\n<p style=\"text-align: justify;\">Afyonkarahisar\u2019daki cephanelik patlamas\u0131n\u0131n ard\u0131ndan emekli askerlerin bas\u0131nda \u00e7\u0131kan ele\u015ftirel yorumlar\u0131na tepki g\u00f6steren Ba\u015fbakan Erdo\u011fan, \u201cOcaklar\u0131na ihanet i\u00e7ine girmi\u015fler\u201d ifadelerini kulland\u0131.<\/p>\n<p style=\"text-align: justify;\">Ba\u015fbakan Recep Tayyip Erdo\u011fan \u201c\u0130stanbul\u2019un Yedi Tepesine Yedi T\u00fcnel\u201d projesi kapsam\u0131nda yap\u0131m\u0131 tamamlanan Sar\u0131yer &#8211; \u00c7ay\u0131rba\u015f\u0131 t\u00fcneli ile 20 kav\u015fak ve yolun a\u00e7\u0131l\u0131\u015f\u0131n\u0131 yapt\u0131. Erdo\u011fan 2 bin 25 <\/p>\n","protected":false},"author":1,"featured_media":0,"comment_status":"open","ping_status":"open","sticky":false,"template":"","format":"standard","meta":{"footnotes":""},"categories":[105],"tags":[],"class_list":["post-55175","post","type-post","status-publish","format-standard","hentry","category-gundem","odd"],"_links":{"self":[{"href":"http:\/\/www.korhanyilmaz.com\/index.php?rest_route=\/wp\/v2\/posts\/55175","targetHints":{"allow":["GET"]}}],"collection":[{"href":"http:\/\/www.korhanyilmaz.com\/index.php?rest_route=\/wp\/v2\/posts"}],"about":[{"href":"http:\/\/www.korhanyilmaz.com\/index.php?rest_route=\/wp\/v2\/types\/post"}],"author":[{"embeddable":true,"href":"http:\/\/www.korhanyilmaz.com\/index.php?rest_route=\/wp\/v2\/users\/1"}],"replies":[{"embeddable":true,"href":"http:\/\/www.korhanyilmaz.com\/index.php?rest_route=%2Fwp%2Fv2%2Fcomments&post=55175"}],"version-history":[{"count":0,"href":"http:\/\/www.korhanyilmaz.com\/index.php?rest_route=\/wp\/v2\/posts\/55175\/revisions"}],"wp:attachment":[{"href":"http:\/\/www.korhanyilmaz.com\/index.php?rest_route=%2Fwp%2Fv2%2Fmedia&parent=55175"}],"wp:term":[{"taxonomy":"category","embeddable":true,"href":"http:\/\/www.korhanyilmaz.com\/index.php?rest_route=%2Fwp%2Fv2%2Fcategories&post=55175"},{"taxonomy":"post_tag","embeddable":true,"href":"http:\/\/www.korhanyilmaz.com\/index.php?rest_route=%2Fwp%2Fv2%2Ftags&post=55175"}],"curies":[{"name":"wp","href":"https:\/\/api.w.org\/{rel}","templated":true}]}}