{"id":55169,"date":"2012-09-08T23:35:18","date_gmt":"2012-09-08T20:35:18","guid":{"rendered":"http:\/\/www.korhanyilmaz.com\/?p=55169"},"modified":"2012-09-09T09:08:11","modified_gmt":"2012-09-09T06:08:11","slug":"basbakan-erdogan-hastaneye-gitti","status":"publish","type":"post","link":"http:\/\/www.korhanyilmaz.com\/?p=55169","title":{"rendered":"Ba\u015fbakan Erdo\u011fan, hastaneye gitti"},"content":{"rendered":"<p style=\"text-align: justify;\"><a href=\"http:\/\/www.korhanyilmaz.com\/wp-content\/uploads\/2012\/09\/H703.jpg\"  class=\"lightview\"><img loading=\"lazy\" decoding=\"async\" class=\"aligncenter size-full wp-image-55170\" title=\"\" src=\"http:\/\/www.korhanyilmaz.com\/wp-content\/uploads\/2012\/09\/H703.jpg\" alt=\"\" width=\"316\" height=\"237\" \/><\/a><\/p>\n<p style=\"text-align: justify;\">Ba\u015fbakan Recep Tayyip Erdo\u011fan, ameliyat ge\u00e7irdi\u011fi \u00d6zel Medipol Hastanesi&#8217;ne gitti. Ba\u015fbakanl\u0131k kaynaklar\u0131, Erdo\u011fan&#8217;\u0131n hasta ziyaretine gitti\u011fini belirtiyor.<\/p>\n<p style=\"text-align: justify;\">\u0130stanbul- Ba\u015fbakan Erdo\u011fan, Sar\u0131yer-\u00c7ay\u0131rba\u015f\u0131 T\u00fcneli a\u00e7\u0131l\u0131\u015f\u0131n\u0131n ard\u0131ndan Be\u015fikta\u015f&#8217;taki \u00c7al\u0131\u015fma Ofisi&#8217;ne ge\u00e7ti. Ofisten saat 22.00 s\u0131ralar\u0131nda ayr\u0131lan Erdo\u011fan&#8217;a o\u011flu Bilal Erdo\u011fan ve torunu da e\u015flik etti.<!--more--><\/p>\n<p style=\"text-align: justify;\">Ba\u015fbakan&#8217;\u0131n konvoyunun ilerlemesi s\u0131ras\u0131nda iki kez bas\u0131n mensuplar\u0131n\u0131n yolu kesildi.<\/p>\n<p style=\"text-align: justify;\">Ba\u015fbakanl\u0131k kaynaklar\u0131na g\u00f6re Erdo\u011fan&#8217;\u0131n hastanede tedavi g\u00f6ren bir yak\u0131n\u0131n\u0131 ziyaret etti\u011fi belirtiliyor.<\/p>\n<p style=\"text-align: justify;\"><a href=\"http:\/\/www.cumhuriyet.com.tr\/?hn=364362\" target=\"_blank\">Kaynak : Cumhuriyet Haber Portal\u0131<\/a><\/p>\n","protected":false},"excerpt":{"rendered":"<p style=\"text-align: justify;\">\n<p style=\"text-align: justify;\">Ba\u015fbakan Recep Tayyip Erdo\u011fan, ameliyat ge\u00e7irdi\u011fi \u00d6zel Medipol Hastanesi&#8217;ne gitti. Ba\u015fbakanl\u0131k kaynaklar\u0131, Erdo\u011fan&#8217;\u0131n hasta ziyaretine gitti\u011fini belirtiyor.<\/p>\n<p style=\"text-align: justify;\">\u0130stanbul- Ba\u015fbakan Erdo\u011fan, Sar\u0131yer-\u00c7ay\u0131rba\u015f\u0131 T\u00fcneli a\u00e7\u0131l\u0131\u015f\u0131n\u0131n ard\u0131ndan Be\u015fikta\u015f&#8217;taki \u00c7al\u0131\u015fma Ofisi&#8217;ne ge\u00e7ti. Ofisten saat 22.00 s\u0131ralar\u0131nda ayr\u0131lan Erdo\u011fan&#8217;a o\u011flu Bilal Erdo\u011fan ve torunu da e\u015flik etti.<\/p>\n","protected":false},"author":1,"featured_media":0,"comment_status":"open","ping_status":"open","sticky":false,"template":"","format":"standard","meta":{"footnotes":""},"categories":[105],"tags":[421],"class_list":["post-55169","post","type-post","status-publish","format-standard","hentry","category-gundem","tag-ozel-medipol-hastanesi","odd"],"_links":{"self":[{"href":"http:\/\/www.korhanyilmaz.com\/index.php?rest_route=\/wp\/v2\/posts\/55169","targetHints":{"allow":["GET"]}}],"collection":[{"href":"http:\/\/www.korhanyilmaz.com\/index.php?rest_route=\/wp\/v2\/posts"}],"about":[{"href":"http:\/\/www.korhanyilmaz.com\/index.php?rest_route=\/wp\/v2\/types\/post"}],"author":[{"embeddable":true,"href":"http:\/\/www.korhanyilmaz.com\/index.php?rest_route=\/wp\/v2\/users\/1"}],"replies":[{"embeddable":true,"href":"http:\/\/www.korhanyilmaz.com\/index.php?rest_route=%2Fwp%2Fv2%2Fcomments&post=55169"}],"version-history":[{"count":0,"href":"http:\/\/www.korhanyilmaz.com\/index.php?rest_route=\/wp\/v2\/posts\/55169\/revisions"}],"wp:attachment":[{"href":"http:\/\/www.korhanyilmaz.com\/index.php?rest_route=%2Fwp%2Fv2%2Fmedia&parent=55169"}],"wp:term":[{"taxonomy":"category","embeddable":true,"href":"http:\/\/www.korhanyilmaz.com\/index.php?rest_route=%2Fwp%2Fv2%2Fcategories&post=55169"},{"taxonomy":"post_tag","embeddable":true,"href":"http:\/\/www.korhanyilmaz.com\/index.php?rest_route=%2Fwp%2Fv2%2Ftags&post=55169"}],"curies":[{"name":"wp","href":"https:\/\/api.w.org\/{rel}","templated":true}]}}