{"id":55166,"date":"2012-09-06T11:42:19","date_gmt":"2012-09-06T08:42:19","guid":{"rendered":"http:\/\/www.korhanyilmaz.com\/?p=55166"},"modified":"2012-09-09T08:53:48","modified_gmt":"2012-09-09T05:53:48","slug":"capsizligi-bas-taci-etmis-ulke","status":"publish","type":"post","link":"http:\/\/www.korhanyilmaz.com\/?p=55166","title":{"rendered":"\u00c7aps\u0131zl\u0131\u011f\u0131 ba\u015f tac\u0131 etmi\u015f \u00fclke!"},"content":{"rendered":"<div id=\"attachment_53692\" style=\"width: 93px\" class=\"wp-caption alignright\"><img loading=\"lazy\" decoding=\"async\" aria-describedby=\"caption-attachment-53692\" class=\" wp-image-53692 \" title=\"C\u00fcneyt \u00dclsever - Yurt Gazetesi\" src=\"http:\/\/www.korhanyilmaz.com\/wp-content\/uploads\/2012\/08\/H218.jpg\" alt=\"\" width=\"83\" height=\"114\" \/><p id=\"caption-attachment-53692\" class=\"wp-caption-text\">C\u00fcneyt \u00dclsever<\/p><\/div>\n<p style=\"text-align: justify;\">\u00dclkelerin en \u00f6nemli sermayesi olan \u201cinsan sermayesi\u201d 2007\u2019den beri T\u00fcrkiye\u2019de \u00e7aps\u0131zl\u0131k yar\u0131\u015f\u0131na \u00e7\u0131km\u0131\u015f vaziyette.<\/p>\n<p style=\"text-align: justify;\">Herkes bir ad\u0131m \u00f6ne ge\u00e7ip, \u201cesas \u00e7aps\u0131z benim!\u201d diye hayk\u0131rmak derdinde.<\/p>\n<p style=\"text-align: justify;\">\u0130nsanlarla \u00f6zel konu\u015ftu\u011funuzda ba\u015fka t\u00fcrl\u00fc konu\u015fuyorlar, resmi g\u00f6r\u00fc\u015fleri soruldu\u011funda farkl\u0131 tav\u0131r al\u0131yorlar.<\/p>\n<p style=\"text-align: justify;\">\u0130kiy\u00fczl\u00fcl\u00fck hat safhada!<\/p>\n<p style=\"text-align: justify;\">\u0130\u015fin \u00f6z\u00fc \u015fu:<\/p>\n<p style=\"text-align: justify;\">Herkes bir ki\u015fiden (Recep Tayyip Erdo\u011fan) \u00e7ok ama \u00e7ok korkuyor! \u0130nsanlar var olma m\u00fccadelelerini korku \u00fczerine kurunca kendisinden korkulan\u0131n zihin haritas\u0131 ve tarz-\u0131 siyaseti \u00fclkenin zihin haritas\u0131n\u0131 ve vatanda\u015flar\u0131n\u0131n siyasi tavr\u0131n\u0131 tarif ediyor.\u00a0<!--more--><\/p>\n<p style=\"text-align: justify;\">Kimse \u00f6d\u00fcn\u00fc koparandan bir ad\u0131m ilerde olmak istemeyince \u00fclkenin toplam \u00e7ap\u0131 \u00e7ok d\u00fc\u015f\u00fcyor.<\/p>\n<p style=\"text-align: justify;\">***<\/p>\n<p style=\"text-align: justify;\">Halen g\u00f6revde olan bir komutan\u0131n yakini olan bir ki\u015fi anlatt\u0131. Komutan da olan bitenden \u00e7ok rahats\u0131zm\u0131\u015f, TSK\u2019nin d\u00fc\u015ft\u00fc\u011f\u00fc duruma \u00e7ok \u00fcz\u00fcl\u00fcyormu\u015f ama istifa edemiyormu\u015f. Neden? \u0130stifa ederse tutuklanmaktan korkuyormu\u015f!<\/p>\n<p style=\"text-align: justify;\">D\u00fc\u015f\u00fcn\u00fcn, b\u00f6yle bir psikolojiye sahip bir insan ter\u00f6re kar\u015f\u0131 askerimizi y\u00f6netiyor!<\/p>\n<p style=\"text-align: justify;\">Ancak, i\u015fadam\u0131 farkl\u0131 psikolojide mi?<\/p>\n<p style=\"text-align: justify;\">O da s\u00fctre gerisine yatm\u0131\u015f, \u201cyanl\u0131\u015f yaparsam Maliye pe\u015fime d\u00fc\u015fer!\u201d (\u00f6rnekleri \u00e7ok) diye d\u00fc\u015f\u00fcnm\u00fcyor mu?<\/p>\n<p style=\"text-align: justify;\">B\u00fcrokrat yetkili g\u00f6reve gelebilmek i\u00e7in ya\u011fdanl\u0131k veya bulundu\u011fu g\u00f6revden kovulmamak i\u00e7in korka\u011f\u0131n has\u0131 olmaktan ba\u015fka \u00e7are bulabiliyor mu?<\/p>\n<p style=\"text-align: justify;\">Ankara, Ba\u015fbakan\u2019\u0131n cumay\u0131 k\u0131laca\u011f\u0131 camileri g\u00f6zleyerek ve daha \u00f6nce hi\u00e7 k\u0131lmad\u0131\u011f\u0131 cumalar\u0131 art\u0131k \u201cg\u00f6z \u00f6n\u00fcnde\u201d k\u0131lmak i\u00e7in yar\u0131\u015fan b\u00fcrokratlarla doldu, ta\u015f\u0131yor.<\/p>\n<p style=\"text-align: justify;\">Yetene\u011fine, birikimine, \u015fahsiyetine g\u00fcvenmek yerine, Allah\u2019\u0131 bile aldatmaya kalkan insandan hay\u0131r bekleyen bir \u00fclke haline geldik!<\/p>\n<p style=\"text-align: justify;\">***<\/p>\n<p style=\"text-align: justify;\">Ben en \u00e7ok, meslekta\u015flar\u0131ma k\u0131z\u0131yorum! Onlar\u0131n \u00f6dlekliklerini hi\u00e7 hazmedemiyor, yalakal\u0131k sevdalar\u0131n\u0131 hi\u00e7 anlayam\u0131yorum.<\/p>\n<p style=\"text-align: justify;\">Zira her meslekte i\u015fini kaybetmekten korkan insan olabilir ama fikir adam\u0131 korkular\u0131 nedeni ile fikrini satamaz!<\/p>\n<p style=\"text-align: justify;\">Ba\u015fbakan y\u00fczlerine k\u00fcfrediyor, ya\u011fmur ya\u011fm\u0131\u015f gibi \u015f\u00fckrediyorlar!<\/p>\n<p style=\"text-align: justify;\">Ba\u015fbakan gazete patronlar\u0131na \u201c\u00e7al\u0131\u015ft\u0131rma \u015funlar\u0131\u201d diyor, patronlar i\u015faret edilenleri kovuyorlar.<\/p>\n<p style=\"text-align: justify;\">Ba\u015fbakan can\u0131n\u0131n \u00e7ekti\u011fi genel yay\u0131n y\u00f6netmenlerini tespih gibi kar\u015f\u0131s\u0131na diziyor, hepsi s\u00fct d\u00f6km\u00fc\u015f kedi gibi s\u0131r\u0131t\u0131yorlar.<\/p>\n<p style=\"text-align: justify;\">(Ba\u015fbakan\u2019da da muhalif gazetecilerin \u00f6n\u00fcne \u00e7\u0131kacak y\u00fcrek yok.)<\/p>\n<p style=\"text-align: justify;\">Genel yay\u0131n y\u00f6netmenleri aras\u0131nda Ba\u015fbakan\u2019\u0131n \u00f6k\u00fcz\u00fcn\u00fcn ona bakma \u015fans\u0131n\u0131 yeni yeni yakalam\u0131\u015f gazete y\u00f6netmenleri ise adeta \u015fehitlerle alay eder gibi \u015eemdinli da\u011flar\u0131nda \u201chuzur \u00e7ay\u0131\u201d i\u00e7iyorlar.<\/p>\n<p style=\"text-align: justify;\">Recep Tayyip Erdo\u011fan\u2019\u0131n ya\u011fdanl\u0131klar\u0131 28 \u015eubat\u2019ta da \u00c7evik Bir\u2019in ya\u011fdanl\u0131\u011f\u0131 idiler!<\/p>\n<p style=\"text-align: justify;\">***<\/p>\n<p style=\"text-align: justify;\">T\u00fcrk bas\u0131n\u0131n\u0131n i\u00e7ine d\u00fc\u015ft\u00fc\u011f\u00fc \u201c\u015fahsiyet\u201d sorununa bir \u00f6rnek olarak ter\u00f6r\u00fc ele alal\u0131m.<\/p>\n<p style=\"text-align: justify;\">Tabii ki, ter\u00f6r bu \u00fclkede AKP H\u00fck\u00fcmeti ile ba\u015flamad\u0131. Ancak, ter\u00f6r\u00fcn son d\u00f6nemde kazand\u0131\u011f\u0131 ivmenin ba\u015f sorumlusu genelde AKP H\u00fck\u00fcmeti\u2019dir. \u00d6zelde Ba\u015fbakan ve D\u0131\u015fi\u015fleri Bakan\u0131\u2019d\u0131r.<\/p>\n<p style=\"text-align: justify;\">D\u0131\u015fi\u015fleri Bakan\u0131\u2019n\u0131n y\u00fcr\u00fctt\u00fc\u011f\u00fc \u201cSuriye politikas\u0131\u201d o kadar \u00e7\u0131\u011f\u0131r\u0131ndan \u00e7\u0131km\u0131\u015ft\u0131r ki, Ahmet Davuto\u011flu\u2019nun s\u00f6z\u00fcm ona Suriye\u2019ye \u00e7\u00f6z\u00fcm arayan son BMGK konu\u015fmas\u0131nda kimse y\u00fcz\u00fcne bile bakmam\u0131\u015ft\u0131r. \u201cGelmi\u015f ge\u00e7mi\u015f en \u00e7aps\u0131z D\u0131\u015fi\u015fleri Bakan\u0131\u201d BM\u2019de y\u00fcz bulamayaca\u011f\u0131n\u0131 hesap edemeyecek, inatla New York\u2019a gidip, kendisini ve \u00fclkesini yedi d\u00fcvele rezil edecek kadar acizdir.<\/p>\n<p style=\"text-align: justify;\">\u00d6te yanda, d\u0131\u015f politika belki de K\u0131br\u0131s Sava\u015f\u0131\u2019ndan (1974) sonra ilk defa bu kadar halk\u0131n diline d\u00fc\u015fm\u00fc\u015ft\u00fcr.<\/p>\n<p style=\"text-align: justify;\">Halk pek\u00e2l\u00e2 h\u00fck\u00fcmetin \u201cSuriye Politikas\u0131\u201d ile \u201cazan ter\u00f6r\u201d\u00fcn ba\u011flant\u0131l\u0131 oldu\u011funu g\u00f6rmektedir.<\/p>\n<p style=\"text-align: justify;\">Ge\u00e7en ak\u015fam\u00fcst\u00fc bir d\u00fckk\u00e2nda al\u0131\u015fveri\u015f yaparken televizyon haberlerinde \u201cdeh\u015fet! deh\u015fet!\u201d alt yaz\u0131s\u0131 ile \u201c\u0130ranl\u0131 ajanlar\u0131n\u201d ge\u00e7ici k\u00f6y korucular\u0131 ile abuk sabuk sohbeti yay\u0131nlan\u0131yordu. Olduk\u00e7a fakir giyimli ve cahil oldu\u011fu her halinden belli bir m\u00fc\u015fteri birden televizyona d\u00f6nd\u00fc ve:<\/p>\n<p style=\"text-align: justify;\">\u201cNe var yani! Sen adamlar\u0131n kuyusunu kazarsan, onlar da tabii ki senin kuyunu kazarlar\u201d deyiverdi!<\/p>\n<p style=\"text-align: justify;\">Yay\u0131n politikas\u0131 ters tepmi\u015fti!<\/p>\n<p style=\"text-align: justify;\">***<\/p>\n<p style=\"text-align: justify;\">Ba\u015fbakan son zamanlarda azan ter\u00f6r\u00fcn s\u00fcrekli ald\u0131\u011f\u0131 canlar\u0131n sorumlusu olarak halk indinde kendisinin g\u00f6r\u00fcld\u00fc\u011f\u00fcn\u00fcn fark\u0131nda!<\/p>\n<p style=\"text-align: justify;\">\u015eimdi genel yay\u0131n y\u00f6netmenlerine ter\u00f6r\u00fc g\u00f6rmemeleri, yazmamalar\u0131, yay\u0131nlamamalar\u0131 i\u00e7in emir verdi.<\/p>\n<p style=\"text-align: justify;\">B\u00f6ylece sorumlulu\u011funu unutturacak!<\/p>\n<p style=\"text-align: justify;\">T\u00fcrk medyas\u0131n\u0131n en son s\u0131nav\u0131 ya bu emre uyup, seviyeyi beter d\u00fc\u015f\u00fcrerek, ya da g\u00f6revini hakk\u0131 ile yap\u0131p, ger\u00e7ek ne kadar ac\u0131 olursa olsun, halk\u0131 bilgilendirerek sonu\u00e7lanacak.<\/p>\n<p style=\"text-align: justify;\">Bakal\u0131m medya hangisini se\u00e7ecek? Ya\u015fay\u0131p, g\u00f6rece\u011fiz!<\/p>\n<p style=\"text-align: justify;\"><a href=\"http:\/\/www.yurtgazetesi.com.tr\/capsizligi-bas-taci-etmis-ulke-makale,1897.html\" target=\"_blank\">Kaynak : Yurt Gazetesi<\/a><\/p>\n","protected":false},"excerpt":{"rendered":"<p id=\"caption-attachment-53692\" class=\"wp-caption-text\">C\u00fcneyt \u00dclsever<\/p>\n<p style=\"text-align: justify;\">\u00dclkelerin en \u00f6nemli sermayesi olan \u201cinsan sermayesi\u201d 2007\u2019den beri T\u00fcrkiye\u2019de \u00e7aps\u0131zl\u0131k yar\u0131\u015f\u0131na \u00e7\u0131km\u0131\u015f vaziyette.<\/p>\n<p style=\"text-align: justify;\">Herkes bir ad\u0131m \u00f6ne ge\u00e7ip, \u201cesas \u00e7aps\u0131z benim!\u201d diye hayk\u0131rmak derdinde.<\/p>\n<p style=\"text-align: justify;\">\u0130nsanlarla \u00f6zel konu\u015ftu\u011funuzda ba\u015fka t\u00fcrl\u00fc konu\u015fuyorlar, resmi g\u00f6r\u00fc\u015fleri soruldu\u011funda farkl\u0131 tav\u0131r al\u0131yorlar.<\/p>\n<p style=\"text-align: justify;\">\u0130kiy\u00fczl\u00fcl\u00fck hat safhada!<\/p>\n<p style=\"text-align: justify;\">\u0130\u015fin <\/p>\n","protected":false},"author":1,"featured_media":0,"comment_status":"open","ping_status":"open","sticky":false,"template":"","format":"standard","meta":{"footnotes":""},"categories":[16],"tags":[417],"class_list":["post-55166","post","type-post","status-publish","format-standard","hentry","category-kose-yazilari","tag-cuneyt-ulsever","odd"],"_links":{"self":[{"href":"http:\/\/www.korhanyilmaz.com\/index.php?rest_route=\/wp\/v2\/posts\/55166","targetHints":{"allow":["GET"]}}],"collection":[{"href":"http:\/\/www.korhanyilmaz.com\/index.php?rest_route=\/wp\/v2\/posts"}],"about":[{"href":"http:\/\/www.korhanyilmaz.com\/index.php?rest_route=\/wp\/v2\/types\/post"}],"author":[{"embeddable":true,"href":"http:\/\/www.korhanyilmaz.com\/index.php?rest_route=\/wp\/v2\/users\/1"}],"replies":[{"embeddable":true,"href":"http:\/\/www.korhanyilmaz.com\/index.php?rest_route=%2Fwp%2Fv2%2Fcomments&post=55166"}],"version-history":[{"count":0,"href":"http:\/\/www.korhanyilmaz.com\/index.php?rest_route=\/wp\/v2\/posts\/55166\/revisions"}],"wp:attachment":[{"href":"http:\/\/www.korhanyilmaz.com\/index.php?rest_route=%2Fwp%2Fv2%2Fmedia&parent=55166"}],"wp:term":[{"taxonomy":"category","embeddable":true,"href":"http:\/\/www.korhanyilmaz.com\/index.php?rest_route=%2Fwp%2Fv2%2Fcategories&post=55166"},{"taxonomy":"post_tag","embeddable":true,"href":"http:\/\/www.korhanyilmaz.com\/index.php?rest_route=%2Fwp%2Fv2%2Ftags&post=55166"}],"curies":[{"name":"wp","href":"https:\/\/api.w.org\/{rel}","templated":true}]}}