{"id":55161,"date":"2012-09-07T23:16:27","date_gmt":"2012-09-07T20:16:27","guid":{"rendered":"http:\/\/www.korhanyilmaz.com\/?p=55161"},"modified":"2012-09-08T01:51:51","modified_gmt":"2012-09-07T22:51:51","slug":"erdoganin-o-sozlerine-aciklik-getirdi-dil-surcmesi","status":"publish","type":"post","link":"http:\/\/www.korhanyilmaz.com\/?p=55161","title":{"rendered":"Erdo\u011fan&#8217;\u0131n o s\u00f6zlerine a\u00e7\u0131kl\u0131k getirdi: Dil s\u00fcr\u00e7mesi"},"content":{"rendered":"<p style=\"text-align: center;\"><a href=\"http:\/\/www.korhanyilmaz.com\/wp-content\/uploads\/2012\/09\/H702.jpg\"  class=\"lightview\"><img loading=\"lazy\" decoding=\"async\" class=\"aligncenter  wp-image-55162\" src=\"http:\/\/www.korhanyilmaz.com\/wp-content\/uploads\/2012\/09\/H702.jpg\" alt=\"\" width=\"322\" height=\"241\" \/><\/a><\/p>\n<p style=\"text-align: justify;\">BDP-PKK kar\u015f\u0131la\u015fmas\u0131 i\u00e7in &#8216;yarg\u0131yla g\u00f6r\u00fc\u015ft\u00fck&#8217; s\u00f6z\u00fcn\u00fc kullanan Ba\u015fbakan Erdo\u011fan&#8217;a HSYK Birinci Daire Ba\u015fkan\u0131 \u0130brahim Okur&#8217;dan cevap geldi. Okur, &#8220;Say\u0131n Ba\u015fbakan\u0131n &#8216;yarg\u0131yla g\u00f6r\u00fc\u015ft\u00fck&#8217; s\u00f6z\u00fcn\u00fcn bir dil s\u00fcr\u00e7mesi oldu\u011funu, bu \u015fekilde bir g\u00f6r\u00fc\u015fmesi talimat\u0131 olaca\u011f\u0131n\u0131 zannetmiyorum&#8221; dedi.<\/p>\n<p style=\"text-align: justify;\">\u0130stanbul- CNN T\u00dcRK&#8217;te yay\u0131nlanan &#8220;E\u011frisi Do\u011frusu&#8221; program\u0131na kat\u0131larak, gazeteci Taha Akyol&#8217;un sorular\u0131n\u0131 yan\u0131tlayan HSYK Birinci Daire Ba\u015fkan\u0131 \u0130brahim Okur, \u00f6nemli a\u00e7\u0131klamalarda bulundu.\u00a0<!--more--><\/p>\n<p style=\"text-align: justify;\">Okur, Ba\u015fbakan Recep Tayyip Erdo\u011fan&#8217;\u0131n BDP milletvekilleriyle PKK&#8217;l\u0131lar\u0131n bir araya gelmesi ile ilgili s\u00f6zlerini de\u011ferlendirdi.<\/p>\n<p style=\"text-align: justify;\">Yarg\u0131n\u0131n ba\u011f\u0131ms\u0131z oldu\u011funu hat\u0131rlatan Okur, Ba\u015fbakan Erdo\u011fan&#8217;\u0131n a\u00e7\u0131klamalar\u0131n\u0131n dil s\u00fcr\u00e7mesi oldu\u011funu d\u00fc\u015f\u00fcnd\u00fc\u011f\u00fcn\u00fc s\u00f6yledi.<\/p>\n<p style=\"text-align: justify;\">\u0130brahim Okul \u015f\u00f6yle konu\u015ftu: &#8220;Oradaki kast\u0131n, &#8216;yarg\u0131 gere\u011fini yap\u0131yor biz de gere\u011fini yapar\u0131z&#8217; \u015feklinde oldu\u011funu d\u00fc\u015f\u00fcn\u00fcyorum. Yarg\u0131 ba\u011f\u0131ms\u0131zd\u0131r. Yarg\u0131ya hi\u00e7 kimse talimat veremez. Say\u0131n Ba\u015fbakan\u0131n &#8216;yarg\u0131yla g\u00f6r\u00fc\u015ft\u00fck&#8217; s\u00f6z\u00fcn\u00fcn bir dil s\u00fcr\u00e7mesi oldu\u011funu bu \u015fekilde bir g\u00f6r\u00fc\u015fmesi talimat\u0131 olaca\u011f\u0131n\u0131 zannetmiyorum. Bug\u00fcne kadar bildi\u011fim say\u0131n ba\u015fbakan\u0131n b\u00f6yle bir tarzda olmad\u0131\u011f\u0131n\u0131 biliyorum. O nedenle s\u00f6z\u00fcn maksad\u0131 d\u0131\u015f\u0131nda kullan\u0131lm\u0131\u015f bir s\u00f6z oldu\u011funu, e\u011fer bu \u015fekilde kullanm\u0131\u015fsa kastedilenin bu olmad\u0131\u011f\u0131n\u0131 d\u00fc\u015f\u00fcn\u00fcyorum.<\/p>\n<p style=\"text-align: justify;\">Anayasam\u0131zda yarg\u0131\u00e7lar\u0131n ba\u011f\u0131ms\u0131zl\u0131\u011f\u0131 d\u00fczenlenmi\u015f yarg\u0131 herhangi bir su\u00e7 unsuruna rastlarsa, savc\u0131lar\u0131m\u0131z harekete ge\u00e7er. Bu olayda hat\u0131rlayaca\u011f\u0131n\u0131z gibi, Van Cumhuriyet Ba\u015fsavc\u0131l\u0131\u011f\u0131, olay\u0131n oldu\u011fu g\u00fcn BDP milletvekilleri hakk\u0131nda ve olayla ilgili inceleme ba\u015flatt\u0131\u011f\u0131n\u0131 kamuoyuna duyurdu. Hen\u00fcz say\u0131n ba\u015fbakan\u0131n tepkisinin ne oldu\u011funun bilmedi\u011fimiz saatlerde. Van Ba\u015fsavc\u0131l\u0131\u011f\u0131 inceleme ba\u015flatm\u0131\u015ft\u0131. Ba\u015fsavc\u0131l\u0131\u011f\u0131n bir su\u00e7la ilgili i\u015flem ba\u015flatmak i\u00e7in ba\u015fbakandan veya bir ba\u015fkas\u0131ndan talimat almas\u0131 ya da talimat beklemesini d\u00fc\u015f\u00fcnemeyiz. Kendisi zaten re&#8217;sen harekete ge\u00e7er. Bu olayda da zaten re&#8217;sen harekete ge\u00e7ilmi\u015fti.&#8221;<\/p>\n<p style=\"text-align: justify;\"><strong>&#8220;Ne \u00f6rg\u00fctt\u00fcr, ne i\u015ftirak halinde su\u00e7tur tart\u0131\u015f\u0131lmal\u0131&#8221;\u00a0<\/strong><\/p>\n<p style=\"text-align: justify;\">\u00d6rg\u00fct tan\u0131m\u0131n\u0131n \u00e7ok geni\u015f kapsaml\u0131 oldu\u011funu ve bu nedenle bir \u00e7ok sorunla kar\u015f\u0131la\u015ft\u0131klar\u0131n\u0131 ifade eden Okur \u015funlar\u0131 s\u00f6yledi: &#8220;\u00d6rg\u00fct tan\u0131m\u0131na ili\u015fkin bir sorunumuz var. E\u011fer 3 ki\u015fi bir araya geldiyseniz aran\u0131zda bir hiyerar\u015fi varsa, s\u00fcreklilik varsa, hele bir de silah\u0131n\u0131z varsa m\u00fckemmel bir \u00f6rg\u00fct oluyor. Buradan bir \u00f6rg\u00fct \u00e7\u0131k\u0131yor. Bu da asl\u0131nda ge\u00e7mi\u015fte yarg\u0131m\u0131z\u0131n, devlet\u00e7i zihniyette olu\u015fundan kaynaklanan bir durum. Yag\u0131tay\u0131n ilgili daireleri, ge\u00e7mi\u015fte Hizbullah, El Kaide, PKK gibi \u00f6rg\u00fctlerle ilgili kararlar\u0131n\u0131 verirken, \u00f6rg\u00fct tan\u0131m\u0131n\u0131 \u00e7ok geni\u015f tutmu\u015f, olabildi\u011fince esnekmi\u015f. Bug\u00fcn de ayn\u0131 anlay\u0131\u015f devam ediyor.<\/p>\n<p style=\"text-align: justify;\">Kurumsal hiyerar\u015fi ile \u00f6rg\u00fct hiyerar\u015fisi birbirinden farkl\u0131 \u015feylerdir. Bir kurumda birlikte \u00e7al\u0131\u015fan insanlar beraber bir su\u00e7 i\u015fleyebilirler. M\u00fcmk\u00fcnd\u00fcr. \u0130\u015ftirak halinde su\u00e7 i\u015fleme diye bir \u015fey var. Bu i\u015ftirak halinde su\u00e7 olur. Bizim \u00f6rg\u00fct hiyerar\u015fimizi g\u00f6stermez. Ayr\u0131ca yasa d\u0131\u015f\u0131 birlikteli\u011fimiz varsa, birbirimize talimat verip talimat al\u0131yorsak, yasad\u0131\u015f\u0131, i\u015fler yap\u0131yorsak, bir \u00f6rg\u00fct kurduysak bir su\u00e7 i\u015fleme i\u00e7in bir araya gelmi\u015fsek bu ayr\u0131.<\/p>\n<p style=\"text-align: justify;\">Ama biz birlikte \u00e7al\u0131\u015f\u0131rken \u015feytana uyduk, beraber bir su\u00e7 i\u015flemeye karar verdik. Ben de amirleriyim. \u0130\u015fte benimle \u00e7al\u0131\u015fan 3 arkada\u015f\u0131m da bana ayak uydurdular, beraberce bir su\u00e7 i\u015fledik. Bu i\u015ftirak halinde su\u00e7 i\u015flemek olur. Savc\u0131 arkada\u015flar\u0131m\u0131z\u0131n, buna dikkat etmesi laz\u0131m. Burada yarg\u0131da bir sorun oldu\u011funu bunun tart\u0131\u015f\u0131lmas\u0131 gerekti\u011fini d\u00fc\u015f\u00fcn\u00fcyorum. T\u00fcrkiye bu sorunu ciddi manada tart\u0131\u015fmal\u0131. Ne \u00f6rg\u00fctt\u00fcr ne i\u015ftirak halinde su\u00e7tur tart\u0131\u015f\u0131lmal\u0131.&#8221;<\/p>\n<p style=\"text-align: justify;\"><a href=\"http:\/\/www.cumhuriyet.com.tr\/?hn=364168\" target=\"_blank\">Kaynak : Cumhuriyet Haber Portal\u0131<\/a><\/p>\n","protected":false},"excerpt":{"rendered":"<p style=\"text-align: center;\">\n<p style=\"text-align: justify;\">BDP-PKK kar\u015f\u0131la\u015fmas\u0131 i\u00e7in &#8216;yarg\u0131yla g\u00f6r\u00fc\u015ft\u00fck&#8217; s\u00f6z\u00fcn\u00fc kullanan Ba\u015fbakan Erdo\u011fan&#8217;a HSYK Birinci Daire Ba\u015fkan\u0131 \u0130brahim Okur&#8217;dan cevap geldi. Okur, &#8220;Say\u0131n Ba\u015fbakan\u0131n &#8216;yarg\u0131yla g\u00f6r\u00fc\u015ft\u00fck&#8217; s\u00f6z\u00fcn\u00fcn bir dil s\u00fcr\u00e7mesi oldu\u011funu, bu \u015fekilde bir g\u00f6r\u00fc\u015fmesi talimat\u0131 olaca\u011f\u0131n\u0131 zannetmiyorum&#8221; dedi.<\/p>\n<p style=\"text-align: justify;\">\u0130stanbul- CNN T\u00dcRK&#8217;te yay\u0131nlanan &#8220;E\u011frisi Do\u011frusu&#8221; program\u0131na kat\u0131larak, gazeteci Taha Akyol&#8217;un sorular\u0131n\u0131 yan\u0131tlayan <\/p>\n","protected":false},"author":1,"featured_media":0,"comment_status":"open","ping_status":"open","sticky":false,"template":"","format":"standard","meta":{"footnotes":""},"categories":[105],"tags":[],"class_list":["post-55161","post","type-post","status-publish","format-standard","hentry","category-gundem","odd"],"_links":{"self":[{"href":"http:\/\/www.korhanyilmaz.com\/index.php?rest_route=\/wp\/v2\/posts\/55161","targetHints":{"allow":["GET"]}}],"collection":[{"href":"http:\/\/www.korhanyilmaz.com\/index.php?rest_route=\/wp\/v2\/posts"}],"about":[{"href":"http:\/\/www.korhanyilmaz.com\/index.php?rest_route=\/wp\/v2\/types\/post"}],"author":[{"embeddable":true,"href":"http:\/\/www.korhanyilmaz.com\/index.php?rest_route=\/wp\/v2\/users\/1"}],"replies":[{"embeddable":true,"href":"http:\/\/www.korhanyilmaz.com\/index.php?rest_route=%2Fwp%2Fv2%2Fcomments&post=55161"}],"version-history":[{"count":0,"href":"http:\/\/www.korhanyilmaz.com\/index.php?rest_route=\/wp\/v2\/posts\/55161\/revisions"}],"wp:attachment":[{"href":"http:\/\/www.korhanyilmaz.com\/index.php?rest_route=%2Fwp%2Fv2%2Fmedia&parent=55161"}],"wp:term":[{"taxonomy":"category","embeddable":true,"href":"http:\/\/www.korhanyilmaz.com\/index.php?rest_route=%2Fwp%2Fv2%2Fcategories&post=55161"},{"taxonomy":"post_tag","embeddable":true,"href":"http:\/\/www.korhanyilmaz.com\/index.php?rest_route=%2Fwp%2Fv2%2Ftags&post=55161"}],"curies":[{"name":"wp","href":"https:\/\/api.w.org\/{rel}","templated":true}]}}