{"id":55157,"date":"2012-09-06T21:14:30","date_gmt":"2012-09-06T18:14:30","guid":{"rendered":"http:\/\/www.korhanyilmaz.com\/?p=55157"},"modified":"2012-09-07T22:15:36","modified_gmt":"2012-09-07T19:15:36","slug":"akp-ve-mhp-anlasti","status":"publish","type":"post","link":"http:\/\/www.korhanyilmaz.com\/?p=55157","title":{"rendered":"AKP ve MHP anla\u015ft\u0131!"},"content":{"rendered":"<p style=\"text-align: justify;\"><a href=\"http:\/\/www.korhanyilmaz.com\/wp-content\/uploads\/2012\/09\/H701.jpg\"  class=\"lightview\"><img loading=\"lazy\" decoding=\"async\" class=\"aligncenter size-full wp-image-55158\" title=\"\" src=\"http:\/\/www.korhanyilmaz.com\/wp-content\/uploads\/2012\/09\/H701.jpg\" alt=\"\" width=\"318\" height=\"191\" \/><\/a><\/p>\n<p style=\"text-align: justify;\"><strong>Se\u00e7imlerin \u00f6ne \u00e7ekilmesi konusunda iki parti anla\u015ft\u0131.\u00a0<\/strong><\/p>\n<p style=\"text-align: justify;\">2014 Mart\u2019\u0131nda yap\u0131lmas\u0131 gereken yerel se\u00e7imlerin 5 ay \u00f6ne \u00e7ekilerek 27 Ekim 2013\u2019te yap\u0131lmas\u0131na y\u00f6nelik anayasa de\u011fi\u015fiklik teklifinin \u00f6n\u00fcm\u00fczdeki hafta ortak imzayla TBMM\u2019ye sunulmas\u0131 bekleniyor. CHP teklife imza vermeyecek ancak Genel Kurul\u2019da oy vererek destekleyecek.\u00a0<!--more--><\/p>\n<p style=\"text-align: justify;\">2014\u2019te yap\u0131lacak Cumhurba\u015fkanl\u0131\u011f\u0131 se\u00e7imlerini dikkate alarak ayn\u0131 y\u0131l i\u00e7inde yap\u0131lacak yerel se\u00e7imlerin \u00f6ne al\u0131nmas\u0131 konusunda harekete ge\u00e7en AK Parti, d\u00fcn bu konuda \u00f6nce ana muhalefet CHP\u2019nin ard\u0131ndan da, anayasa de\u011fi\u015fikli\u011fi i\u00e7in \u00f6n mutabakata vard\u0131\u011f\u0131 MHP\u2019nin kap\u0131s\u0131n\u0131 \u00e7ald\u0131.<\/p>\n<p style=\"text-align: justify;\">AK Parti Grup Ba\u015fkanvekili Nurettin Canikli d\u00fcn ilk olarak CHP grubunu ziyaret etti. Canikli CHP grup ba\u015fkanvekilleri Muharrem \u0130nce ve Emine \u00dclker Tarhan ile yakla\u015f\u0131k 45 dakika g\u00f6r\u00fc\u015ft\u00fc.<\/p>\n<p style=\"text-align: justify;\">Canikli g\u00f6r\u00fc\u015fmede, yerel se\u00e7imlerin \u00f6ne al\u0131nmas\u0131, bu \u00e7er\u00e7evede se\u00e7imlerin 27 Ekim 2013 tarihinde yap\u0131lmas\u0131 konusunda \u00f6n mutabakata vard\u0131klar\u0131n\u0131 belirterek, CHP\u2019nin g\u00f6r\u00fc\u015f\u00fcn\u00fc sordu. CHP\u2019liler ise, \u00f6nerilen se\u00e7im tarihinden bir g\u00fcn sonra 29 Ekim\u2019in kutlanaca\u011f\u0131n\u0131 ve resmi tatil olaca\u011f\u0131na dikkat \u00e7ekerek, \u201cVatanda\u015f haftasonu ile 29 Ekim tatilini birle\u015fitirip, 4 g\u00fcnl\u00fck bir tatil yapabilir. Bu nedenle de pek \u00e7ok se\u00e7men kay\u0131tl\u0131 oldu\u011fu b\u00f6lge d\u0131\u015f\u0131nda olabilir\u201d g\u00f6r\u00fc\u015f\u00fcn\u00fc savundu. CHP bu \u00e7er\u00e7evede 3 Kas\u0131m tarihinin daha uygun olabilece\u011fini savundu.<\/p>\n<p style=\"text-align: justify;\">Edinilen bilgiye g\u00f6re, g\u00f6r\u00fc\u015fmede CHP\u2019li Tarhan, \u00e7ok k\u0131sa bir s\u00fcre i\u00e7inde T\u00fcrkiye\u2019nin 60 \u015fehit verdi\u011fini belirterek, \u201cB\u00f6yle bir g\u00fcndemde siyasi bekaya y\u00f6nelik bir giri\u015fimi a\u00e7\u0131k\u00e7as\u0131 \u00e7ok da do\u011fru bulmuyoruz\u201d dedi. Canikli, Tarhan\u2019\u0131n bu s\u00f6zleri \u00fczerine \u015fehit haberlerinin kendilerini de derinden yaralad\u0131\u011f\u0131n\u0131 ifade etti. CHP\u2019liler Canikli\u2019ye, \u201cB\u00f6yle bir d\u00f6nemde 1 y\u0131l boyunca se\u00e7imlerin konu\u015fulmas\u0131 da ne kadar do\u011fru. Biz se\u00e7imden ka\u00e7an bir parti de\u011filiz. \u0130steniliyorsa derhal se\u00e7ime gidelim\u201d s\u00f6zleriyle hodri meydan \u00e7ektiler. Ancak bu y\u00f6nde haz\u0131rlanacak anayasa de\u011fi\u015fikli\u011fi teklife imza koymayacaklar\u0131n\u0131 s\u00f6ylediler. CHP\u2019li Grup Ba\u015fkanvekilleri, \u201cMHP ile mutabakat sa\u011flam\u0131\u015fs\u0131n\u0131z. Biz metne m\u00fcdahil olmayaca\u011f\u0131z. Anla\u015fan 2 parti olarak bu teklifi verecek ve \u00e7\u0131kartacak g\u00fcc\u00fcn\u00fcz var. Teklife imza koymay\u0131z. Ancak engel de olmay\u0131z. Aleyhine oy kullanmay\u0131z\u201d vurgulamas\u0131n\u0131 yapt\u0131lar.<\/p>\n<p style=\"text-align: justify;\">AK Parti Grup Ba\u015fkanvekili Canikli, CHP grubunu ziyaretinin ard\u0131ndan yapt\u0131\u011f\u0131 a\u00e7\u0131klamada, \u201cKendileri b\u00f6yle bir anayasa de\u011fi\u015fikli\u011fine kar\u015f\u0131 olmad\u0131klar\u0131n\u0131, ancak bu ama\u00e7la yap\u0131lacak olan anayasa de\u011fi\u015fikli\u011fi \u00e7al\u0131\u015fmalar\u0131na aktif olarak birlikte kat\u0131lmay\u0131 d\u00fc\u015f\u00fcnmeyeceklerini bizimle payla\u015ft\u0131\u201d dedi.<\/p>\n<p style=\"text-align: justify;\">CHP Grup Ba\u015fkanvekili \u0130nce ise g\u00f6r\u00fc\u015fme sonras\u0131 a\u00e7\u0131klamas\u0131na Afyondaki cephanelik facias\u0131na g\u00f6nderme yaparak, \u201cBug\u00fcn ci\u011ferimiz yanm\u0131\u015fken, 25 fakir fukara \u00e7ocu\u011fumuzu, al bayra\u011fa sar\u0131l\u0131 olarak topra\u011fa verecekken, analar a\u011flarken bir ki\u015finin siyasi ikbali ile u\u011fra\u015f\u0131yoruz. Cumhurba\u015fkan\u0131 aday\u0131 kim olacak, Cumhurba\u015fkan\u0131 ile Ba\u015fbakan an\u015falabilecek ki, Recep Tayyip Erdo\u011fan\u2019\u0131n siyasi ikbali T\u00fcrkiye g\u00fcndeminin \u00f6n\u00fcndedir. Nas\u0131l olursa Ba\u015fbakan bu i\u015ften karl\u0131 \u00e7\u0131kar, hangi tarih Erdo\u011fan i\u00e7in avantajl\u0131d\u0131r? \u015eu anda asl\u0131nda b\u00f6yle bir \u00e7al\u0131\u015fmay\u0131 do\u011fru bulmuyoruz\u201d diyerek ba\u015flad\u0131.<\/p>\n<p style=\"text-align: justify;\">\u0130nce, CHP olarak se\u00e7ime en haz\u0131r parti olduklar\u0131n\u0131 ancak, \u201cAK Parti ile MHP aras\u0131ndaki mahcup birlikteli\u011fin, koalisyon ortakl\u0131\u011f\u0131na d\u00f6n\u00fc\u015ft\u00fc\u011f\u00fcn\u00fc vatanda\u015f\u0131n g\u00f6rmesi i\u00e7in\u201d se\u00e7imlerin \u00f6ne al\u0131nmas\u0131na ili\u015fkin verilecek anayasa de\u011fi\u015fiklik teklifine imza atmayacaklar\u0131n\u0131 s\u00f6yledi.<\/p>\n<p style=\"text-align: justify;\"><strong>Ortak mutabakat\u00a0<\/strong><\/p>\n<p style=\"text-align: justify;\">Canikli, CHP grubunu ziyaretinin ard\u0131ndan AK Parti grubunda Ba\u015fbakan Yard\u0131mc\u0131s\u0131 Bekir Bozda\u011f ile bir s\u00fcre g\u00f6r\u00fc\u015ft\u00fc. Canikli bu g\u00f6r\u00fc\u015fmenin ard\u0131ndan saat 15.00\u2019te MHP Grup Ba\u015fkanvekili Oktay Vural ile bir araya geldi. Canikli ve Vural g\u00f6r\u00fc\u015fme sonras\u0131 ortak a\u00e7\u0131klama yaparak, yerel se\u00e7imlerin 27 Ekim 2013 Pazar g\u00fcn\u00fc yap\u0131labilmesi i\u00e7in ortak anayasa de\u011fi\u015fiklik teklifi verme konusunda mutab\u0131k kald\u0131klar\u0131n\u0131 ilan ettiler.<\/p>\n<p style=\"text-align: justify;\">Canikli se\u00e7imlerin anayasaya ge\u00e7ici madde eklenmesi yoluyla yap\u0131laca\u011f\u0131n\u0131 buna ili\u015fkin anayasa de\u011fi\u015fikli\u011finin AK Parti ve MHP milletvekillerinin m\u00fc\u015fterek imzas\u0131yla Meclis\u2019e sunulaca\u011f\u0131n\u0131 s\u00f6yledi. MHP\u2019ye te\u015fekk\u00fcr eden Canikli, teklifin ne zaman verilece\u011fi sorusuna, \u201cHen\u00fcz kesin tarih yok ama Meclis a\u00e7\u0131lmadan verilmesinin uygun olaca\u011f\u0131n\u0131 d\u00fc\u015f\u00fcn\u00fcyoruz. Bir metin var. Kendilerinin ve bizim yapt\u0131\u011f\u0131m\u0131z \u00e7al\u0131\u015fma var. Biz haz\u0131rlad\u0131\u011f\u0131m\u0131z metni kendilerine, onlar da bize verdi. Metin \u00fczerinde \u00e7al\u0131\u015fmam\u0131z\u0131 tamamlayaca\u011f\u0131z ve ortak metinle teklifi sunaca\u011f\u0131z\u201d dedi.<\/p>\n<p style=\"text-align: justify;\"><strong>\u2018Tutuklu vekiller\u2019 tart\u0131\u015fmas\u0131\u00a0<\/strong><\/p>\n<p style=\"text-align: justify;\">DOKUNULMAZLIK konusu AK Parti ile CHP g\u00f6r\u00fc\u015fmesinde gerilime yol a\u00e7t\u0131. CHP Grup Ba\u015fkanvekili Tarhan g\u00f6r\u00fc\u015fmede, \u201cKi\u015fiye \u00f6zel d\u00fczenlemeler de\u011fil, milli iradenin tutuklu kalmamas\u0131na y\u00f6nelik \u00e7al\u0131\u015fmalar yap\u0131lmal\u0131\u201d diyerek, b\u00fcy\u00fck umutlarla \u00e7\u0131kart\u0131lan 3. yarg\u0131 paketinin de tutuklu milletvekili sorununa \u00e7are olmad\u0131\u011f\u0131n\u0131 s\u00f6yledi. Canikli\u2019nin \u201cBiz de umutluyduk ama nedense sonu\u00e7 alamad\u0131k\u201d ifadesi \u00fczerine Tarhan, \u201cCHP, MHP ve BDP\u2019nin \u00fczerinde mutab\u0131k kal\u0131nan CMK 100. madde de\u011fi\u015fikli\u011fi \u00fczerinden yeni bir \u00e7al\u0131\u015fma y\u00fcr\u00fct\u00fclmesini\u201d \u00f6nerdi. \u201cBiz de milletvekillerinin tutuklu olmas\u0131ndan \u00fcz\u00fcnt\u00fc duyuyoruz\u201d diyen Canikli\u2019ye, Tarhan \u201cBir refleks ortaya konmad\u0131\u011f\u0131 s\u00fcrece b\u00f6yle s\u00f6zlerin anlam\u0131 yok\u201d kar\u015f\u0131l\u0131\u011f\u0131n\u0131 verdi. Canikli g\u00f6r\u00fc\u015fmede, AK Parti olarak dokunulmazl\u0131klar konusunda bir \u00e7al\u0131\u015fma yapmay\u0131 d\u00fc\u015f\u00fcnd\u00fcklerini ifade etti ancak i\u00e7eri\u011fine ili\u015fkin net bir \u015fey s\u00f6ylemedi.<\/p>\n<p style=\"text-align: justify;\"><strong>AKP: Art\u0131k BDP\u2019yi siyasi muhatap g\u00f6rm\u00fcyoruz\u00a0<\/strong><\/p>\n<p style=\"text-align: justify;\">BDP milletvekillerinin PKK\u2019l\u0131larla kucakla\u015fmas\u0131n\u0131n ard\u0131ndan dokunulmazl\u0131klar\u0131n\u0131n kald\u0131r\u0131lmas\u0131 g\u00fcndeme gelirken, AK Parti \u00f6nemli bir tav\u0131r ortaya koydu. AK Parti\u2019nin art\u0131k BDP\u2019yi \u201csiyasi muhatap kabul etmeme\u201d karar\u0131 ald\u0131\u011f\u0131 ortaya \u00e7\u0131kt\u0131.<\/p>\n<p style=\"text-align: justify;\">2014 y\u0131l\u0131nda yap\u0131lacak Cumhurba\u015fkanl\u0131\u011f\u0131 se\u00e7imlerini dikkate alarak ayn\u0131 y\u0131l i\u00e7inde yap\u0131lacak yerel se\u00e7imlerin \u00f6ne al\u0131nmas\u0131 konusunda harekete ge\u00e7en AK Parti, d\u00fcn bu konuda \u00f6nce anamuhalefet CHP\u2019nin ard\u0131ndan da, anayasa de\u011fi\u015fikli\u011fi i\u00e7in \u00f6n mutabakata vard\u0131\u011f\u0131 MHP\u2019nin kap\u0131s\u0131n\u0131 \u00e7ald\u0131. AK Parti Grup ba\u015fkanvekili Nurettin Canikli\u2019nin uzla\u015fma i\u00e7in Meclis\u2019teki \u00fc\u00e7 muhalefet partisinden ikisini ziyaret etmesi dikkat \u00e7ekti.<\/p>\n<p style=\"text-align: justify;\">Canikli, BDP\u2019yi ziyaret etmemesine \u201cBDP\u2019yi art\u0131k parti olarak muhatap g\u00f6rmediklerini\u201d belirterek a\u00e7\u0131kl\u0131k getirdi. Canikli BDP\u2019yi \u201cter\u00f6r \u00f6rg\u00fct\u00fcn\u00fcn yan organ\u0131 gibi\u201d diye niteledi.<\/p>\n<p style=\"text-align: justify;\"><a href=\"http:\/\/haber.gazetevatan.com\/akp-ve-mhp-anlasti\/479387\/9\/Siyaset#.UEpG_bLN-Zc\" target=\"_blank\">Kaynak : VATAN Gazetesi\u00a0<\/a><\/p>\n","protected":false},"excerpt":{"rendered":"<p style=\"text-align: justify;\">\n<p style=\"text-align: justify;\">Se\u00e7imlerin \u00f6ne \u00e7ekilmesi konusunda iki parti anla\u015ft\u0131. <\/p>\n<p style=\"text-align: justify;\">2014 Mart\u2019\u0131nda yap\u0131lmas\u0131 gereken yerel se\u00e7imlerin 5 ay \u00f6ne \u00e7ekilerek 27 Ekim 2013\u2019te yap\u0131lmas\u0131na y\u00f6nelik anayasa de\u011fi\u015fiklik teklifinin \u00f6n\u00fcm\u00fczdeki hafta ortak imzayla TBMM\u2019ye sunulmas\u0131 bekleniyor. CHP teklife imza vermeyecek ancak Genel Kurul\u2019da oy vererek destekleyecek. <\/p>\n","protected":false},"author":1,"featured_media":0,"comment_status":"open","ping_status":"open","sticky":false,"template":"","format":"standard","meta":{"footnotes":""},"categories":[105],"tags":[],"class_list":["post-55157","post","type-post","status-publish","format-standard","hentry","category-gundem","odd"],"_links":{"self":[{"href":"http:\/\/www.korhanyilmaz.com\/index.php?rest_route=\/wp\/v2\/posts\/55157","targetHints":{"allow":["GET"]}}],"collection":[{"href":"http:\/\/www.korhanyilmaz.com\/index.php?rest_route=\/wp\/v2\/posts"}],"about":[{"href":"http:\/\/www.korhanyilmaz.com\/index.php?rest_route=\/wp\/v2\/types\/post"}],"author":[{"embeddable":true,"href":"http:\/\/www.korhanyilmaz.com\/index.php?rest_route=\/wp\/v2\/users\/1"}],"replies":[{"embeddable":true,"href":"http:\/\/www.korhanyilmaz.com\/index.php?rest_route=%2Fwp%2Fv2%2Fcomments&post=55157"}],"version-history":[{"count":0,"href":"http:\/\/www.korhanyilmaz.com\/index.php?rest_route=\/wp\/v2\/posts\/55157\/revisions"}],"wp:attachment":[{"href":"http:\/\/www.korhanyilmaz.com\/index.php?rest_route=%2Fwp%2Fv2%2Fmedia&parent=55157"}],"wp:term":[{"taxonomy":"category","embeddable":true,"href":"http:\/\/www.korhanyilmaz.com\/index.php?rest_route=%2Fwp%2Fv2%2Fcategories&post=55157"},{"taxonomy":"post_tag","embeddable":true,"href":"http:\/\/www.korhanyilmaz.com\/index.php?rest_route=%2Fwp%2Fv2%2Ftags&post=55157"}],"curies":[{"name":"wp","href":"https:\/\/api.w.org\/{rel}","templated":true}]}}