{"id":55151,"date":"2012-09-07T14:29:28","date_gmt":"2012-09-07T11:29:28","guid":{"rendered":"http:\/\/www.korhanyilmaz.com\/?p=55151"},"modified":"2012-09-07T22:05:51","modified_gmt":"2012-09-07T19:05:51","slug":"hop-hop-sozleri-izleyiciyi-disari-attirdi","status":"publish","type":"post","link":"http:\/\/www.korhanyilmaz.com\/?p=55151","title":{"rendered":"&#8216;Hop hop&#8217; s\u00f6zleri izleyiciyi d\u0131\u015far\u0131 att\u0131rd\u0131!"},"content":{"rendered":"<p style=\"text-align: center;\"><a href=\"http:\/\/www.korhanyilmaz.com\/wp-content\/uploads\/2012\/09\/H699.jpg\"  class=\"lightview\"><img loading=\"lazy\" decoding=\"async\" class=\"aligncenter  wp-image-55152\" src=\"http:\/\/www.korhanyilmaz.com\/wp-content\/uploads\/2012\/09\/H699.jpg\" alt=\"\" width=\"434\" height=\"217\" \/><\/a><\/p>\n<p style=\"text-align: justify;\">Ergenekon Mahkemesi Ba\u015fkan\u0131 \u00d6zese, Dursun \u00c7i\u00e7ek\u2019in gizli tan\u0131\u011fa sordu\u011fu soruyu, san\u0131\u011f\u0131n kimli\u011fini ortaya \u00e7\u0131karabilece\u011fi gerek\u00e7esiyle reddedince izleyicilerden biri tepki g\u00f6sterdi. &#8221;Hop, hop&#8221; s\u00f6zleri \u00fczerine \u00d6zese, san\u0131\u011f\u0131 d\u0131\u015far\u0131 att\u0131rd\u0131.<\/p>\n<p style=\"text-align: justify;\">ERGENEKON Davas\u0131\u2019n\u0131n 226\u2019\u0131nc\u0131 duru\u015fmas\u0131nda gizli tan\u0131k Tepe, &#8220;Bilinmesini isterim buraya vatanda\u015fl\u0131k g\u00f6revi oldu\u011fu i\u00e7in geldim. Tan\u0131kl\u0131k yapmam i\u00e7in kimsenin bask\u0131 ve y\u00f6nlendirmesi de yoktur. San\u0131klardan pek \u00e7o\u011fuyla tan\u0131\u015f\u0131p g\u00f6r\u00fc\u015fme imkan\u0131m vard\u0131 ama iyi ki ak\u0131ll\u0131k edip g\u00f6r\u00fc\u015fmemi\u015fim, yoksa ben de orada san\u0131klar\u0131n aras\u0131nda olabilirdim&#8221; dedi.\u00a0<!--more--><\/p>\n<p style=\"text-align: justify;\"><a href=\"http:\/\/www.korhanyilmaz.com\/wp-content\/uploads\/2012\/09\/H700.jpg\"  class=\"lightview\"><img loading=\"lazy\" decoding=\"async\" class=\"alignleft size-full wp-image-55153\" style=\"margin-left: 10px; margin-right: 10px;\" src=\"http:\/\/www.korhanyilmaz.com\/wp-content\/uploads\/2012\/09\/H700.jpg\" alt=\"\" width=\"300\" height=\"180\" \/><\/a>\u0130stanbul 13. A\u011f\u0131r Ceza Mahkemesi\u2019nde g\u00f6r\u00fclen 65\u2019i tutuklu 274 san\u0131kl\u0131 Ergenekon Davas\u0131\u2019n\u0131n 226. duru\u015fmas\u0131 ba\u015flad\u0131. Silivri Ceza \u0130nfaz Kurumlar\u0131 Yerle\u015fkesi\u2019nin yan\u0131nda bulunan b\u00fcy\u00fck salonda yap\u0131lan duru\u015fmada CHP \u0130zmir Milletvekili gazeteci Mustafa Balbay, gazeteci Tuncay \u00d6zkan, \u0130brahim \u015eahin\u2019in de aralar\u0131nda bulundu\u011fu 47 tutuklu san\u0131k haz\u0131r bulundu. Genelkurmay eski Ba\u015fkan\u0131 emekli Orgeneral \u0130lker Ba\u015fbu\u011f, CHP Zonguldak Milletvekili Mehmet Haberal ve eski Yarbay Mustafa D\u00f6nmez\u2019in de aralar\u0131nda bulundu\u011fu 18 tutuklu san\u0131k ise duru\u015fmaya kat\u0131lmad\u0131. Duru\u015fmada Odatv Davas\u0131\u2019n\u0131n tutuklu bu davan\u0131n tutuksuz san\u0131\u011f\u0131 Yal\u00e7\u0131n K\u00fc\u00e7\u00fck de haz\u0131r bulundu. Mahkeme Ba\u015fkan\u0131 Hasan H\u00fcseyin \u00f6zese, Gizli Tan\u0131k Tepe, \u0130hsan Balabanl\u0131 ve Aykut \u00d6zt\u00fcrk\u2019\u00fcn duru\u015fmada tan\u0131k olarak dinlenece\u011fini belirtti. \u00d6te yandan duru\u015fmaya avukat E\u015fber Ya\u011fmurdereli ve oyunucu F\u00fcsun Erbulak da izleyici olarak kat\u0131ld\u0131.<\/p>\n<p style=\"text-align: justify;\"><strong>&#8220;AKILLILIK ED\u0130P G\u00d6R\u00dc\u015eMED\u0130M&#8221;\u00a0<\/strong><\/p>\n<p style=\"text-align: justify;\">\u00d6zel bir b\u00f6l\u00fcmde, yan\u0131nda \u00fcye hakim H\u00fcsn\u00fc \u00c7almuk\u2019un refakatinde, sesi ve g\u00f6r\u00fcnt\u00fcs\u00fc bozularak yeminli ifade veren \u2019Gizli Tan\u0131k Tepe\u2019, &#8220;San\u0131klar\u0131 birebir tan\u0131mam. Uzaktan dolayl\u0131 tan\u0131r\u0131m. Bu i\u015fe kar\u0131\u015fmalar\u0131na hayret ediyorum. Bilinmesini isterim buraya vatanda\u015fl\u0131k g\u00f6revi oldu\u011fu i\u00e7in geldim. Tan\u0131kl\u0131k yapmam i\u00e7in kimsenin bask\u0131 ve y\u00f6nlendirmesi de yoktur. San\u0131klardan pek \u00e7o\u011fuyla tan\u0131\u015f\u0131p g\u00f6r\u00fc\u015fme imkan\u0131m vard\u0131 ama ak\u0131ll\u0131k edip iyi ki g\u00f6r\u00fc\u015fmemi\u015fim, yoksa ben de orada san\u0131klar\u0131n aras\u0131nda olabilirdim&#8221; dedi.<\/p>\n<p style=\"text-align: justify;\"><strong>&#8220;DURSUN \u00c7\u0130\u00c7EK\u2019LE DEN\u0130Z KUVVETLER\u0130NDE G\u00d6R\u00dc\u015eT\u00dcM&#8221;\u00a0<\/strong><\/p>\n<p style=\"text-align: justify;\">Mahkeme ba\u015fkan\u0131 Hasan H\u00fcseyin \u00d6zese taraf\u0131ndan emniyet ve savc\u0131l\u0131kta verdi\u011fi ifadeler okunan gizli tan\u0131k, Ca\u011falo\u011flu\u2019nda yay\u0131nc\u0131 oldu\u011funu dava san\u0131klar\u0131ndan Erol Manisal\u0131\u2019y\u0131 tan\u0131\u011f\u0131n\u0131, akademik \u00e7evrelere belki kitaplar\u0131n\u0131 yay\u0131nlar\u0131m d\u00fc\u015f\u00fcncesiyle Manisal\u0131\u2019n\u0131n d\u00fczenledi\u011fi ev toplant\u0131lar\u0131na kat\u0131ld\u0131\u011f\u0131n\u0131 da s\u00f6yledi. Yay\u0131nc\u0131 bir arkada\u015f\u0131 vas\u0131tas\u0131yla Deniz Kuvvetlerine gitti\u011fi ve 8 kitab\u0131n m\u00fcstear isimle bast\u0131rmak istediklerini y\u00f6n\u00fcnde soru\u015fturma kapsam\u0131nda verdi\u011fi ifadeyi do\u011frulad\u0131.<\/p>\n<p style=\"text-align: justify;\">Bu kitaplar\u0131n K\u0131br\u0131s, ter\u00f6r ve strateji konular\u0131nda oldu\u011funu da s\u00f6yleyen gizli tan\u0131k, Dursun \u00c7i\u00e7ek\u2019in de doktora tezini kitap olarak bast\u0131rmak i\u00e7in kendisiyle 2008 y\u0131l\u0131nda Deniz Kuvvetleri Komutanl\u0131\u011f\u0131 yemekhanesinde g\u00f6r\u00fc\u015ft\u00fc\u011f\u00fcn\u00fc \u00f6ne s\u00fcrd\u00fc.<\/p>\n<p style=\"text-align: justify;\"><strong>&#8220;ASKER\u0130N G\u00d6REVE GELMES\u0130 \u0130STEN\u0130YORDU&#8221;\u00a0<\/strong><\/p>\n<p style=\"text-align: justify;\">Mahkeme Ba\u015fkan\u0131 \u00d6zese tan\u0131\u011fa, Erol Manisal\u0131\u2019n\u0131n toplant\u0131lar\u0131nda ne konu\u015ftu\u011funu ve neler \u00f6nerdi\u011fini sordu. Tan\u0131k, &#8220;\u00dclke elden gidiyor. Tek kalan ordu, diyordu. Askerin g\u00f6reve gelmesi isteniyordu&#8221; cevab\u0131n\u0131 verdi. \u0130stanbul Cumhuriyet Savc\u0131s\u0131 Mehmet Ali Pekg\u00fczel ise 10 y\u0131ld\u0131r Ca\u011falo\u011flu\u2019nda yay\u0131nc\u0131l\u0131k yapt\u0131\u011f\u0131n\u0131 s\u00f6yleyen tan\u0131\u011fa Toplumsal D\u00f6n\u00fc\u015f\u00fcm yay\u0131nevini ve Durmu\u015f Ali \u00d6zo\u011flu ve Hatice Bahtiyar\u2019\u0131 tan\u0131y\u0131p tan\u0131mad\u0131\u011f\u0131n\u0131 sordu. Tan\u0131k, &#8220;\u0130smini duydum, onlar sekt\u00f6rde ayk\u0131r\u0131 yay\u0131n evi olarak tan\u0131n\u0131r. Siyasi a\u011f\u0131rl\u0131kl\u0131 kitaplar basarlar&#8221; dedi.<\/p>\n<p style=\"text-align: justify;\"><strong>\u0130ZLEY\u0130C\u0130 DI\u015eARI ATILDI\u00a0<\/strong><\/p>\n<p style=\"text-align: justify;\">&#8220;Dava san\u0131klar\u0131ndan Erg\u00fcn Poyraz\u2019\u0131 tan\u0131r m\u0131s\u0131n\u0131z&#8221; sorusuna ise gizli tan\u0131k, &#8220;Kitab\u0131n\u0131 bast\u0131rmak i\u00e7in birka\u00e7 ki\u015fiyle 2004-2005 y\u0131llar\u0131 ar\u0131s\u0131nda gelmi\u015fti. Basmad\u0131k, ba\u015fkas\u0131 da basmay\u0131nca arkada\u015flar\u0131yla bir yay\u0131nevi kurdular&#8221; dedi. Dava san\u0131klar\u0131ndan Sevgi Eren Erol\u2019u tan\u0131r m\u0131s\u0131n\u0131z sorusuna da &#8220;Buna cevap vermek istemiyorum&#8221; \u015feklinde cevap vermesi de dikkat \u00e7ekti. Dursun \u00c7i\u00e7ek\u2019in tan\u0131\u011fa bir sorusunu ise Mahkeme Ba\u015fkan\u0131 \u00d6zese san\u0131\u011f\u0131n kimli\u011fini ortaya \u00e7\u0131karabilece\u011fi gerek\u00e7esiyle reddetti. Bu s\u0131rada bir izleyicinin \u2019Hop hop\u2019 dedi\u011fi duyuldu. Ba\u015fkan \u00d6zese, bu s\u00f6zler \u00fczerine jandarma g\u00f6revlierinden izleyiciyinin d\u0131\u015far\u0131 at\u0131lmas\u0131n\u0131 ve tutanak tutularak i\u015flem yap\u0131lmas\u0131n\u0131 istedi. \u0130zleyici salondan jandarmalar e\u015fli\u011finde d\u0131\u015far\u0131 \u00e7\u0131kt\u0131. Gizli Tan\u0131k Tepe\u2019nin ifadesinin al\u0131nmas\u0131na ara verildi.<\/p>\n<p style=\"text-align: justify;\"><a href=\"http:\/\/haber.gazetevatan.com\/hop-hop-sozleri-izleyiciyi-disari-attirdi\/479563\/1\/G%C3%BCndem#.UEpEqbLN-Zc\" target=\"_blank\">Kaynak : VATAN Gazetesi<\/a><\/p>\n","protected":false},"excerpt":{"rendered":"<p style=\"text-align: center;\">\n<p style=\"text-align: justify;\">Ergenekon Mahkemesi Ba\u015fkan\u0131 \u00d6zese, Dursun \u00c7i\u00e7ek\u2019in gizli tan\u0131\u011fa sordu\u011fu soruyu, san\u0131\u011f\u0131n kimli\u011fini ortaya \u00e7\u0131karabilece\u011fi gerek\u00e7esiyle reddedince izleyicilerden biri tepki g\u00f6sterdi. &#8221;Hop, hop&#8221; s\u00f6zleri \u00fczerine \u00d6zese, san\u0131\u011f\u0131 d\u0131\u015far\u0131 att\u0131rd\u0131.<\/p>\n<p style=\"text-align: justify;\">ERGENEKON Davas\u0131\u2019n\u0131n 226\u2019\u0131nc\u0131 duru\u015fmas\u0131nda gizli tan\u0131k Tepe, &#8220;Bilinmesini isterim buraya vatanda\u015fl\u0131k g\u00f6revi oldu\u011fu i\u00e7in geldim. Tan\u0131kl\u0131k yapmam i\u00e7in kimsenin bask\u0131 <\/p>\n","protected":false},"author":1,"featured_media":0,"comment_status":"open","ping_status":"open","sticky":false,"template":"","format":"standard","meta":{"footnotes":""},"categories":[105],"tags":[],"class_list":["post-55151","post","type-post","status-publish","format-standard","hentry","category-gundem","odd"],"_links":{"self":[{"href":"http:\/\/www.korhanyilmaz.com\/index.php?rest_route=\/wp\/v2\/posts\/55151","targetHints":{"allow":["GET"]}}],"collection":[{"href":"http:\/\/www.korhanyilmaz.com\/index.php?rest_route=\/wp\/v2\/posts"}],"about":[{"href":"http:\/\/www.korhanyilmaz.com\/index.php?rest_route=\/wp\/v2\/types\/post"}],"author":[{"embeddable":true,"href":"http:\/\/www.korhanyilmaz.com\/index.php?rest_route=\/wp\/v2\/users\/1"}],"replies":[{"embeddable":true,"href":"http:\/\/www.korhanyilmaz.com\/index.php?rest_route=%2Fwp%2Fv2%2Fcomments&post=55151"}],"version-history":[{"count":0,"href":"http:\/\/www.korhanyilmaz.com\/index.php?rest_route=\/wp\/v2\/posts\/55151\/revisions"}],"wp:attachment":[{"href":"http:\/\/www.korhanyilmaz.com\/index.php?rest_route=%2Fwp%2Fv2%2Fmedia&parent=55151"}],"wp:term":[{"taxonomy":"category","embeddable":true,"href":"http:\/\/www.korhanyilmaz.com\/index.php?rest_route=%2Fwp%2Fv2%2Fcategories&post=55151"},{"taxonomy":"post_tag","embeddable":true,"href":"http:\/\/www.korhanyilmaz.com\/index.php?rest_route=%2Fwp%2Fv2%2Ftags&post=55151"}],"curies":[{"name":"wp","href":"https:\/\/api.w.org\/{rel}","templated":true}]}}