{"id":55147,"date":"2012-09-07T17:14:54","date_gmt":"2012-09-07T14:14:54","guid":{"rendered":"http:\/\/www.korhanyilmaz.com\/?p=55147"},"modified":"2012-09-07T22:01:07","modified_gmt":"2012-09-07T19:01:07","slug":"bu-neyin-hediyesi","status":"publish","type":"post","link":"http:\/\/www.korhanyilmaz.com\/?p=55147","title":{"rendered":"Bu neyin hediyesi?"},"content":{"rendered":"<p style=\"text-align: center;\"><a href=\"http:\/\/www.korhanyilmaz.com\/wp-content\/uploads\/2012\/09\/H698.jpg\"  class=\"lightview\"><img loading=\"lazy\" decoding=\"async\" class=\"aligncenter  wp-image-55148\" src=\"http:\/\/www.korhanyilmaz.com\/wp-content\/uploads\/2012\/09\/H698.jpg\" alt=\"\" width=\"434\" height=\"217\" \/><\/a><\/p>\n<p style=\"text-align: justify;\">25 asker \u015fehit oldu, Genelkurmay Ba\u015fkan\u0131 b\u00f6lgeye incelemeye geldi, Afyon Valisi ise ona hediye verdi. Peki ama bu neyin hediyesi?<\/p>\n<p style=\"text-align: justify;\">Genelkurmay Ba\u015fkan\u0131 Org. Necdet \u00d6zel Afyonkarahisar\u2019da 25 askerin \u015fehit oldu\u011fu m\u00fchimmat deposunda incelemelerde bulunmak \u00fczere \u015eehit Uzman \u00c7avu\u015f Mete Sara\u00e7 K\u0131\u015flas\u0131\u2019na geldi. Valili\u011fi de ziyaret eden Org. \u00d6zel&#8217;e burada \u00e7e\u015fitli hediyeler sunulmas\u0131 dikkat \u00e7ekti.\u00a0<!--more--><\/p>\n<p style=\"text-align: justify;\">25 askerin \u015fehit oldu\u011fu patlaman\u0131n ya\u015fand\u0131\u011f\u0131 \u015eehit Uzman \u00c7avu\u015f Mete Sara\u00e7 K\u0131\u015flas\u0131&#8217;ndaki incelemelerinin ard\u0131ndan Afyon Valili\u011fi\u2019ne ge\u00e7en Org. \u00d6zel, gazetecilerin Valilik giri\u015finde patlamayla ilgili sorular\u0131na ise \u201cKonu\u015fmak istemiyorum. Her \u015fey ortada\u201d \u015feklinde cevap verdi.<\/p>\n<p style=\"text-align: justify;\">Genelkurmay Ba\u015fkan\u0131\u2019n\u0131n, Valilik\u2019te yapt\u0131\u011f\u0131 temaslar\u0131n ayr\u0131nt\u0131s\u0131 ise Afyonkarahisar Valili\u011fi\u2019nin internet sitesinden yap\u0131lan a\u00e7\u0131klamayla \u00f6\u011frenildi.<\/p>\n<p style=\"text-align: justify;\">A\u00e7\u0131klaman\u0131n yan\u0131nda, siteden yay\u0131nlanan foto\u011fraflarda ise Afyonkarahisar Valisi \u0130rfan Balkanl\u0131o\u011flu\u2019nun Org. \u00d6zel\u2019e \u00e7e\u015fitli hediyeler vermesi dikkat \u00e7ekti.<\/p>\n<p style=\"text-align: justify;\">Valili\u011fin sitesinde \u015fu a\u00e7\u0131klama yer ald\u0131:<\/p>\n<p style=\"text-align: justify;\">&#8220;Genelkurmay Ba\u015fkan\u0131 Orgeneral Necdet \u00d6zel, m\u00fchimmat deposundaki patlamayla ilgili incelemelerde bulunmak \u00fczere Afyonkarahisar&#8217;a geldi.<\/p>\n<p style=\"text-align: justify;\">Afyonkarahisar\u2019a askeri u\u00e7akla inen Orgeneral \u00d6zel, Vali \u0130rfan Balkanl\u0131o\u011flu, Belediye Ba\u015fkan\u0131 Burhanettin \u00c7oban, Jandarma Komutan\u0131 J.Kd.Albay Ok\u00e7in Ak\u015fit ve Emniyet M\u00fcd\u00fcr\u00fc \u0130smail T\u00fcrkmenli taraf\u0131ndan kar\u015f\u0131land\u0131.<\/p>\n<p style=\"text-align: justify;\">05 Eyl\u00fcl 2012 tarihinde Kara Kuvvetleri Lojistik Komutanl\u0131\u011f\u0131na ba\u011fl\u0131 Afyonkarahisar M\u00fchimmat Depo Komutanl\u0131\u011f\u0131nda meydana gelen patlama ve 25 askeri personelin \u015eehit olmas\u0131 olay\u0131n\u0131n meydana geldi\u011fi olay yerinde incelemelerde bulunan Genelkurmay Ba\u015fkan\u0131 Orgeneral Necdet \u00d6zel, \u015eehit Uzman \u00c7avu\u015f Mete Sara\u00e7 K\u0131\u015flas\u0131&#8217;nda yakla\u015f\u0131k 2 saat incelemelerde bulundu.<\/p>\n<p style=\"text-align: justify;\">Orgeneral \u00d6zel, incelemenin ard\u0131ndan Afyonkarahisar Valisi \u0130rfan Balkanl\u0131o\u011flu\u2019nu makam\u0131nda ziyaret etti.<\/p>\n<p style=\"text-align: justify;\">Makam giri\u015finde Valilik \u015eeref defterini imzalayan Genelkurmay Ba\u015fkan\u0131 Orgeneral Necdet \u00d6zel, Vali \u0130rfan Balkanl\u0131o\u011flu\u2019nu ziyaretinin an\u0131s\u0131na Genel Kurmay Ba\u015fkanl\u0131\u011f\u0131n\u0131n bir plaketini takdim etti.<\/p>\n<p style=\"text-align: justify;\">Kara Kuvvetleri Lojistik Komutan\u0131 Korgeneral Adem Huduti, Kara Kuvvetleri Komutanl\u0131\u011f\u0131 M\u00fchimmat Depo Komutan\u0131 Tu\u011fgeneral Sel\u00e7uk Bayraktaro\u011flu ve Konya Jandarma B\u00f6lge Komutan\u0131 Tu\u011fgeneral \u015eafak Karako\u00e7\u2019un da haz\u0131r bulundu\u011fu ziyarette, Genelkurmay Ba\u015fkan\u0131 Orgeneral Necdet \u00d6zel, elim olay sonucu hayat\u0131n\u0131 kaybeden Askeri Personellerin ailelerine, yak\u0131nlar\u0131na, silah arkada\u015flar\u0131na ve t\u00fcm T\u00fcrk Milletine ba\u015fsa\u011fl\u0131\u011f\u0131 ve sab\u0131rlar temennisinde bulundu. Olayda yaralanan askeri ve sivillerede acil \u015fifalar dileyen Orgeneral \u00d6zel, Vali Balkanl\u0131o\u011flu\u2019ndan \u00e7al\u0131\u015fmalar hakk\u0131nda bilgiler ald\u0131.<\/p>\n<p style=\"text-align: justify;\">Kar\u015f\u0131l\u0131kl\u0131 bilgi al\u0131\u015f veri\u015finin yap\u0131ld\u0131\u011f\u0131 ziyarette Vali Balkanl\u0131o\u011flu, Afyonkarahisar hakk\u0131nda bilgiler verdi\u011fi Genelkurmay Ba\u015fkan\u0131 Orgeneral Necdet \u00d6zel\u2019e ziyaretinin an\u0131s\u0131na Afyon mermerinden yap\u0131lm\u0131\u015f bir satran\u00e7 tak\u0131m\u0131, el dokumas\u0131 Bayat kilimi ve \u00fczerinde Kurtulu\u015f Sava\u015f\u0131n\u0131n simgelerinden olan Utku An\u0131t\u0131 fig\u00fcr\u00fcn\u00fcn bulundu\u011fu plaket takdim etti.&#8221;<\/p>\n<p style=\"text-align: justify;\"><a href=\"http:\/\/haber.gazetevatan.com\/bu-neyin-hediyesi\/479604\/1\/G%C3%BCndem#.UEpDmrLN-Zc\" target=\"_blank\">Kaynak : VATAN Gazetesi<\/a><\/p>\n","protected":false},"excerpt":{"rendered":"<p style=\"text-align: center;\">\n<p style=\"text-align: justify;\">25 asker \u015fehit oldu, Genelkurmay Ba\u015fkan\u0131 b\u00f6lgeye incelemeye geldi, Afyon Valisi ise ona hediye verdi. Peki ama bu neyin hediyesi?<\/p>\n<p style=\"text-align: justify;\">Genelkurmay Ba\u015fkan\u0131 Org. Necdet \u00d6zel Afyonkarahisar\u2019da 25 askerin \u015fehit oldu\u011fu m\u00fchimmat deposunda incelemelerde bulunmak \u00fczere \u015eehit Uzman \u00c7avu\u015f Mete Sara\u00e7 K\u0131\u015flas\u0131\u2019na geldi. Valili\u011fi de ziyaret eden Org. \u00d6zel&#8217;e <\/p>\n","protected":false},"author":1,"featured_media":0,"comment_status":"open","ping_status":"open","sticky":false,"template":"","format":"standard","meta":{"footnotes":""},"categories":[105],"tags":[],"class_list":["post-55147","post","type-post","status-publish","format-standard","hentry","category-gundem","odd"],"_links":{"self":[{"href":"http:\/\/www.korhanyilmaz.com\/index.php?rest_route=\/wp\/v2\/posts\/55147","targetHints":{"allow":["GET"]}}],"collection":[{"href":"http:\/\/www.korhanyilmaz.com\/index.php?rest_route=\/wp\/v2\/posts"}],"about":[{"href":"http:\/\/www.korhanyilmaz.com\/index.php?rest_route=\/wp\/v2\/types\/post"}],"author":[{"embeddable":true,"href":"http:\/\/www.korhanyilmaz.com\/index.php?rest_route=\/wp\/v2\/users\/1"}],"replies":[{"embeddable":true,"href":"http:\/\/www.korhanyilmaz.com\/index.php?rest_route=%2Fwp%2Fv2%2Fcomments&post=55147"}],"version-history":[{"count":0,"href":"http:\/\/www.korhanyilmaz.com\/index.php?rest_route=\/wp\/v2\/posts\/55147\/revisions"}],"wp:attachment":[{"href":"http:\/\/www.korhanyilmaz.com\/index.php?rest_route=%2Fwp%2Fv2%2Fmedia&parent=55147"}],"wp:term":[{"taxonomy":"category","embeddable":true,"href":"http:\/\/www.korhanyilmaz.com\/index.php?rest_route=%2Fwp%2Fv2%2Fcategories&post=55147"},{"taxonomy":"post_tag","embeddable":true,"href":"http:\/\/www.korhanyilmaz.com\/index.php?rest_route=%2Fwp%2Fv2%2Ftags&post=55147"}],"curies":[{"name":"wp","href":"https:\/\/api.w.org\/{rel}","templated":true}]}}