{"id":55142,"date":"2012-09-07T16:02:44","date_gmt":"2012-09-07T13:02:44","guid":{"rendered":"http:\/\/www.korhanyilmaz.com\/?p=55142"},"modified":"2012-09-07T21:56:23","modified_gmt":"2012-09-07T18:56:23","slug":"biraz-gec-kalmadiniz-mi","status":"publish","type":"post","link":"http:\/\/www.korhanyilmaz.com\/?p=55142","title":{"rendered":"Biraz ge\u00e7 kalmad\u0131n\u0131z m\u0131?"},"content":{"rendered":"<p style=\"text-align: center;\"><a href=\"http:\/\/www.korhanyilmaz.com\/wp-content\/uploads\/2012\/09\/H697.jpg\"  class=\"lightview\"><img loading=\"lazy\" decoding=\"async\" class=\"aligncenter  wp-image-55144\" src=\"http:\/\/www.korhanyilmaz.com\/wp-content\/uploads\/2012\/09\/H697.jpg\" alt=\"\" width=\"434\" height=\"217\" \/><\/a><\/p>\n<p style=\"text-align: justify;\"><strong>\u015eehit haberi vermeye gelen komutana..<\/strong>.<\/p>\n<p style=\"text-align: justify;\">Afyonkarahisar\u2019da m\u00fchimmat deposunda meydana gelen patlamada \u015fehit olan T\u00dcB\u0130TAK\u2019da ara\u015ft\u0131rma g\u00f6revlisi makine m\u00fchendisi Burak Umut Gedik\u2019in (27) Be\u015fikta\u015f&#8217;taki evine sabah saatlerinde biri Tabip Binba\u015f\u0131 iki r\u00fctbeli asker gelerek aileye \u015fehit oldu\u011fu haberini verdi. Kimlik tespiti i\u00e7in, aileden DNA \u00f6rne\u011fi de al\u0131nd\u0131\u011f\u0131 \u00f6\u011frenildi.<!--more--><\/p>\n<p style=\"text-align: justify;\">\u0130stanbul Teknik \u00dcniversitesi (\u0130T\u00dc) Makine M\u00fchendisli\u011fi B\u00f6l\u00fcm\u00fc mezunu Burak Umut Gedik, k\u0131sa d\u00f6nem askerli\u011finin acemi e\u011fitimini Samsun\u2019da tamamlad\u0131. Ge\u00e7ti\u011fimiz Cuma g\u00fcn\u00fc yemin t\u00f6reni yap\u0131lan Gedik, iki g\u00fcnl\u00fck da\u011f\u0131t\u0131m izninde \u0130stanbul\u2019a gelerek ailesiyle hasret giderdi. Pazar g\u00fcn\u00fc de Afyonkarahisar\u2019daki usta birli\u011fine teslim olan Gedik, Atak\u00f6y K\u0131\u015flac\u0131k K\u00f6y\u00fc\u2019nde konu\u015flu 500. \u0130stihkam Ana Komutanl\u0131\u011f\u0131 Deposu\u2019nda meydana gelen patlamada 24 askerle birlikte \u015fehit oldu. Ailesi, \u015fehit haberini d\u00fcn \u00f6\u011fle saatlerinde ald\u0131. Babas\u0131n\u0131 5 y\u0131l \u00f6nce kaybetti\u011fi belirtilen Burak Umut Gedik\u2019in annesi ve k\u0131z karde\u015finin haber sonras\u0131 fenala\u015ft\u0131\u011f\u0131 ve doktor g\u00f6zetimde olduklar\u0131 belirtildi.<\/p>\n<p style=\"text-align: justify;\">Bug\u00fcn sabah saatlerinde, biri Tabip Binba\u015f\u0131 iki r\u00fctbeli komutan ailesinin, Be\u015fikta\u015f\u2019taki evine geldi. Aileye \u015fehit haberi verildi\u011fi ve \u015fehidin day\u0131s\u0131n\u0131n komutana, &#8220;Ge\u00e7 kalmad\u0131n\u0131z m\u0131?&#8221; diye tepki g\u00f6sterdi\u011fi \u00f6\u011frenildi.<\/p>\n<p style=\"text-align: justify;\">\u00d6te yandan, eve gelen Tabib Binba\u015f\u0131n\u0131n DNA testi i\u00e7in aileden \u00f6rnek ald\u0131\u011f\u0131 belirtildi.<\/p>\n<p style=\"text-align: justify;\">Yak\u0131nlar\u0131n\u0131n yan\u0131 s\u0131ra Burak Umut Gezen\u2019in evine T\u00dcB\u0130TAK\u2019tan yetkililer gelerek taziye ziyaretinde bulundu. Bu arada, \u015fehidin annesi ve k\u0131zkarde\u015fi i\u00e7in evin \u00f6n\u00fcnde ambulans bekletiliyor.<\/p>\n<p style=\"text-align: justify;\"><strong>\u015eEH\u0130T ANNES\u0130: 4 G\u00dcNL\u00dcK ASKERE EL BOMBASI TESL\u0130M ED\u0130LMEZ\u00a0<\/strong><\/p>\n<p style=\"text-align: justify;\">AFYONKARAH\u0130SAR\u2019da askeri m\u00fchimmat deposunda meydana gelen patlamada \u015fehit d\u00fc\u015fen 25 askerden K\u0131r\u0131kkaleli 2 \u015fehitten Piyade Onba\u015f\u0131 Ahmet Sandalc\u0131\u2019n\u0131n baba evine ate\u015f d\u00fc\u015ft\u00fc. \u015eehit annesi Hatice Sandalc\u0131, &#8220;4 g\u00fcn \u00f6nce teslim oldu\u011fu usta birli\u011finde o\u011fluma el bombas\u0131 teslim edilmesi yanl\u0131\u015f&#8221; dedi.<\/p>\n<p style=\"text-align: justify;\">K\u0131sa d\u00f6nem askerlik g\u00f6revi i\u00e7in temel e\u011fitimini Samsun\u2019da alan, usta birli\u011fi i\u00e7in patlamadan 4 g\u00fcn \u00f6nce Afyonkarahisar\u2019a giden 24 ya\u015f\u0131ndaki Ahmet Sandalc\u0131\u2019n\u0131n \u015fehit oldu\u011fu haberi, K\u0131r\u0131kkale\u2019nin G\u00fczeltepe Mahallesi\u2019ndeki ailesinin g\u00f6zya\u015f\u0131 dinmiyor. Anne Hacer Sandalc\u0131, o\u011flu Ahmet ile en son pazartesi g\u00fcn\u00fc konu\u015ftu\u011funu belirterek, &#8220;Gitti\u011finin ikinci g\u00fcn\u00fc \u2019Ben sana kald\u0131\u011f\u0131m yerden telefon verece\u011fim. Beni oradan arars\u0131n\u0131z\u2019 demi\u015fti. Ertesi g\u00fcn\u00fc bu olay oldu. Gideli 4 g\u00fcn olmu\u015ftu. 4 g\u00fcn \u00f6nce teslim oldu\u011fu usta birli\u011finde o\u011fluma el bombas\u0131 teslim edilmesi yanl\u0131\u015f. 4 g\u00fcnl\u00fck askere el bombas\u0131 teslim edilir mi?&#8221; diyerek g\u00f6z ya\u015flar\u0131n\u0131 tutamad\u0131.<\/p>\n<p style=\"text-align: justify;\">\u015eehit asker Ahmet Sandalc\u0131\u2019n\u0131n halas\u0131 Fatma Sandalc\u0131 ise ye\u011feni ile kendisiyle bir hafta \u00f6nce cuma g\u00fcn\u00fc konu\u015ftu\u011funu belirtirken, &#8220;Kendi ellerimle Afyon\u2019a g\u00f6nderdim. Nas\u0131l k\u0131yd\u0131lar kuzuma. A\u011flaya a\u011flaya gitti. \u2019Ben gitmek istemiyorum hala, burada kalsayd\u0131m\u2019 dedi. Afyon\u2019a yolcu etmi\u015ftik&#8221; dedi.<\/p>\n<p style=\"text-align: justify;\">Ahmet Sandalc\u0131\u2019n\u0131n oturdu\u011fu G\u00fczeltepe Mahallesi\u2019nde t\u00fcm evlere T\u00fcrk bayra\u011f\u0131 as\u0131l\u0131rken, K\u0131r\u0131kkale Belediyesi \u015fehit askerin ailesinin oturdu\u011fu soka\u011f\u0131 y\u0131kay\u0131p, temizlik yapt\u0131rd\u0131. Sandalc\u0131 ailesine ve taziyeye gelen yak\u0131nlar\u0131na ise belediye taraf\u0131ndan \u00f6\u011fle yeme\u011finde pide ve ayran ikram\u0131nda bulunuldu.<\/p>\n<p style=\"text-align: justify;\"><strong>\u015eEH\u0130T SARA\u00c7\u2019IN BABASI: \u0130HMAL VAR \u0130SE VE \u00dcZER\u0130NE G\u0130D\u0130LMEZSE HAKKIMI HELAL ETM\u0130YORUM\u00a0<\/strong><\/p>\n<p style=\"text-align: justify;\">AFYONKARAH\u0130SAR\u2019da \u015eehit Uzman \u00c7avu\u015f Mete Sara\u00e7 K\u0131\u015flas\u0131\u2019ndaki m\u00fchimmat deposunda meydana gelen patlamada \u015fehit olan askerlerden 26 ya\u015f\u0131ndaki maden m\u00fchendisi M\u00fccahit Co\u015fkun\u2019un babas\u0131 in\u015faat i\u015f\u00e7isi \u015eeref Co\u015fkun, taziyeye gelen Ere\u011fli Kaymakam\u0131 \u0130brahim \u00c7ay ve Alapl\u0131 Kaymakam\u0131 Y\u0131ld\u0131ray Mal\u011fa\u00e7\u2019a, &#8220;Bu olayda ihmal varsa ve yetkililer bu olay\u0131n \u00fczerine gitmezlerse hakk\u0131m\u0131 helal etmiyorum. Ahirette de iki elim yakalar\u0131nda olacak&#8221; dedi.<\/p>\n<p style=\"text-align: justify;\">Ere\u011fli Kaymakam\u0131 \u0130brahim \u00c7ay, Alapl\u0131 Kaymakam\u0131 Y\u0131ld\u0131ray Mal\u011fa\u00e7, Karadeniz B\u00f6lge Komutan\u0131 Deniz K\u0131demli Albay Yal\u00e7\u0131n En\u00e7, Alapl\u0131 Belediye Ba\u015fkan\u0131 Nevzat \u00c7imeno\u011flu ve Alapl\u0131 M\u00fcft\u00fcs\u00fc H\u00fcseyin Ba\u015f, \u015fehit asker M\u00fccahit Co\u015fkun\u2019un Zonguldak\u2019\u0131n Alapl\u0131 \u0130l\u00e7esi\u2019ne ba\u011fl\u0131 \u00c7atak K\u00f6y\u00fc\u2019ndeki baba evine taziye ziyaretinde bulundu. Kaymakamlar \u00c7ay ve Mal\u011fa\u00e7 ile beraberindekiler, \u015fehit askerin babas\u0131 \u015eeref Co\u015fkun\u2019a ba\u015fsa\u011fl\u0131\u011f\u0131 dile\u011finde bulundu.<\/p>\n<p style=\"text-align: justify;\">4 o\u011flundan birini kaybeden \u015eeref Co\u015fkun, o\u011flunun \u015fehit olup olmamas\u0131yla ilgili hen\u00fcz kendilerine resmi bir a\u00e7\u0131klama yap\u0131lmad\u0131\u011f\u0131n\u0131, bu y\u00fczden evlerine bayrak da asamad\u0131klar\u0131n\u0131 s\u00f6yledi. O\u011fluyla ilgili durumun bir an \u00f6nce netle\u015fmesini isteyen baba Co\u015fkun, &#8220;\u015eehitlik mertebesi en \u015ferefli mertebedir. Ancak bu ya\u015fanan olayda ihmal varsa ve yetkililer bu olay\u0131n \u00fczerine gitmezlerse, onlara hakk\u0131m\u0131 helal etmiyorum. Ahirette de iki elim yakalar\u0131nda olacak&#8221; dedi.<\/p>\n<p style=\"text-align: justify;\"><strong>SON MESAJI: DUA ED\u0130N\u00a0<\/strong><\/p>\n<p style=\"text-align: justify;\">Samsun\u2019da acemi birli\u011findeki e\u011fitimini tamamlay\u0131p da\u011f\u0131t\u0131m izni i\u00e7in Alapl\u0131\u2019ya gelen ve 2 Eyl\u00fcl\u2019de Afyonkarahisar\u2019daki birli\u011fine u\u011furlanan maden m\u00fchendisi M\u00fccahit Co\u015fkun\u2019un, birli\u011fine teslim olmadan \u00f6nceki son mesaj\u0131n\u0131 teyzesinin o\u011flu Hureyre Y\u0131lmaz\u2019a g\u00f6nderdi\u011fi ortaya \u00e7\u0131kt\u0131. Co\u015fkun mesaj\u0131nda, &#8220;Selam\u00fcnaleyk\u00fcm. Afyon\u2019day\u0131m. Birazdan teslim olaca\u011f\u0131m. Telefonu kapat\u0131p arkada\u015fa b\u0131rakaca\u011f\u0131m. Allah\u2019a emanet olun. Dua edin in\u015fallah&#8221; s\u00f6zlerine yer vermi\u015f. Hureyre Y\u0131lmaz, &#8220;Buradan Afyon\u2019a u\u011furlarken indi\u011finde bize haber vermesini istemi\u015ftik. Bana mesaj atm\u0131\u015f. Son yazd\u0131klar\u0131 bunlar oldu&#8221; dedi.<\/p>\n<p style=\"text-align: justify;\">K\u0131sa d\u00f6nem olarak askere gitmeden \u00f6nce \u00f6zel bir \u015firkete ait maden oca\u011f\u0131nda \u00e7al\u0131\u015fan ve 10 ayl\u0131k Ay\u015fe Evra ad\u0131nda bir k\u0131z\u0131 olan \u015fehit M\u00fccahit Co\u015fkun\u2019un a\u011fabeyi Sait Co\u015fkun da karde\u015finin birli\u011fine teslim olduktan sonra e\u015fi Elif Co\u015fkun\u2019u telefonla arad\u0131\u011f\u0131n\u0131 ve m\u00fchimmat deposunda d\u00fczenleme yapt\u0131\u011f\u0131n\u0131 s\u00f6yledi\u011fini ifade etti.<\/p>\n<p style=\"text-align: justify;\"><strong>ANNE VE BABANIN KAN \u00d6RNEKLER\u0130 G\u00d6NDER\u0130LD\u0130\u00a0<\/strong><\/p>\n<p style=\"text-align: justify;\">Gazetecilere a\u00e7\u0131klama yapan Alapl\u0131 Kaymakam\u0131 Y\u0131ld\u0131ray Mal\u011fa\u00e7 da askerin anne ve babas\u0131ndan al\u0131nan kan \u00f6rneklerinin Ankara\u2019ya g\u00f6nderilece\u011fini s\u00f6yledi. Kaymakam Mal\u011fa\u00e7, &#8220;Bizler de bir an \u00f6nce durumun netle\u015fmesi i\u00e7in \u00e7aba g\u00f6steriyoruz&#8221; dedi.<\/p>\n<p style=\"text-align: justify;\"><strong>\u015eEH\u0130T ERCAN KARTAL ABD\u2019DEN \u0130\u015e TEKL\u0130F\u0130 ALMI\u015e\u00a0<\/strong><\/p>\n<p style=\"text-align: justify;\">K\u0131sa d\u00f6nem \u015fehit askerlerden 26 ya\u015f\u0131ndaki Emrah Kartal\u2019\u0131n babas\u0131 Ercan Kartal da Zonguldak merkeze ba\u011fl\u0131 \u00c7ukur\u00f6ren K\u00f6y\u00fc Musunlu Mahallesi\u2019ndeki evinde taziyeleri kabul etti. Zonguldak Valisi Erdal Ata, \u00c7aycuma Kaymakam\u0131 Hasan Yaman ile birlikte eve gelerek \u015fehit askerin babas\u0131na ba\u015fsa\u011fl\u0131\u011f\u0131 dile\u011finde bulundu. K\u00f6yde tavuk \u00e7iftli\u011fi bulunan \u015fehit askerin babas\u0131 Ercan Kartal, Abant \u0130zzet Baysal \u00dcniversitesi \u0130ktisadi ve \u0130dari Bilimler Fak\u00fcltesi Uluslararas\u0131 \u0130li\u015fkiler B\u00f6l\u00fcm\u00fc\u2019n\u00fc bitirdikten sonra Teksas \u00dcniversitesi\u2019nde master yapan o\u011fluna ABD\u2019de 2 b\u00fcy\u00fck firmadan i\u015f teklifi yap\u0131ld\u0131\u011f\u0131n\u0131, ancak o\u011flunun kabul etmedi\u011fini s\u00f6yledi. Ercan Kartal, &#8220;Orada \u00e7al\u0131\u015fmayaca\u011f\u0131n\u0131 s\u00f6yledi. \u2019Ben memleketime hizmet edece\u011fim, yurduma hizmet edece\u011fim\u2019 dedi. Cenab\u0131 Allah \u00e7ekti buraya. Ama nasip olmad\u0131.. Rabbim onun d\u00fc\u015f\u00fcncesine g\u00f6re ona en g\u00fczel m\u00fckafat\u0131 verdi. Biz \u015fehit ailesi olduk. Allah ondan raz\u0131 olsun, gani gani rahmet eylesin&#8221; dedi.<\/p>\n<p style=\"text-align: justify;\"><strong>&#8220;K\u0130MSEY\u0130 SU\u00c7LAMAK \u0130STEM\u0130YORUM&#8221;\u00a0<\/strong><\/p>\n<p style=\"text-align: justify;\">Olayla ilgili kimseyi su\u00e7lamak istemedi\u011fini, sa\u011fl\u0131kl\u0131 bir a\u00e7\u0131klama yap\u0131lmas\u0131n\u0131 beklediklerini anlatan Ercan Kartal, \u015f\u00f6yle dedi:<\/p>\n<p style=\"text-align: justify;\">&#8220;Bizimle birlikte di\u011fer ailelerin de \u015fehitleri var. O \u015fehit aileleri \u015funu unutmas\u0131n; En g\u00fczel m\u00fckafat\u0131 evlatlar\u0131 onlara verdiler. \u00dcz\u00fclmelerine gerek yok. \u00d6yle oldu, b\u00f6yle oldu ama sonu\u00e7ta bir \u015fehit oldu, ona sevinsinler, yaradana \u015f\u00fckretsinler. Oradaki b\u00fct\u00fcn \u015fehit aileleri, \u2019O\u011flumuz pisi pisine gitti\u2019 diye bu olaya neden olanlar\u0131 su\u00e7lay\u0131p duruyordu. Ama \u015funu bilsinler; Kesinlikle \u015fehit oldular. Ben de ilk duydu\u011fumda, \u2019O \u00e7ocu\u011fun orada ne i\u015fi var?\u2019 dedim. Ama akl\u0131ma \u015fu geliyor; 90 bin dedemiz Sar\u0131kam\u0131\u015f\u2019ta tek kur\u015f\u015fun atmadan \u015fehit oldu. Onlar\u0131 d\u00fc\u015f\u00fcns\u00fcnler. Ahmet\u2019i, Mehmet\u2019i su\u00e7lay\u0131p karamsarl\u0131\u011fa kap\u0131lmas\u0131nlar.&#8221;<\/p>\n<p style=\"text-align: justify;\"><strong>\u015eEH\u0130T ASTSUBAY, PATLAMADAN 2 G\u00dcN \u00d6NCE ANNES\u0130NDEN HELALL\u0130K \u0130STEM\u0130\u015e\u00a0<\/strong><\/p>\n<p style=\"text-align: justify;\">AFYONKARAH\u0130SAR\u2019da askeri m\u00fchimmat deposunda meydana gelen patlamada \u015fehit olan 25 askerden, 46 ya\u015f\u0131ndaki Astsubay K\u0131demli Ba\u015f\u00e7avu\u015f Bedri Naim\u2019in Samsun\u2019da oturan ailesi ac\u0131 haberle y\u0131k\u0131ld\u0131. G\u00f6zya\u015f\u0131na bo\u011fulan anne 68 ya\u015f\u0131ndaki Nahice Naim, o\u011flunu 4 y\u0131ld\u0131r g\u00f6remedi\u011fini, patlamadan 2 g\u00fcn \u00f6nce telefonda konu\u015fup kendisinden helallik istedi\u011fini s\u00f6yledi.<\/p>\n<p style=\"text-align: justify;\">Afyonkarahisar\u2019daki \u015eehit Uzman \u00c7avu\u015f Mete Sara\u00e7 K\u0131\u015flas\u0131\u2019nda bulunan m\u00fchimmat deposunda el bombalar\u0131 tasnif edilirken \u00e7ar\u015famba gecesi meydana gelen patlamada \u015fehit olan askerlerden Astsubay K\u0131demli Ba\u015f\u00e7avu\u015f Bedri Naim\u2019in Samsun\u2019da oturan annesi Nahice Naim\u2019e \u015fehit haberi bug\u00fcn ula\u015ft\u0131. Samsun Garnizon Komutanl\u0131\u011f\u0131\u2019ndan askerler, d\u00fcn \u015fehidin annesine ula\u015famad\u0131. Askerler, bug\u00fcn de ac\u0131 haberi vermek \u00fczere, aslen Erzurumlu olan ancak Samsun\u2019da ya\u015fayan, e\u015fini 19 y\u0131l \u00f6nce kaybeden Nahice Naim\u2019in tek ba\u015f\u0131na kald\u0131\u011f\u0131 Cedid Mahallesi\u2019ndeki evine geldi. Kap\u0131y\u0131 \u00e7alan askerler yine evde kimseyi bulamad\u0131. Kom\u015fular\u0131n yard\u0131m\u0131yle askerler, 112 Acil Servis ekibiyle bu kez Unkapan\u0131 Mahallesi\u2019nde oturan Nahice Naim\u2019in evli k\u0131z\u0131 Ay\u015feg\u00fcl \u00c7oban\u2019\u0131n evine gitti. Askerler, burada anneyi bulup ac\u0131 haberi verdi.<\/p>\n<p style=\"text-align: justify;\">Nahice Naim, o\u011flunun \u015fehit oldu\u011fu haberiyle y\u0131k\u0131ld\u0131. Nahice Naim, &#8220;Hasret kald\u0131m 4 y\u0131ld\u0131r g\u00f6remedim yavrumu. Can\u0131m yavrum. Sar\u0131lamad\u0131m sana yavrum. \u015eehit verdim&#8221; diye a\u011f\u0131tlar yakarak g\u00f6zya\u015f\u0131 d\u00f6kt\u00fc.<\/p>\n<p style=\"text-align: justify;\"><strong>SENEYE EMEKL\u0130 OLACAKTI<\/strong><\/p>\n<p style=\"text-align: justify;\">Gelini 45 ya\u015f\u0131ndaki Birg\u00fcl ve torunu 16 ya\u015f\u0131ndaki Ya\u011f\u0131z Hakk\u0131 Naim\u2019in o\u011fluyla birlikte Afyonkarahisar\u2019da ya\u015fad\u0131\u011f\u0131n\u0131 s\u00f6yleyen Nahice Naim, &#8220;4 y\u0131ld\u0131r o\u011flumu g\u00f6rmedim. Gelmedi. En son \u00f6lmeden iki g\u00fcn \u00f6nce telefonda konu\u015ftuk. \u2019Anne ben depoday\u0131m fazla konu\u015fam\u0131yorum\u2019 dedi. \u2019Allah\u2019a emanet ol, Allah burnunuzu kanatmas\u0131n hepinizin yavrum\u2019 dedim. \u2019Hakk\u0131n\u0131 helal et anne\u2019 dedi. \u2019S\u00fctlerim helal olsun yavrum\u2019 dedim. \u2019Anam bir dahaki sene geliyorum emekli oluyorum\u2019 dedi. Ate\u015f d\u00fc\u015ft\u00fc\u011f\u00fc yeri yakar. Yakt\u0131n beni, kavurdun yavrum&#8221; diyerek g\u00f6zya\u015f\u0131 d\u00f6kt\u00fc.<\/p>\n<p style=\"text-align: justify;\">\u015eehidin day\u0131s\u0131 \u0130hsan Kasver, ye\u011feninin 2013\u2019de emekli olmaya karar verdi\u011fini s\u00f6yledi.<\/p>\n<p style=\"text-align: justify;\"><strong>O\u011eLU DA \u015eIRNAK\u2019TA ASKER\u00a0<\/strong><\/p>\n<p style=\"text-align: justify;\">\u015eehidin b\u00fcy\u00fck o\u011flu Astsubay \u00c7avu\u015f Yi\u011fit \u015eahin Naim\u2019in ise bir y\u0131ll\u0131k asker olup \u015e\u0131rnak\u2019ta g\u00f6rev yapt\u0131\u011f\u0131 belirtildi.<\/p>\n<p style=\"text-align: justify;\">\u00d6te yandan \u015fehidin a\u011fabeyi 50 ya\u015f\u0131ndaki Kadir Naim, k\u0131z karde\u015fleri 44 ya\u015f\u0131ndaki Ay\u015feg\u00fcl \u00c7oban ile 40 ya\u015f\u0131ndaki Dilek \u00c7al\u0131\u015fkan ac\u0131 haber \u00fczerine Afyonkarahisar\u2019a gitti. \u015eehidin k\u0131z karde\u015finin evine dev T\u00fcrk bayra\u011f\u0131 as\u0131ld\u0131. Evin \u00f6n\u00fcnde de ambulans haz\u0131r bekletildi.<\/p>\n<p style=\"text-align: justify;\"><a href=\"http:\/\/haber.gazetevatan.com\/biraz-gec-kalmadiniz-mi\/479580\/1\/G%C3%BCndem#.UEpCDbLN-Zc\" target=\"_blank\">Kaynak : VATAN Gazetesi<\/a><\/p>\n","protected":false},"excerpt":{"rendered":"<p style=\"text-align: center;\">\n<p style=\"text-align: justify;\">\u015eehit haberi vermeye gelen komutana&#8230;<\/p>\n<p style=\"text-align: justify;\">Afyonkarahisar\u2019da m\u00fchimmat deposunda meydana gelen patlamada \u015fehit olan T\u00dcB\u0130TAK\u2019da ara\u015ft\u0131rma g\u00f6revlisi makine m\u00fchendisi Burak Umut Gedik\u2019in (27) Be\u015fikta\u015f&#8217;taki evine sabah saatlerinde biri Tabip Binba\u015f\u0131 iki r\u00fctbeli asker gelerek aileye \u015fehit oldu\u011fu haberini verdi. Kimlik tespiti i\u00e7in, aileden DNA \u00f6rne\u011fi de al\u0131nd\u0131\u011f\u0131 \u00f6\u011frenildi.<\/p>\n","protected":false},"author":1,"featured_media":0,"comment_status":"open","ping_status":"open","sticky":false,"template":"","format":"standard","meta":{"footnotes":""},"categories":[105],"tags":[],"class_list":["post-55142","post","type-post","status-publish","format-standard","hentry","category-gundem","odd"],"_links":{"self":[{"href":"http:\/\/www.korhanyilmaz.com\/index.php?rest_route=\/wp\/v2\/posts\/55142","targetHints":{"allow":["GET"]}}],"collection":[{"href":"http:\/\/www.korhanyilmaz.com\/index.php?rest_route=\/wp\/v2\/posts"}],"about":[{"href":"http:\/\/www.korhanyilmaz.com\/index.php?rest_route=\/wp\/v2\/types\/post"}],"author":[{"embeddable":true,"href":"http:\/\/www.korhanyilmaz.com\/index.php?rest_route=\/wp\/v2\/users\/1"}],"replies":[{"embeddable":true,"href":"http:\/\/www.korhanyilmaz.com\/index.php?rest_route=%2Fwp%2Fv2%2Fcomments&post=55142"}],"version-history":[{"count":0,"href":"http:\/\/www.korhanyilmaz.com\/index.php?rest_route=\/wp\/v2\/posts\/55142\/revisions"}],"wp:attachment":[{"href":"http:\/\/www.korhanyilmaz.com\/index.php?rest_route=%2Fwp%2Fv2%2Fmedia&parent=55142"}],"wp:term":[{"taxonomy":"category","embeddable":true,"href":"http:\/\/www.korhanyilmaz.com\/index.php?rest_route=%2Fwp%2Fv2%2Fcategories&post=55142"},{"taxonomy":"post_tag","embeddable":true,"href":"http:\/\/www.korhanyilmaz.com\/index.php?rest_route=%2Fwp%2Fv2%2Ftags&post=55142"}],"curies":[{"name":"wp","href":"https:\/\/api.w.org\/{rel}","templated":true}]}}