{"id":55137,"date":"2012-09-07T13:01:00","date_gmt":"2012-09-07T10:01:00","guid":{"rendered":"http:\/\/www.korhanyilmaz.com\/?p=55137"},"modified":"2012-09-07T21:50:30","modified_gmt":"2012-09-07T18:50:30","slug":"suriyede-yasananlar-kerbela-olayi-gibi","status":"publish","type":"post","link":"http:\/\/www.korhanyilmaz.com\/?p=55137","title":{"rendered":"\u2018Suriye\u2019de ya\u015fananlar Kerbela olay\u0131 gibi\u2019"},"content":{"rendered":"<p style=\"text-align: justify;\"><a href=\"http:\/\/www.korhanyilmaz.com\/wp-content\/uploads\/2012\/09\/H696.jpg\"  class=\"lightview\"><img loading=\"lazy\" decoding=\"async\" class=\"aligncenter size-full wp-image-55138\" title=\"\" src=\"http:\/\/www.korhanyilmaz.com\/wp-content\/uploads\/2012\/09\/H696.jpg\" alt=\"\" width=\"410\" height=\"128\" \/><\/a><\/p>\n<p style=\"text-align: justify;\">Ba\u015fbakan Erdo\u011fan, \u201c\u015eu anda Suriye\u2019de zalim diktat\u00f6r, ac\u0131mas\u0131z bir rejim kendi halk\u0131na kar\u015f\u0131 en a\u011f\u0131r silahlarla toplu katliam ger\u00e7ekle\u015ftirirken, s\u0131rf mezhep taassubu nedeniyle bu zulme sessiz kalanlar, alk\u0131\u015f tutanlar, \u00e7anak tutanlar var\u201d dedi.<!--more--><\/p>\n<p style=\"text-align: justify;\">\u2018Arap Uyan\u0131\u015f\u0131 ve Yeni Ortado\u011fu\u2019da Bar\u0131\u015f: M\u00fcsl\u00fcman ve Hristiyan Perspektifleri \u2019 konulu kongre \u0130stanbul\u2019da ba\u015flad\u0131. Kongrenin a\u00e7\u0131l\u0131\u015f\u0131nda konu\u015fan Ba\u015fbakan Erdo\u011fan, kongrede at\u0131lacak ad\u0131mlar\u0131n ve al\u0131nacak kararlar\u0131n \u00f6rnek olmas\u0131 gerekti\u011fine i\u015faret ederek, \u201cBurada al\u0131nacak kararlar ve \u00e7\u0131kacak sonu\u00e7lar ba\u015fta Ortado\u011fu olmak \u00fczere di\u011fer \u00fclkelerde birbirine ho\u015fg\u00f6r\u00fc ve sayg\u0131 anlay\u0131\u015f\u0131na \u00f6nemli katk\u0131lar sa\u011flayacakt\u0131r. Bu kadar farkl\u0131 din ve mezheplerden din adam\u0131 ve kanaat \u00f6nderlerinin tek bir \u015fehirde, tek bir salonda b\u00f6yle bir foto\u011fraf veriyor olmas\u0131, bir araya geliyor olmas\u0131 bile tek ba\u015f\u0131na son derece \u00f6nemlidir\u201d dedi.<\/p>\n<p style=\"text-align: justify;\">Erdo\u011fan, t\u00fcm dinlerde \u00f6ld\u00fcrmenin yasak oldu\u011funa dikkat \u00e7ekerek, \u201c\u0130slam dininin mezheplerinde sadece \u0130slam dininin de de\u011fil yery\u00fcz\u00fcndeki t\u00fcm semavi ve kitabi dinlerde \u00f6ld\u00fcrmek haram yani yasakt\u0131r. S\u00fcnni i\u00e7in \u00f6ld\u00fcrmek nas\u0131l haramsa, \u015eii i\u00e7in de \u00f6ld\u00fcrmek haramd\u0131r. \u0130slam dininde \u00f6ld\u00fcrmek nas\u0131l yasaksa, \u00e7ok iyi biliyorum ki Hristiyanl\u0131kta, Musevilikte de \u00f6ld\u00fcrmek yasakt\u0131r. Kuran-\u0131 Kerim \u00f6ld\u00fcrmeyi kesin bir dille yasakl\u0131yorsa, biliyorum ki Tevrat da Zebur da \u0130ncil de \u00f6ld\u00fcrmeyi, cana k\u0131ymay\u0131 kesin bir dille yasakl\u0131yor. Peki \u00f6yleyse biz ya\u015fad\u0131\u011f\u0131m\u0131z trajedileri nas\u0131l izah edece\u011fiz? Tarihte ve bug\u00fcn ya\u015fanan ac\u0131 hadiseleri katliamlar\u0131 k\u0131y\u0131mlar\u0131 nas\u0131l yorumlayaca\u011f\u0131z?\u201d diye sordu.<\/p>\n<p style=\"text-align: justify;\"><strong>Mezhepler tarihi\u00a0<\/strong><\/p>\n<p style=\"text-align: justify;\">Ba\u015fbakan Erdo\u011fan, Suriye\u2019de ya\u015fananlar\u0131n Kerbela olay\u0131na benzedi\u011fini de s\u00f6yledi. Erdo\u011fan, \u015f\u00f6yle devam etti:<\/p>\n<p style=\"text-align: justify;\">\u201cDinler ve mezhepler tarihi ac\u0131 olaylar, olumsuz hadiseler \u00fczerinden okunabilece\u011fi gibi, biraz \u00f6nce nakletti\u011fim gibi olumlu hadiseler \u00fczerinden de okunabilir. Ba\u015fta Kerbela hadisesi olmak \u00fczere ac\u0131 hadiseleri elbette unutmayaca\u011f\u0131z. Peygamberin m\u00fcbarek torununun katledildi\u011fi mefhum hadiseyi bir ayr\u0131l\u0131\u015f\u0131n de\u011fil, karde\u015fli\u011fin vahdetin referans\u0131 olarak g\u00f6rmek zorunday\u0131z. Kerbela\u2019da meydana gelen o ac\u0131 hadise b\u00fct\u00fcn M\u00fcsl\u00fcmanlar i\u00e7in bir ibret vesikas\u0131 olmak zorundad\u0131r. Kerbela hadisesi \u00fczerinden b\u00f6l\u00fcnmek en ba\u015fta Hz. H\u00fcseyin\u2019in ruhunu rahats\u0131z etmektedir. \u015eu anda Suriye\u2019de zalim diktat\u00f6r ac\u0131mas\u0131z bir rejim kendi halk\u0131na kar\u015f\u0131 en a\u011f\u0131r silahlarla toplu katliam ger\u00e7ekle\u015ftirirken s\u0131rf mezhep taassubu nedeniyle bu zulme sessiz kalanlar, alk\u0131\u015f tutanlar, \u00e7anak tutanlar var. Benim mensubu oldu\u011fum dinde ve mezhepte \u00f6ld\u00fcrmek zulmetmek, hele hele masum \u00e7ocuklar\u0131n can\u0131na k\u0131ymak nas\u0131l insanl\u0131k d\u0131\u015f\u0131 bir giri\u015fimse \u00e7ok iyi biliyorum ki bu zulm\u00fc yapanlar\u0131n mensubu oldu\u011fu mezhepte de bu, insanl\u0131k d\u0131\u015f\u0131 bir giri\u015fimdir. \u2019Bu masum \u00e7ocuk bizim mezhebimizden bizim dinimizden de\u011fil \u00f6yleyse b\u0131rak\u0131n \u00f6ld\u00fcrs\u00fcnler\u2019 . Bu nas\u0131l bir anlay\u0131\u015ft\u0131r ? Bu nas\u0131l bir yakla\u015f\u0131md\u0131r. Bir insan kendi kaynaklar\u0131yla kendi de\u011ferleriyle bunu kendisine nas\u0131l izah edebilir? 1332 y\u0131l \u00f6nce Kerbela\u2019 da ya\u015fanan neyse bug\u00fcn Suriye\u2019de ya\u015fanan da odur.\u201d<\/p>\n<p style=\"text-align: justify;\"><strong>\u2018Herkes \u00f6zele\u015ftiri yaps\u0131n\u2019\u00a0<\/strong><\/p>\n<p style=\"text-align: justify;\">Erdo\u011fan, \u201cMazlum de\u011fi\u015fik olabilir, zalim de\u011fi\u015fik olabilir ama ya\u015fananlar yeni bir Kerbela\u2019d\u0131r. \u0130nan\u00e7lar\u0131 o inanc\u0131n t\u00fcm mensuplar\u0131n\u0131 tamahla, karanl\u0131k siyasetle kirletmeye t\u00f6hmet alt\u0131nda b\u0131rakmaya hi\u00e7 kimsenin hakk\u0131 da hukuku da yoktur \u201c dedi.<\/p>\n<p style=\"text-align: justify;\">Tarihten ibret almak gerekti\u011fini s\u00f6yleyen Erdo\u011fan, \u201c\u0130slam i\u00e7indeki mezheplerin tarihin ac\u0131 hadiseleri \u00fczerinden okumak nas\u0131l yan\u0131lt\u0131c\u0131ysa dinler aras\u0131ndaki m\u00fcnasebetleri de tarihin ac\u0131 hadiseleri \u00fczerinden okumak yan\u0131lt\u0131z\u0131d\u0131r. Bug\u00fcn art\u0131k dinler arkas\u0131ndaki m\u00fcnasebetlere, d\u00fcnya sava\u015flar\u0131, Filistin meselesi gibi ac\u0131 olaylar de\u011fil bir arada ya\u015famaya dair g\u00fczel \u00f6rnekleri birlikte in\u015fa etti\u011fimiz medeniyetler geli\u015fmelidir. 21. y\u00fczy\u0131l\u0131n ilk y\u0131llar\u0131nda her dini lider her kanaat \u00f6nderi kendi \u00f6zele\u015ftirisini samimi \u015fekilde yapmal\u0131 ve hatalar\u0131yla sevaplar\u0131n\u0131 ortaya koymal\u0131d\u0131r. Bizler T\u00fcrkiye olarak tarihimizde ya\u015fanm\u0131\u015f ac\u0131 hadiseleri a\u00e7\u0131k y\u00fcreklilikle g\u00fcndeme ta\u015f\u0131yor, \u00f6zele\u015ftirisini yap\u0131yor, varsa hatalar\u0131m\u0131z\u0131 ifade ediyoruz\u201d diye konu\u015ftu.<\/p>\n<p style=\"text-align: justify;\"><strong>Erdo\u011fan\u2019dan s\u00fcrpriz ziyaret\u00a0<\/strong><\/p>\n<p style=\"text-align: justify;\">BA\u015eBAKAN Erdo\u011fan, cuma namaz\u0131n\u0131 Ka\u011f\u0131thane Sanayi Mahallesi Merkez Camii\u2019nde k\u0131ld\u0131. Erdo\u011fan, burada vatanda\u015flar\u0131n yo\u011fun ilgisiyle kar\u015f\u0131la\u015ft\u0131. Erdo\u011fan camiden ayr\u0131l\u0131rken herkes Dolmabah\u00e7e\u2019deki \u00e7al\u0131\u015fma ofisine ge\u00e7ece\u011fini beklerken Ba\u015fbakan\u2019dan bir s\u00fcrpriz daha geldi. Ba\u015fbakan Erdo\u011fan, Maslak Ac\u0131badem Hastanesi\u2019nde ortopedik bir operasyon ge\u00e7iren Aile ve Sosyal Politikalar Bakan\u0131 Fatma \u015eahin ile yine ayn\u0131 hastanede tedavi g\u00f6ren ve \u00f6nceki g\u00fcn in\u015faattan d\u00fc\u015ferek yaralanan \u0130BB Genel Sekreteri Adem Ba\u015ft\u00fcrk\u2019\u00fc ziyaret etti. Yakla\u015f\u0131k yar\u0131m saat hastanede kalan Erdo\u011fan yeni do\u011fmu\u015f bir bebe\u011fi de sevdi. Ba\u015fbakan daha sonra Dolmabah\u00e7e\u2019deki \u00e7al\u0131\u015fma ofisine ge\u00e7ti.<\/p>\n<p style=\"text-align: justify;\"><a href=\"http:\/\/haber.gazetevatan.com\/Haber\/479533\/1\/Gundem#.UEpA_7LN-Zc\" target=\"_blank\">Kaynak : VATAN Gazetesi<\/a><\/p>\n","protected":false},"excerpt":{"rendered":"<p style=\"text-align: justify;\">\n<p style=\"text-align: justify;\">Ba\u015fbakan Erdo\u011fan, \u201c\u015eu anda Suriye\u2019de zalim diktat\u00f6r, ac\u0131mas\u0131z bir rejim kendi halk\u0131na kar\u015f\u0131 en a\u011f\u0131r silahlarla toplu katliam ger\u00e7ekle\u015ftirirken, s\u0131rf mezhep taassubu nedeniyle bu zulme sessiz kalanlar, alk\u0131\u015f tutanlar, \u00e7anak tutanlar var\u201d dedi.<\/p>\n","protected":false},"author":1,"featured_media":0,"comment_status":"open","ping_status":"open","sticky":false,"template":"","format":"standard","meta":{"footnotes":""},"categories":[105],"tags":[],"class_list":["post-55137","post","type-post","status-publish","format-standard","hentry","category-gundem","odd"],"_links":{"self":[{"href":"http:\/\/www.korhanyilmaz.com\/index.php?rest_route=\/wp\/v2\/posts\/55137","targetHints":{"allow":["GET"]}}],"collection":[{"href":"http:\/\/www.korhanyilmaz.com\/index.php?rest_route=\/wp\/v2\/posts"}],"about":[{"href":"http:\/\/www.korhanyilmaz.com\/index.php?rest_route=\/wp\/v2\/types\/post"}],"author":[{"embeddable":true,"href":"http:\/\/www.korhanyilmaz.com\/index.php?rest_route=\/wp\/v2\/users\/1"}],"replies":[{"embeddable":true,"href":"http:\/\/www.korhanyilmaz.com\/index.php?rest_route=%2Fwp%2Fv2%2Fcomments&post=55137"}],"version-history":[{"count":0,"href":"http:\/\/www.korhanyilmaz.com\/index.php?rest_route=\/wp\/v2\/posts\/55137\/revisions"}],"wp:attachment":[{"href":"http:\/\/www.korhanyilmaz.com\/index.php?rest_route=%2Fwp%2Fv2%2Fmedia&parent=55137"}],"wp:term":[{"taxonomy":"category","embeddable":true,"href":"http:\/\/www.korhanyilmaz.com\/index.php?rest_route=%2Fwp%2Fv2%2Fcategories&post=55137"},{"taxonomy":"post_tag","embeddable":true,"href":"http:\/\/www.korhanyilmaz.com\/index.php?rest_route=%2Fwp%2Fv2%2Ftags&post=55137"}],"curies":[{"name":"wp","href":"https:\/\/api.w.org\/{rel}","templated":true}]}}