{"id":55132,"date":"2012-09-06T21:26:44","date_gmt":"2012-09-06T18:26:44","guid":{"rendered":"http:\/\/www.korhanyilmaz.com\/?p=55132"},"modified":"2012-09-07T21:46:03","modified_gmt":"2012-09-07T18:46:03","slug":"gonlundeki-mkyk-uyelerini-tarif-etti","status":"publish","type":"post","link":"http:\/\/www.korhanyilmaz.com\/?p=55132","title":{"rendered":"G\u00f6nl\u00fcndeki MKYK \u00fcyelerini tarif etti!"},"content":{"rendered":"<p style=\"text-align: justify;\">\n<p style=\"text-align: justify;\"><a href=\"http:\/\/www.korhanyilmaz.com\/wp-content\/uploads\/2012\/09\/H695.jpg\"  class=\"lightview\"><img loading=\"lazy\" decoding=\"async\" class=\"aligncenter size-full wp-image-55135\" title=\"\" src=\"http:\/\/www.korhanyilmaz.com\/wp-content\/uploads\/2012\/09\/H695.jpg\" alt=\"\" width=\"432\" height=\"216\" \/><\/a><\/p>\n<p style=\"text-align: justify;\"><strong>\u2018Partiden g\u00fc\u00e7 alan de\u011fil g\u00fc\u00e7 veren isimler laz\u0131m\u2019\u00a0<\/strong><\/p>\n<p style=\"text-align: justify;\">Ba\u015fbakan Erdo\u011fan, g\u00f6nl\u00fcndeki MKYK \u00fcyelerini tarif ederken \u201cpartiden g\u00fc\u00e7 alacak de\u011fil, partiye g\u00fc\u00e7 verecek isimler g\u00f6rmek istedi\u011fini\u201d s\u00f6yledi. Dili s\u00fcr\u00e7en Erdo\u011fan, AK Parti yerine \u201cRefah Partisi\u201d dedi, yapt\u0131\u011f\u0131 hataya kendi de g\u00fcld\u00fc.\u00a0<!--more--><\/p>\n<p style=\"text-align: justify;\">Ba\u015fbakan Recep Tayyip Erdo\u011fan, Erdo\u011fan, AK Parti t\u00fcz\u00fc\u011f\u00fc gere\u011fi Genel Ba\u015fkanl\u0131\u011fa son kez aday olaca\u011f\u0131 30 Eyl\u00fcl\u2019deki partisinin b\u00fcy\u00fck kongresinde se\u00e7ilecek yeni Merkez Karar Y\u00f6netim Kurulu (MKYK) i\u00e7in parti taban\u0131n\u0131n g\u00f6r\u00fc\u015flerini almaya devam ediyor. Daha \u00f6nce mevcut MKYK \u00fcyelerine ayn\u0131 soruyu y\u00f6nelten Erdo\u011fan, \u00f6nceki g\u00fcn de AK Parti Genel Merkezi\u2019nde geni\u015fletilmi\u015f grup toplant\u0131s\u0131 yapt\u0131. Toplant\u0131ya milletvekillerinin yan\u0131s\u0131ra, partinin kurucular kurulu \u00fcyeleri de kat\u0131ld\u0131. Toplant\u0131n\u0131n bas\u0131na kapal\u0131 b\u00f6l\u00fcmde kat\u0131l\u0131mc\u0131lara kongrede belirlenecek yeni MKYK\u2019da g\u00f6rmek istedikleri isimlere ili\u015fkin anket formu da\u011f\u0131t\u0131ld\u0131. 50 Ki\u015filik MKYK i\u00e7in milletvekilleri ve kurucular kurulu \u00fcyelerinden parti i\u00e7inden ya da d\u0131\u015far\u0131dan isim \u00f6nermeleri istendi. Edinilen bilgiye g\u00f6re anket formunda, MKYK\u2019ya AK parti d\u0131\u015f\u0131ndan isim \u00f6nerecek milletvekillerinden \u00f6nerecekleri isimlere ili\u015fkin \u201cCV\u201d bilgilerini de yazmalar\u0131 istendi.<\/p>\n<p style=\"text-align: justify;\"><strong>Dili s\u00fcr\u00e7t\u00fc\u00a0<\/strong><\/p>\n<p style=\"text-align: justify;\">Erdo\u011fan toplant\u0131n\u0131n kapal\u0131 b\u00f6l\u00fcm\u00fcnde yapt\u0131\u011f\u0131 konu\u015fmada, g\u00f6nl\u00fcndeki MKYK \u00fcyelerini de tarif etti. Erdo\u011fan milletvekilleri ve kurucular\u0131ndan da\u011f\u0131t\u0131lan anket formu \u00e7er\u00e7evesinde 50 \u00fcyeli MKYK i\u00e7in isim \u00f6nerirken, \u201cMKYK\u2019dan g\u00fc\u00e7 alacak de\u011fil, MKYK\u2019m\u0131za g\u00fc\u00e7 verecek isimler yaz\u0131n\u201d dedi. Konu\u015fmas\u0131n\u0131 \u201cKartvizitinde Refah MKYK \u00fcyesi yazs\u0131n diye d\u00fc\u015f\u00fcnen insanlar\u0131 yazmay\u0131n\u201d s\u00f6zleriyle s\u00fcrd\u00fcren Erdo\u011fan yapt\u0131\u011f\u0131 hatay\u0131 fark edince g\u00fclmeye ba\u015flad\u0131. Erdo\u011fan, ard\u0131ndan, \u201cRefah de\u011fil, AK Parti tabii\u201d diyerek hatas\u0131n\u0131 d\u00fczeltti.<\/p>\n<p style=\"text-align: justify;\"><strong>B\u00fcy\u00fck\u015fehir kanunu\u00a0<\/strong><\/p>\n<p style=\"text-align: justify;\">Yerel se\u00e7imler i\u00e7in \u201c\u0130n\u015fallah 27 Ekim 2013\u2019te yapaca\u011f\u0131z\u201d diyerek net tarih telaffuz eden Erdo\u011fan, B\u00fcy\u00fck\u015fehir Belediyeleri Kanunu\u2019nun da 1 Ekim\u2019de ba\u015flayacak yeni yasama y\u0131l\u0131nda TBMM\u2019nin \u00f6ncelikli g\u00fcndem maddesi olaca\u011f\u0131n\u0131 bildirdi. Meclis a\u00e7\u0131ld\u0131\u011f\u0131nda yerel se\u00e7imlerin \u00f6ne al\u0131nmas\u0131yla ilgili anayasa teklifinin s\u00fcratle ele al\u0131naca\u011f\u0131n\u0131 belirten Erdo\u011fan, \u201cArd\u0131ndan ilk i\u015fimiz B\u00fcy\u00fck\u015fehirler Yasas\u0131 olacak\u201d dedi.<\/p>\n<p style=\"text-align: justify;\">Erdo\u011fan\u2019\u0131n i\u015faret etti\u011fi d\u00fczenleme i\u00e7in AK Parti ge\u00e7en parlamento y\u0131l\u0131nda \u00e7al\u0131\u015fma ba\u015flatt\u0131. \u0130\u00e7i\u015fleri Bakanl\u0131\u011f\u0131 ve AK Parti kurmaylar\u0131n\u0131n ortak \u00e7al\u0131\u015fmas\u0131yla haz\u0131rlanan tasar\u0131 tasla\u011f\u0131 ile 16 B\u00fcy\u00fck\u015fehir Belediyesi\u2019ne ilaveten son n\u00fcfus say\u0131m\u0131nda n\u00fcfuslar\u0131 750 bini ge\u00e7en 13 il belediyesinin de b\u00fcy\u00fck\u015fehir belediyesi stat\u00fcs\u00fcne ge\u00e7irilmesi \u00f6ng\u00f6r\u00fcd\u00fc. Bu iller de Ayd\u0131n, Denizli, Mu\u011fla, Tekirda\u011f, Trabzon, \u015eanl\u0131urfa, Kahramanmara\u015f, Bal\u0131kesir, Van, Manisa, Hatay, Malatya ve Mardin olarak belirlendi. S\u00f6z konusu d\u00fczenleme ile t\u00fcm b\u00fcy\u00fck\u015fehirlerde belediye s\u0131n\u0131r\u0131n\u0131n il s\u0131n\u0131r\u0131 haline getirilmesi h\u00fckm\u00fc getirilirken, b\u00fcy\u00fck\u015fehirlere aktar\u0131lacak kaynaklarla ilgili de d\u00fczenleme yap\u0131lmas\u0131 \u00f6ng\u00f6r\u00fcld\u00fc.<\/p>\n<p style=\"text-align: justify;\">Ancak AK Parti i\u00e7inde \u00e7ok say\u0131da milletvekillerinin b\u00fcy\u00fck\u015fehir belediye s\u0131n\u0131rlar\u0131n\u0131n il s\u0131n\u0131r\u0131 haline getirilmesinin yerel se\u00e7im sonu\u00e7lar\u0131na etkisinin iyi de\u011ferlendirilmesi gerekti\u011fi ve bu d\u00fczenleme sonras\u0131 belde belediyelerinin kapat\u0131lacak olmas\u0131n\u0131n parti aleyhine propaganda malzemesi yap\u0131labilece\u011fi endi\u015fesini dile getirmesi \u00fczerine, parti grup y\u00f6netiminin talebi \u00fczerine tasar\u0131 tasla\u011f\u0131 \u00fczerinde yeniden \u00e7al\u0131\u015f\u0131lmas\u0131 karar\u0131 al\u0131nd\u0131. Bu nedenle de d\u00fczenleme ge\u00e7en yasama y\u0131l\u0131nda TBMM\u2019ye sunulmad\u0131.<\/p>\n<p style=\"text-align: justify;\"><a href=\"http:\/\/haber.gazetevatan.com\/gonlundeki-mkyk-uyelerini-tarif-etti\/479394\/9\/Siyaset#.UEo8BLLN-Zc\" target=\"_blank\">Kaynak : \u015eebnem HO\u015eG\u00d6R \/ VATAN Gazetesi\u00a0<\/a><\/p>\n","protected":false},"excerpt":{"rendered":"<p style=\"text-align: justify;\">\n<p style=\"text-align: justify;\">\n<p style=\"text-align: justify;\">\u2018Partiden g\u00fc\u00e7 alan de\u011fil g\u00fc\u00e7 veren isimler laz\u0131m\u2019 <\/p>\n<p style=\"text-align: justify;\">Ba\u015fbakan Erdo\u011fan, g\u00f6nl\u00fcndeki MKYK \u00fcyelerini tarif ederken \u201cpartiden g\u00fc\u00e7 alacak de\u011fil, partiye g\u00fc\u00e7 verecek isimler g\u00f6rmek istedi\u011fini\u201d s\u00f6yledi. Dili s\u00fcr\u00e7en Erdo\u011fan, AK Parti yerine \u201cRefah Partisi\u201d dedi, yapt\u0131\u011f\u0131 hataya kendi de g\u00fcld\u00fc. <\/p>\n","protected":false},"author":1,"featured_media":0,"comment_status":"open","ping_status":"open","sticky":false,"template":"","format":"standard","meta":{"footnotes":""},"categories":[105],"tags":[],"class_list":["post-55132","post","type-post","status-publish","format-standard","hentry","category-gundem","odd"],"_links":{"self":[{"href":"http:\/\/www.korhanyilmaz.com\/index.php?rest_route=\/wp\/v2\/posts\/55132","targetHints":{"allow":["GET"]}}],"collection":[{"href":"http:\/\/www.korhanyilmaz.com\/index.php?rest_route=\/wp\/v2\/posts"}],"about":[{"href":"http:\/\/www.korhanyilmaz.com\/index.php?rest_route=\/wp\/v2\/types\/post"}],"author":[{"embeddable":true,"href":"http:\/\/www.korhanyilmaz.com\/index.php?rest_route=\/wp\/v2\/users\/1"}],"replies":[{"embeddable":true,"href":"http:\/\/www.korhanyilmaz.com\/index.php?rest_route=%2Fwp%2Fv2%2Fcomments&post=55132"}],"version-history":[{"count":0,"href":"http:\/\/www.korhanyilmaz.com\/index.php?rest_route=\/wp\/v2\/posts\/55132\/revisions"}],"wp:attachment":[{"href":"http:\/\/www.korhanyilmaz.com\/index.php?rest_route=%2Fwp%2Fv2%2Fmedia&parent=55132"}],"wp:term":[{"taxonomy":"category","embeddable":true,"href":"http:\/\/www.korhanyilmaz.com\/index.php?rest_route=%2Fwp%2Fv2%2Fcategories&post=55132"},{"taxonomy":"post_tag","embeddable":true,"href":"http:\/\/www.korhanyilmaz.com\/index.php?rest_route=%2Fwp%2Fv2%2Ftags&post=55132"}],"curies":[{"name":"wp","href":"https:\/\/api.w.org\/{rel}","templated":true}]}}