{"id":55128,"date":"2012-09-07T10:27:22","date_gmt":"2012-09-07T07:27:22","guid":{"rendered":"http:\/\/www.korhanyilmaz.com\/?p=55128"},"modified":"2012-09-07T10:41:44","modified_gmt":"2012-09-07T07:41:44","slug":"erdogan-transfer-pesinde","status":"publish","type":"post","link":"http:\/\/www.korhanyilmaz.com\/?p=55128","title":{"rendered":"Erdo\u011fan transfer pe\u015finde"},"content":{"rendered":"<p style=\"text-align: center;\"><a href=\"http:\/\/www.korhanyilmaz.com\/wp-content\/uploads\/2012\/09\/H693.jpg\"  class=\"lightview\"><img loading=\"lazy\" decoding=\"async\" class=\"aligncenter  wp-image-55129\" src=\"http:\/\/www.korhanyilmaz.com\/wp-content\/uploads\/2012\/09\/H693.jpg\" alt=\"\" width=\"322\" height=\"241\" \/><\/a><\/p>\n<p style=\"text-align: justify;\">Ba\u015fbakan Recep Tayyip Erdo\u011fan&#8217;\u0131n parti vitrinine yeni isimler isterken dili s\u00fcr\u00e7t\u00fc, AKP yerine Refah Partisi dedi.<\/p>\n<p style=\"text-align: justify;\">Cumhuriyet\/Ankara B\u00fcrosu- Ba\u015fbakan Tayyip Erdo\u011fan, 30 Eyl\u00fcl\u2019deki b\u00fcy\u00fck kongrede partisinin vitrinine ta\u015f\u0131yaca\u011f\u0131 yeni isimlerde arayaca\u011f\u0131 nitelik i\u00e7in \u201cPartiden g\u00fc\u00e7 kazanacak de\u011fil, partiye g\u00fc\u00e7 katacak isimler\u201d tan\u0131m\u0131n\u0131 kullanarak, \u00f6ne \u00e7ekilecek yerel se\u00e7imlerde partiye yeni oy getirecek ve 2014\u2019teki K\u00f6\u015fk se\u00e7imlerinde y\u00fczde 50\u2019nin \u00fcst\u00fcn\u00fc yakalamas\u0131n\u0131 sa\u011flayacak transferler pe\u015finde oldu\u011fu mesaj\u0131n\u0131 verdi.\u00a0<!--more--><\/p>\n<p style=\"text-align: justify;\">Erdo\u011fan\u2019\u0131n \u00f6nceki g\u00fcn AKP milletvekilleriyle ve parti kurucular\u0131yla b\u00fcy\u00fck kongre g\u00fcndemiyle ilgili yapt\u0131\u011f\u0131 toplant\u0131ya ili\u015fkin yeni bilgiler de ortaya \u00e7\u0131kt\u0131. Edinilen bilgilere g\u00f6re Erdo\u011fan, milletvekilleriyle kuruculara anket formu da\u011f\u0131tarak yeni MKYK i\u00e7in 50 ki\u015filik isim \u00f6nermelerini isterken, kafas\u0131ndaki vitrinin ipu\u00e7lar\u0131n\u0131 ortaya koyan tan\u0131mlamalar yapt\u0131. Erdo\u011fan, mevcut MKYK \u00fcyeleri, bakanlar, milletvekilleri ve partililerin yan\u0131 s\u0131ra \u201ci\u015f, sanat, spor, bilim \u00e7evrelerinden, ba\u015fka partilerden ve partisiz isimlere\u201d de a\u00e7\u0131k oldu\u011funu belirtti.<\/p>\n<p style=\"text-align: justify;\">Erdo\u011fan \u00f6nerilecek yeni isimlerde arayaca\u011f\u0131 nitelik konusunda ise \u201cPartiden g\u00fc\u00e7 kazanacak de\u011fil, partiye g\u00fc\u00e7 katacak isimler\u201d ifadesini kulland\u0131. Erdo\u011fan\u2019\u0131n bu ifadesi, 12 Eyl\u00fcl anayasa referandumundaki y\u00fczde 58\u2019lik evet oylar\u0131n\u0131 toplamay\u0131 hedefleyen yeni transferler aray\u0131\u015f\u0131 olarak alg\u0131land\u0131. Erdo\u011fan, b\u00f6ylece AKP\u2019lilere \u00f6ne \u00e7ekilecek yerel se\u00e7imlerde ve 2014\u2019teki cumhurba\u015fkan\u0131 se\u00e7imlerinde partiye yeni oylar getirecek isimler aray\u0131\u015f\u0131 i\u00e7inde oldu\u011funun mesaj\u0131n\u0131 verdi.<\/p>\n<p style=\"text-align: justify;\">Erdo\u011fan\u2019\u0131n, ankette \u00f6nerilecek yeni isimlerin niteliklerini tan\u0131mlarken ya\u015fad\u0131\u011f\u0131 bir dil s\u00fcr\u00e7mesi de anlaml\u0131 bulundu. Erdo\u011fan, \u201cpartiye g\u00fc\u00e7 katacak isimler\u201d isterken \u201cKartvizitinde Refah Partisi MKYK \u00fcyesi yazd\u0131rmak i\u00e7in gelecek isimleri \u00f6nermeyin\u201d ifadesi kulland\u0131. Erdo\u011fan, dil s\u00fcr\u00e7mesiyle eski partisini zikretti\u011fini fark edince g\u00fclerek \u201cAK Parti\u201d diye d\u00fczeltti.<\/p>\n<p style=\"text-align: justify;\">Erdo\u011fan, yeni vitrin i\u00e7in anket toplant\u0131lar\u0131n\u0131 il ve belediye ba\u015fkanlar\u0131yla s\u00fcrd\u00fcrecek.<\/p>\n<p style=\"text-align: justify;\"><a href=\"http:\/\/www.cumhuriyet.com.tr\/?hn=364012\" target=\"_blank\">Kaynak : Erdem G\u00fcl &#8211; Cumhuriyet Haber Portal\u0131<\/a><\/p>\n","protected":false},"excerpt":{"rendered":"<p style=\"text-align: center;\">\n<p style=\"text-align: justify;\">Ba\u015fbakan Recep Tayyip Erdo\u011fan&#8217;\u0131n parti vitrinine yeni isimler isterken dili s\u00fcr\u00e7t\u00fc, AKP yerine Refah Partisi dedi.<\/p>\n<p style=\"text-align: justify;\">Cumhuriyet\/Ankara B\u00fcrosu- Ba\u015fbakan Tayyip Erdo\u011fan, 30 Eyl\u00fcl\u2019deki b\u00fcy\u00fck kongrede partisinin vitrinine ta\u015f\u0131yaca\u011f\u0131 yeni isimlerde arayaca\u011f\u0131 nitelik i\u00e7in \u201cPartiden g\u00fc\u00e7 kazanacak de\u011fil, partiye g\u00fc\u00e7 katacak isimler\u201d tan\u0131m\u0131n\u0131 kullanarak, \u00f6ne \u00e7ekilecek yerel se\u00e7imlerde partiye <\/p>\n","protected":false},"author":1,"featured_media":0,"comment_status":"open","ping_status":"open","sticky":false,"template":"","format":"standard","meta":{"footnotes":""},"categories":[105],"tags":[],"class_list":["post-55128","post","type-post","status-publish","format-standard","hentry","category-gundem","odd"],"_links":{"self":[{"href":"http:\/\/www.korhanyilmaz.com\/index.php?rest_route=\/wp\/v2\/posts\/55128","targetHints":{"allow":["GET"]}}],"collection":[{"href":"http:\/\/www.korhanyilmaz.com\/index.php?rest_route=\/wp\/v2\/posts"}],"about":[{"href":"http:\/\/www.korhanyilmaz.com\/index.php?rest_route=\/wp\/v2\/types\/post"}],"author":[{"embeddable":true,"href":"http:\/\/www.korhanyilmaz.com\/index.php?rest_route=\/wp\/v2\/users\/1"}],"replies":[{"embeddable":true,"href":"http:\/\/www.korhanyilmaz.com\/index.php?rest_route=%2Fwp%2Fv2%2Fcomments&post=55128"}],"version-history":[{"count":0,"href":"http:\/\/www.korhanyilmaz.com\/index.php?rest_route=\/wp\/v2\/posts\/55128\/revisions"}],"wp:attachment":[{"href":"http:\/\/www.korhanyilmaz.com\/index.php?rest_route=%2Fwp%2Fv2%2Fmedia&parent=55128"}],"wp:term":[{"taxonomy":"category","embeddable":true,"href":"http:\/\/www.korhanyilmaz.com\/index.php?rest_route=%2Fwp%2Fv2%2Fcategories&post=55128"},{"taxonomy":"post_tag","embeddable":true,"href":"http:\/\/www.korhanyilmaz.com\/index.php?rest_route=%2Fwp%2Fv2%2Ftags&post=55128"}],"curies":[{"name":"wp","href":"https:\/\/api.w.org\/{rel}","templated":true}]}}