{"id":55124,"date":"2012-09-06T20:54:57","date_gmt":"2012-09-06T17:54:57","guid":{"rendered":"http:\/\/www.korhanyilmaz.com\/?p=55124"},"modified":"2012-09-07T03:50:28","modified_gmt":"2012-09-07T00:50:28","slug":"diyarbakirda-polis-noktasina-roketatarli-saldiri","status":"publish","type":"post","link":"http:\/\/www.korhanyilmaz.com\/?p=55124","title":{"rendered":"Diyarbak\u0131r&#8217;da polis noktas\u0131na roketatarl\u0131 sald\u0131r\u0131"},"content":{"rendered":"<p style=\"text-align: center;\"><a href=\"http:\/\/www.korhanyilmaz.com\/wp-content\/uploads\/2012\/09\/H692.jpg\"  class=\"lightview\"><img loading=\"lazy\" decoding=\"async\" class=\"aligncenter  wp-image-55125\" src=\"http:\/\/www.korhanyilmaz.com\/wp-content\/uploads\/2012\/09\/H692.jpg\" alt=\"\" width=\"276\" height=\"207\" \/><\/a><\/p>\n<p style=\"text-align: justify;\">Diyarbak\u0131r&#8217;\u0131n Ergani il\u00e7esindeki B\u00f6lge Trafik \u0130stasyonu&#8217;na roketatarl\u0131 sald\u0131r\u0131 d\u00fczenlendi.<\/p>\n<p style=\"text-align: justify;\">\u0130stanbul- Diyarbak\u0131r&#8217;\u0131n Ergani \u0130l\u00e7e Emniyet M\u00fcd\u00fcrl\u00fc\u011f\u00fc&#8217;ne ba\u011fl\u0131 Ergani B\u00f6lge Trafik \u0130stasyonu&#8217;na saat 20.00 s\u0131ralar\u0131nda PKK&#8217;li ter\u00f6ristlerce roketatarl\u0131 sald\u0131r\u0131 d\u00fczenlendi. Sald\u0131r\u0131da ilk belirlemelere g\u00f6re \u00f6len ya da yaralanan olmad\u0131.\u00a0<!--more--><\/p>\n<p style=\"text-align: justify;\">Sald\u0131r\u0131n\u0131n ard\u0131ndan b\u00f6lgede operasyon ba\u015flat\u0131ld\u0131.<\/p>\n<p style=\"text-align: justify;\"><a href=\"http:\/\/www.cumhuriyet.com.tr\/?hn=363948\" target=\"_blank\">Kaynak : Cumhuriyet Haber Portal\u0131<\/a><\/p>\n","protected":false},"excerpt":{"rendered":"<p style=\"text-align: center;\">\n<p style=\"text-align: justify;\">Diyarbak\u0131r&#8217;\u0131n Ergani il\u00e7esindeki B\u00f6lge Trafik \u0130stasyonu&#8217;na roketatarl\u0131 sald\u0131r\u0131 d\u00fczenlendi.<\/p>\n<p style=\"text-align: justify;\">\u0130stanbul- Diyarbak\u0131r&#8217;\u0131n Ergani \u0130l\u00e7e Emniyet M\u00fcd\u00fcrl\u00fc\u011f\u00fc&#8217;ne ba\u011fl\u0131 Ergani B\u00f6lge Trafik \u0130stasyonu&#8217;na saat 20.00 s\u0131ralar\u0131nda PKK&#8217;li ter\u00f6ristlerce roketatarl\u0131 sald\u0131r\u0131 d\u00fczenlendi. Sald\u0131r\u0131da ilk belirlemelere g\u00f6re \u00f6len ya da yaralanan olmad\u0131. <\/p>\n","protected":false},"author":1,"featured_media":0,"comment_status":"open","ping_status":"open","sticky":false,"template":"","format":"standard","meta":{"footnotes":""},"categories":[105],"tags":[],"class_list":["post-55124","post","type-post","status-publish","format-standard","hentry","category-gundem","odd"],"_links":{"self":[{"href":"http:\/\/www.korhanyilmaz.com\/index.php?rest_route=\/wp\/v2\/posts\/55124","targetHints":{"allow":["GET"]}}],"collection":[{"href":"http:\/\/www.korhanyilmaz.com\/index.php?rest_route=\/wp\/v2\/posts"}],"about":[{"href":"http:\/\/www.korhanyilmaz.com\/index.php?rest_route=\/wp\/v2\/types\/post"}],"author":[{"embeddable":true,"href":"http:\/\/www.korhanyilmaz.com\/index.php?rest_route=\/wp\/v2\/users\/1"}],"replies":[{"embeddable":true,"href":"http:\/\/www.korhanyilmaz.com\/index.php?rest_route=%2Fwp%2Fv2%2Fcomments&post=55124"}],"version-history":[{"count":0,"href":"http:\/\/www.korhanyilmaz.com\/index.php?rest_route=\/wp\/v2\/posts\/55124\/revisions"}],"wp:attachment":[{"href":"http:\/\/www.korhanyilmaz.com\/index.php?rest_route=%2Fwp%2Fv2%2Fmedia&parent=55124"}],"wp:term":[{"taxonomy":"category","embeddable":true,"href":"http:\/\/www.korhanyilmaz.com\/index.php?rest_route=%2Fwp%2Fv2%2Fcategories&post=55124"},{"taxonomy":"post_tag","embeddable":true,"href":"http:\/\/www.korhanyilmaz.com\/index.php?rest_route=%2Fwp%2Fv2%2Ftags&post=55124"}],"curies":[{"name":"wp","href":"https:\/\/api.w.org\/{rel}","templated":true}]}}