{"id":55121,"date":"2012-09-06T22:24:55","date_gmt":"2012-09-06T19:24:55","guid":{"rendered":"http:\/\/www.korhanyilmaz.com\/?p=55121"},"modified":"2012-09-07T03:46:56","modified_gmt":"2012-09-07T00:46:56","slug":"emniyet-mudurleri-kararnamesi-yayinlandi","status":"publish","type":"post","link":"http:\/\/www.korhanyilmaz.com\/?p=55121","title":{"rendered":"Emniyet m\u00fcd\u00fcrleri kararnamesi yay\u0131nland\u0131"},"content":{"rendered":"<p style=\"text-align: center;\"><a href=\"http:\/\/www.korhanyilmaz.com\/wp-content\/uploads\/2012\/09\/H691.jpg\"  class=\"lightview\"><img loading=\"lazy\" decoding=\"async\" class=\"aligncenter  wp-image-55122\" src=\"http:\/\/www.korhanyilmaz.com\/wp-content\/uploads\/2012\/09\/H691.jpg\" alt=\"\" width=\"276\" height=\"207\" \/><\/a><\/p>\n<p style=\"text-align: justify;\">Emniyet m\u00fcd\u00fcrleri kararnamesi yay\u0131nland\u0131&#8230;<\/p>\n<p style=\"text-align: justify;\">\u0130stanbul- Emniyet M\u00fcd\u00fcrler Kararnamesi a\u00e7\u0131kland\u0131. Kararnameye g\u00f6re 28 ilin Emniyet M\u00fcd\u00fcr\u00fc de\u011fi\u015fti. Emniyet Genel M\u00fcd\u00fcr Yard\u0131mc\u0131l\u0131\u011f\u0131&#8217;na Ankara Emniyet M\u00fcd\u00fcr\u00fc Zeki \u00c7atalkaya atan\u0131rken, Ba\u015fbakanl\u0131k korumalar\u0131 da il emniyet m\u00fcd\u00fcrl\u00fcklerine atand\u0131.\u00a0<!--more--><\/p>\n<p style=\"text-align: justify;\">Ba\u015fbakanl\u0131k Koruma Dairesi Ba\u015fkan\u0131 Mehmet Y\u00fcksel, Nev\u015fehir Emniyet M\u00fcd\u00fcrl\u00fc\u011f\u00fc&#8217;ne atan\u0131rken, Samsun 19 May\u0131s Polis Meslek Y\u00fcksekokulu M\u00fcd\u00fcr\u00fc Ramazan Bal, Ba\u015fbakanl\u0131k Koruma Dairesi Ba\u015fkanl\u0131\u011f\u0131&#8217;na atand\u0131. Ba\u015fbakanl\u0131k Koruma Dairesi Ba\u015fkan Yard\u0131mc\u0131s\u0131 ve Ba\u015fbakan Erdo\u011fan&#8217;\u0131n koruma M\u00fcd\u00fcr\u00fc Zeki Bulut ise Denizli Emniyet M\u00fcd\u00fcrl\u00fc\u011f\u00fc&#8217;ne atand\u0131.<\/p>\n<p style=\"text-align: justify;\"><strong>Gaziantep Emniyet M\u00fcd\u00fcr\u00fc merkeze al\u0131nd\u0131\u00a0<\/strong><\/p>\n<p style=\"text-align: justify;\">\u015eeker Bayram\u0131&#8217;n\u0131n ikinci g\u00fcn\u00fc PKK&#8217;nin d\u00fczenledi\u011fi sald\u0131r\u0131da 10 ki\u015finin hayat\u0131n\u0131 kaybetti\u011fi Gaziantep&#8217;in Emniyet M\u00fcd\u00fcr\u00fc S\u00fcleyman O\u011fuz, merkeze al\u0131nd\u0131. AKP&#8217;li \u015eamil Tayyar, O\u011fuz i\u00e7in, &#8220;G\u00f6revden al\u0131nmal\u0131&#8221; demi\u015fti. O\u011fuz&#8217;un yerine atanan isim ise Bal\u0131kesir Emniyet M\u00fcd\u00fcr\u00fc \u00d6mer Ayd\u0131n oldu.<\/p>\n<p style=\"text-align: justify;\"><span style=\"text-decoration: underline;\">Kararnameye g\u00f6re yap\u0131lan di\u011fer atamalar \u015f\u00f6yle:<\/span><\/p>\n<p style=\"text-align: justify;\">Ankara Emniyet M\u00fcd\u00fcr\u00fc Zeki \u00c7atalkaya, Emniyet Genel M\u00fcd\u00fcr Yard\u0131mc\u0131l\u0131\u011f\u0131&#8217;na,<\/p>\n<p style=\"text-align: justify;\">\u0130stanbul Emniyet M\u00fcd\u00fcr Yard\u0131mc\u0131s\u0131 Mustafa \u0130ncebay, K\u0131r\u015fehir Emniyet M\u00fcd\u00fcrl\u00fc\u011f\u00fc&#8217;ne,<\/p>\n<p style=\"text-align: justify;\">\u0130stanbul Emniyet M\u00fcd\u00fcr Yard\u0131mc\u0131s\u0131 Cemil Beyaz\u0131t, Kilis Emniyet M\u00fcd\u00fcrl\u00fc\u011f\u00fc&#8217;ne,<\/p>\n<p style=\"text-align: justify;\">\u0130stanbul eski Organize \u0130\u015fler \u015eube M\u00fcd\u00fcr\u00fc Mutlu Ekizo\u011flu, Siirt Emniyet M\u00fcd\u00fcrl\u00fc\u011f\u00fc&#8217;ne,<\/p>\n<p style=\"text-align: justify;\">Mu\u011fla Emniyet M\u00fcd\u00fcr\u00fc Kadir Ay, Ankara Emniyet M\u00fcd\u00fcrl\u00fc\u011f\u00fc&#8217;ne,<\/p>\n<p style=\"text-align: justify;\">Bing\u00f6l Emniyet M\u00fcd\u00fcr\u00fc Ahmet Akbal, Mu\u011fla Emniyet M\u00fcd\u00fcrl\u00fc\u011f\u00fc&#8217;ne,<\/p>\n<p style=\"text-align: justify;\">A\u011fr\u0131 Emniyet M\u00fcd\u00fcr\u00fc Halil Karata\u015f, Bal\u0131kesir Emniyet M\u00fcd\u00fcrl\u00fc\u011f\u00fc&#8217;ne,<\/p>\n<p style=\"text-align: justify;\">Siirt Emniyet M\u00fcd\u00fcr\u00fc Recep G\u00fcven, Diyarbak\u0131r Emniyet M\u00fcd\u00fcrl\u00fc\u011f\u00fc&#8217;ne,<\/p>\n<p style=\"text-align: justify;\">Isparta Emniyet M\u00fcd\u00fcr\u00fc Ahmet G\u00fcrkan, Adana Emniyet M\u00fcd\u00fcrl\u00fc\u011f\u00fc&#8217;ne,<\/p>\n<p style=\"text-align: justify;\">Bal\u0131kesir Emniyet M\u00fcd\u00fcr\u00fc \u00d6mer Ayd\u0131n, Gaziantep Emniyet M\u00fcd\u00fcrl\u00fc\u011f\u00fc&#8217;ne,<\/p>\n<p style=\"text-align: justify;\">Samsun Emniyet M\u00fcd\u00fcr\u00fc Hulusi \u00c7elik, Kocaeli Emniyet M\u00fcd\u00fcrl\u00fc\u011f\u00fc&#8217;ne atand\u0131.<\/p>\n<p style=\"text-align: justify;\">Antalya Emniyet M\u00fcd\u00fcr\u00fc Ali Y\u0131lmaz ve Gaziantep Emniyet M\u00fcd\u00fcr\u00fc S\u00fcleyman O\u011fuz merkeze al\u0131nd\u0131.<\/p>\n<p style=\"text-align: justify;\"><a href=\"http:\/\/www.cumhuriyet.com.tr\/?hn=363964\" target=\"_blank\">Kaynak : Cumhuriyet Haber Portal\u0131<\/a><\/p>\n","protected":false},"excerpt":{"rendered":"<p style=\"text-align: center;\">\n<p style=\"text-align: justify;\">Emniyet m\u00fcd\u00fcrleri kararnamesi yay\u0131nland\u0131&#8230;<\/p>\n<p style=\"text-align: justify;\">\u0130stanbul- Emniyet M\u00fcd\u00fcrler Kararnamesi a\u00e7\u0131kland\u0131. Kararnameye g\u00f6re 28 ilin Emniyet M\u00fcd\u00fcr\u00fc de\u011fi\u015fti. Emniyet Genel M\u00fcd\u00fcr Yard\u0131mc\u0131l\u0131\u011f\u0131&#8217;na Ankara Emniyet M\u00fcd\u00fcr\u00fc Zeki \u00c7atalkaya atan\u0131rken, Ba\u015fbakanl\u0131k korumalar\u0131 da il emniyet m\u00fcd\u00fcrl\u00fcklerine atand\u0131. <\/p>\n","protected":false},"author":1,"featured_media":0,"comment_status":"open","ping_status":"open","sticky":false,"template":"","format":"standard","meta":{"footnotes":""},"categories":[105],"tags":[],"class_list":["post-55121","post","type-post","status-publish","format-standard","hentry","category-gundem","odd"],"_links":{"self":[{"href":"http:\/\/www.korhanyilmaz.com\/index.php?rest_route=\/wp\/v2\/posts\/55121","targetHints":{"allow":["GET"]}}],"collection":[{"href":"http:\/\/www.korhanyilmaz.com\/index.php?rest_route=\/wp\/v2\/posts"}],"about":[{"href":"http:\/\/www.korhanyilmaz.com\/index.php?rest_route=\/wp\/v2\/types\/post"}],"author":[{"embeddable":true,"href":"http:\/\/www.korhanyilmaz.com\/index.php?rest_route=\/wp\/v2\/users\/1"}],"replies":[{"embeddable":true,"href":"http:\/\/www.korhanyilmaz.com\/index.php?rest_route=%2Fwp%2Fv2%2Fcomments&post=55121"}],"version-history":[{"count":0,"href":"http:\/\/www.korhanyilmaz.com\/index.php?rest_route=\/wp\/v2\/posts\/55121\/revisions"}],"wp:attachment":[{"href":"http:\/\/www.korhanyilmaz.com\/index.php?rest_route=%2Fwp%2Fv2%2Fmedia&parent=55121"}],"wp:term":[{"taxonomy":"category","embeddable":true,"href":"http:\/\/www.korhanyilmaz.com\/index.php?rest_route=%2Fwp%2Fv2%2Fcategories&post=55121"},{"taxonomy":"post_tag","embeddable":true,"href":"http:\/\/www.korhanyilmaz.com\/index.php?rest_route=%2Fwp%2Fv2%2Ftags&post=55121"}],"curies":[{"name":"wp","href":"https:\/\/api.w.org\/{rel}","templated":true}]}}