{"id":55118,"date":"2012-09-06T22:33:58","date_gmt":"2012-09-06T19:33:58","guid":{"rendered":"http:\/\/www.korhanyilmaz.com\/?p=55118"},"modified":"2012-09-07T03:43:15","modified_gmt":"2012-09-07T00:43:15","slug":"yuksekovada-karakol-insaatina-saldiri-1-sehit","status":"publish","type":"post","link":"http:\/\/www.korhanyilmaz.com\/?p=55118","title":{"rendered":"Y\u00fcksekova&#8217;da karakol in\u015faat\u0131na sald\u0131r\u0131: 1 \u015fehit"},"content":{"rendered":"<p style=\"text-align: justify;\"><a href=\"http:\/\/www.korhanyilmaz.com\/wp-content\/uploads\/2012\/09\/H690.jpg\"  class=\"lightview\"><img loading=\"lazy\" decoding=\"async\" class=\"aligncenter size-full wp-image-55119\" title=\"\" src=\"http:\/\/www.korhanyilmaz.com\/wp-content\/uploads\/2012\/09\/H690.jpg\" alt=\"\" width=\"316\" height=\"237\" \/><\/a><\/p>\n<p style=\"text-align: justify;\">Y\u00fcksekova&#8217;n\u0131n B\u00fcy\u00fck\u00e7iftlik beldesinde yap\u0131m\u0131 devam eden karakol in\u015faat\u0131nda n\u00f6bet tutan ge\u00e7ici k\u00f6y korucular\u0131na y\u00f6nelik ter\u00f6ristlerce ger\u00e7ekle\u015fen sald\u0131r\u0131da, 1 korucu \u015fehit oldu.<\/p>\n<p style=\"text-align: justify;\">Hakkari- B\u00fcy\u00fck\u00e7iftlik beldesinde yap\u0131m\u0131 devam eden karakol in\u015faat\u0131nda n\u00f6bet tutan k\u00f6y korucular\u0131na bir grup ter\u00f6r \u00f6rg\u00fct\u00fc PKK mensubunca uzun namlulu silahlarla ate\u015f a\u00e7\u0131ld\u0131.\u00a0<!--more--><\/p>\n<p style=\"text-align: justify;\">Korucular\u0131n kar\u015f\u0131l\u0131k vermesi \u00fczerine \u00e7\u0131kan \u00e7at\u0131\u015fmada, ge\u00e7ici k\u00f6y korucusu Kenan Ta\u015fel (28) \u015fehit oldu. Ta\u015fel&#8217;in cenazesi Y\u00fcksekova Devlet Hastanesi morguna g\u00f6nderildi.<\/p>\n<p style=\"text-align: justify;\">B\u00f6lgeye \u00e7ok say\u0131da g\u00fcvenlik g\u00f6revlisi sevk edildi. Ka\u00e7an ter\u00f6ristlerin yakalanmas\u0131 i\u00e7in b\u00f6lgede geni\u015f \u00e7apl\u0131 operasyon ba\u015flat\u0131ld\u0131.<\/p>\n<p style=\"text-align: justify;\"><a href=\"http:\/\/www.cumhuriyet.com.tr\/?hn=363966\" target=\"_blank\">Kaynak : Cumhuriyet Haber Portal\u0131<\/a><\/p>\n","protected":false},"excerpt":{"rendered":"<p style=\"text-align: justify;\">\n<p style=\"text-align: justify;\">Y\u00fcksekova&#8217;n\u0131n B\u00fcy\u00fck\u00e7iftlik beldesinde yap\u0131m\u0131 devam eden karakol in\u015faat\u0131nda n\u00f6bet tutan ge\u00e7ici k\u00f6y korucular\u0131na y\u00f6nelik ter\u00f6ristlerce ger\u00e7ekle\u015fen sald\u0131r\u0131da, 1 korucu \u015fehit oldu.<\/p>\n<p style=\"text-align: justify;\">Hakkari- B\u00fcy\u00fck\u00e7iftlik beldesinde yap\u0131m\u0131 devam eden karakol in\u015faat\u0131nda n\u00f6bet tutan k\u00f6y korucular\u0131na bir grup ter\u00f6r \u00f6rg\u00fct\u00fc PKK mensubunca uzun namlulu silahlarla ate\u015f a\u00e7\u0131ld\u0131. <\/p>\n","protected":false},"author":1,"featured_media":0,"comment_status":"open","ping_status":"open","sticky":false,"template":"","format":"standard","meta":{"footnotes":""},"categories":[105],"tags":[],"class_list":["post-55118","post","type-post","status-publish","format-standard","hentry","category-gundem","odd"],"_links":{"self":[{"href":"http:\/\/www.korhanyilmaz.com\/index.php?rest_route=\/wp\/v2\/posts\/55118","targetHints":{"allow":["GET"]}}],"collection":[{"href":"http:\/\/www.korhanyilmaz.com\/index.php?rest_route=\/wp\/v2\/posts"}],"about":[{"href":"http:\/\/www.korhanyilmaz.com\/index.php?rest_route=\/wp\/v2\/types\/post"}],"author":[{"embeddable":true,"href":"http:\/\/www.korhanyilmaz.com\/index.php?rest_route=\/wp\/v2\/users\/1"}],"replies":[{"embeddable":true,"href":"http:\/\/www.korhanyilmaz.com\/index.php?rest_route=%2Fwp%2Fv2%2Fcomments&post=55118"}],"version-history":[{"count":0,"href":"http:\/\/www.korhanyilmaz.com\/index.php?rest_route=\/wp\/v2\/posts\/55118\/revisions"}],"wp:attachment":[{"href":"http:\/\/www.korhanyilmaz.com\/index.php?rest_route=%2Fwp%2Fv2%2Fmedia&parent=55118"}],"wp:term":[{"taxonomy":"category","embeddable":true,"href":"http:\/\/www.korhanyilmaz.com\/index.php?rest_route=%2Fwp%2Fv2%2Fcategories&post=55118"},{"taxonomy":"post_tag","embeddable":true,"href":"http:\/\/www.korhanyilmaz.com\/index.php?rest_route=%2Fwp%2Fv2%2Ftags&post=55118"}],"curies":[{"name":"wp","href":"https:\/\/api.w.org\/{rel}","templated":true}]}}