{"id":55115,"date":"2012-09-06T20:38:53","date_gmt":"2012-09-06T17:38:53","guid":{"rendered":"http:\/\/www.korhanyilmaz.com\/?p=55115"},"modified":"2012-09-07T03:40:00","modified_gmt":"2012-09-07T00:40:00","slug":"kaza-mi-degil-mi","status":"publish","type":"post","link":"http:\/\/www.korhanyilmaz.com\/?p=55115","title":{"rendered":"Kaza m\u0131, de\u011fil mi?"},"content":{"rendered":"<p style=\"text-align: justify;\"><a href=\"http:\/\/www.korhanyilmaz.com\/wp-content\/uploads\/2012\/09\/H689.jpg\"  class=\"lightview\"><img loading=\"lazy\" decoding=\"async\" class=\"aligncenter size-full wp-image-55116\" title=\"\" src=\"http:\/\/www.korhanyilmaz.com\/wp-content\/uploads\/2012\/09\/H689.jpg\" alt=\"\" width=\"330\" height=\"248\" \/><\/a><\/p>\n<p style=\"text-align: justify;\">Afyonkarahisar&#8217;da 25 askerin \u015fehit oldu\u011fu patlaman\u0131n ard\u0131ndan kafalardaki soru i\u015faretleri cevap bekliyor&#8230;<\/p>\n<p style=\"text-align: justify;\">\u0130stanbul- Afyonkarahisar&#8217;da cephanelikte meydana gelen patlamada 25 asker \u015fehit oldu, 4&#8217;\u00fc asker 8 ki\u015fi de yaraland\u0131. Patlama kafalarda soru i\u015faretlerine neden oldu. CNN T\u00fcrk televizyonunun yay\u0131n\u0131na kat\u0131lan Emekli Tu\u011fgeneral Haldun Solmazt\u00fcrk, patlamada kaza ihtimalinin \u00e7ok d\u00fc\u015f\u00fck oldu\u011funu s\u00f6yleyerek, &#8220;O saatte say\u0131m olmaz, 25 asker bir arada bulunmaz. Say\u0131m denilen sand\u0131klar\u0131n ta\u015f\u0131nmas\u0131d\u0131r, el bombalar\u0131 da d\u00fc\u015fmeye darbeye dayan\u0131kl\u0131d\u0131r, dolay\u0131s\u0131yla o nedenle patlama olmaz. Kaza ihtimali d\u00fc\u015f\u00fckt\u00fcr&#8221; diye konu\u015ftu.<!--more--><\/p>\n<p style=\"text-align: justify;\">Patlaman\u0131n oldu\u011fu saat 21.15&#8217;te say\u0131m yap\u0131lmayaca\u011f\u0131n\u0131 s\u00f6yleyen Solmazt\u00fcrk \u015funlar\u0131 s\u00f6yledi:<\/p>\n<p style=\"text-align: justify;\">&#8220;Ak\u015fam 21:15&#8217;te say\u0131m yap\u0131lmaz. Bunun uzmanl\u0131kla ilgilisi yok, s\u0131radan herhangi bir asker de say\u0131m\u0131n bu saatte yap\u0131lmayaca\u011f\u0131n\u0131 bilir. Gecenin o vaktinde suni ayd\u0131nlatma laz\u0131m. Sonu\u00e7ta sava\u015f\u0131n ortas\u0131nda de\u011filsin ki, niye bu saatte yap\u0131yorsun. \u00c7at\u0131\u015fma yeri olsa acil olsa neyse. Ama Afyon b\u00f6yle bir yer de\u011fil. Ayr\u0131ca 25 ki\u015fi neden gecenin bir vakti bu kadar g\u00f6r\u00fc\u015f s\u0131n\u0131r\u0131 varken ve dar bir alanda bir arada. Bu kazaya davetiye \u00e7\u0131karmakt\u0131r. B\u00fct\u00fcn g\u00fcn \u00e7al\u0131\u015fm\u0131\u015f askerler ak\u015fam fiziksel ve moral olarak yorgundur. Bu durumun \u00fcst\u00fcne gidilmesi laz\u0131m. Ancak bu kaza olmayabilir o zaman da T\u00fcrk Silahl\u0131 Kuvvetleri&#8217;nin (TSK) bunun arka plan\u0131na bakmas\u0131 laz\u0131m.&#8221;<\/p>\n<p style=\"text-align: justify;\"><strong>Cevap bekleyen sorular\u00a0<\/strong><\/p>\n<p style=\"text-align: justify;\">Patlaman\u0131n ard\u0131ndan yap\u0131lan \u00e7eli\u015fkili a\u00e7\u0131klamalar ise pek \u00e7ok soru i\u015faretini beraberinde getirdi. Cevap bekleyen sorular \u015f\u00f6yle:<\/p>\n<p style=\"text-align: justify;\"><strong>1-<\/strong> Bu t\u00fcr silahlar depo oldu\u011fu i\u00e7in f\u00fcnyesiz olarak tutulur. F\u00fcnyesiz olan bu bombalar nas\u0131l patlad\u0131?<\/p>\n<p style=\"text-align: justify;\"><strong>2-<\/strong> Patlaman\u0131n oldu\u011fu birlikte genel olarak k\u0131sa d\u00f6nem erler askerlik mi yap\u0131yordu? Bu iddia do\u011fru ise; bu durumda bu gen\u00e7ler daha 1 ayl\u0131k asker anlam\u0131na geliyor. Afyon&#8217;daki patlama sonras\u0131 olay yerine gelen asker babas\u0131n\u0131n isyan\u0131 da bu iddiay\u0131 do\u011frular nitelikteydi. Ac\u0131l\u0131 asker babas\u0131, &#8220;Cumartesi teslim ettik, sal\u0131 g\u00fcn\u00fc ak\u015fam haberi geliyor&#8221; diyerek isyan etti.<\/p>\n<p style=\"text-align: justify;\"><strong>3<\/strong>&#8211; Orman ve Su \u0130\u015fleri Bakan\u0131 Veysel Ero\u011flu, patlaman\u0131n el bombas\u0131n\u0131n d\u00fc\u015fmesi sonucu meydana geldi\u011fini a\u00e7\u0131klad\u0131. El bombas\u0131 d\u00fc\u015fme sonucu patlar m\u0131?<\/p>\n<p style=\"text-align: justify;\"><strong>4-<\/strong> Olay\u0131n kaza oldu\u011fu, cephanelikte m\u00fchimmat say\u0131m\u0131 s\u0131ras\u0131nda patlama oldu\u011fu a\u00e7\u0131kland\u0131. Afyonkarahisar gibi ter\u00f6r\u00fcn olmad\u0131\u011f\u0131 bir yerde, m\u00fchimmat say\u0131m\u0131 ni\u00e7in gece yap\u0131l\u0131r?<\/p>\n<p style=\"text-align: justify;\"><strong>5<\/strong>&#8211; Neden say\u0131m i\u00e7in bu kadar asker bulunuyordu?<\/p>\n<p style=\"text-align: justify;\"><a href=\"http:\/\/www.cumhuriyet.com.tr\/?hn=363804\" target=\"_blank\">Kaynak : Cumhuriyet Haber Portal\u0131<\/a><\/p>\n","protected":false},"excerpt":{"rendered":"<p style=\"text-align: justify;\">\n<p style=\"text-align: justify;\">Afyonkarahisar&#8217;da 25 askerin \u015fehit oldu\u011fu patlaman\u0131n ard\u0131ndan kafalardaki soru i\u015faretleri cevap bekliyor&#8230;<\/p>\n<p style=\"text-align: justify;\">\u0130stanbul- Afyonkarahisar&#8217;da cephanelikte meydana gelen patlamada 25 asker \u015fehit oldu, 4&#8217;\u00fc asker 8 ki\u015fi de yaraland\u0131. Patlama kafalarda soru i\u015faretlerine neden oldu. CNN T\u00fcrk televizyonunun yay\u0131n\u0131na kat\u0131lan Emekli Tu\u011fgeneral Haldun Solmazt\u00fcrk, patlamada kaza ihtimalinin \u00e7ok d\u00fc\u015f\u00fck <\/p>\n","protected":false},"author":1,"featured_media":0,"comment_status":"open","ping_status":"open","sticky":false,"template":"","format":"standard","meta":{"footnotes":""},"categories":[105],"tags":[],"class_list":["post-55115","post","type-post","status-publish","format-standard","hentry","category-gundem","odd"],"_links":{"self":[{"href":"http:\/\/www.korhanyilmaz.com\/index.php?rest_route=\/wp\/v2\/posts\/55115","targetHints":{"allow":["GET"]}}],"collection":[{"href":"http:\/\/www.korhanyilmaz.com\/index.php?rest_route=\/wp\/v2\/posts"}],"about":[{"href":"http:\/\/www.korhanyilmaz.com\/index.php?rest_route=\/wp\/v2\/types\/post"}],"author":[{"embeddable":true,"href":"http:\/\/www.korhanyilmaz.com\/index.php?rest_route=\/wp\/v2\/users\/1"}],"replies":[{"embeddable":true,"href":"http:\/\/www.korhanyilmaz.com\/index.php?rest_route=%2Fwp%2Fv2%2Fcomments&post=55115"}],"version-history":[{"count":0,"href":"http:\/\/www.korhanyilmaz.com\/index.php?rest_route=\/wp\/v2\/posts\/55115\/revisions"}],"wp:attachment":[{"href":"http:\/\/www.korhanyilmaz.com\/index.php?rest_route=%2Fwp%2Fv2%2Fmedia&parent=55115"}],"wp:term":[{"taxonomy":"category","embeddable":true,"href":"http:\/\/www.korhanyilmaz.com\/index.php?rest_route=%2Fwp%2Fv2%2Fcategories&post=55115"},{"taxonomy":"post_tag","embeddable":true,"href":"http:\/\/www.korhanyilmaz.com\/index.php?rest_route=%2Fwp%2Fv2%2Ftags&post=55115"}],"curies":[{"name":"wp","href":"https:\/\/api.w.org\/{rel}","templated":true}]}}