{"id":55101,"date":"2012-09-05T17:28:47","date_gmt":"2012-09-05T14:28:47","guid":{"rendered":"http:\/\/www.korhanyilmaz.com\/?p=55101"},"modified":"2020-05-17T21:46:00","modified_gmt":"2020-05-17T18:46:00","slug":"yargi-guc-dalasina-alet-edildi","status":"publish","type":"post","link":"http:\/\/www.korhanyilmaz.com\/?p=55101","title":{"rendered":"&#8220;Yarg\u0131 g\u00fc\u00e7 dala\u015f\u0131na alet edildi&#8221;"},"content":{"rendered":"<p style=\"text-align: justify;\"><a href=\"http:\/\/www.korhanyilmaz.com\/wp-content\/uploads\/2012\/09\/H685.jpg\"  class=\"lightview\"><img loading=\"lazy\" decoding=\"async\" class=\"aligncenter wp-image-55102\" src=\"http:\/\/www.korhanyilmaz.com\/wp-content\/uploads\/2012\/09\/H685.jpg\" alt=\"\" width=\"400\" height=\"172\" \/><\/a><\/p>\n<p style=\"text-align: justify;\">\u00c7a\u011fda\u015f Hukuk\u00e7ular Derne\u011fi \u0130stanbul \u015eubesi yeni adli y\u0131l ba\u015flang\u0131c\u0131 nedeniyle \u00c7a\u011flayan\u2019daki \u0130stanbul Adalet Saray\u0131 \u00f6n\u00fcnde bas\u0131n a\u00e7\u0131klamas\u0131 yapt\u0131. A\u00e7\u0131klamada Baz\u0131 soru\u015fturmalara i\u015faret eden Avukat Ali \u015eafak, &#8220;Yarg\u0131 ve yarg\u0131 organlar\u0131n\u0131n, ya\u015fanan g\u00fc\u00e7 dala\u015f\u0131na alet edildi\u011fine&#8221; dikkat \u00e7ekti.<!--more--><\/p>\n<p style=\"text-align: justify;\">Yakla\u015f\u0131k 25 avukat\u0131n kat\u0131ld\u0131\u011f\u0131 bas\u0131n a\u00e7\u0131klamas\u0131n\u0131 dernek \u00fcyesi avukat Ali \u015eafak okudu. \u015eafak, Hakan Fidan\u2019\u0131n ifadeye \u00e7a\u011fr\u0131lmas\u0131n\u0131 hat\u0131rlatarak, \u201c\u0130stanbul \u00d6zel Yetkili Cumhuriyet Savc\u0131s\u0131 taraf\u0131ndan Ba\u015fbakan\u0131n s\u0131r k\u00fcp\u00fc olan Hakan Fidan\u2019\u0131n KCK soru\u015fturmas\u0131 kapsam\u0131nda ifadeye \u00e7a\u011f\u0131r\u0131lmas\u0131 ve 4 M\u0130T mensubu hakk\u0131nda yakalama karar\u0131 \u00e7\u0131kar\u0131lmas\u0131 ile yarg\u0131 ve yarg\u0131 organlar\u0131, ya\u015fanan g\u00fc\u00e7 dala\u015f\u0131na alet edilmi\u015ftir&#8221; diye ifade etti.<\/p>\n<p style=\"text-align: justify;\">3. Yarg\u0131 Paketi\u2019nin y\u00fcr\u00fcrl\u00fc\u011fe girmesi ile niyetin yarg\u0131 reformu olmad\u0131\u011f\u0131n\u0131 belirten \u015eafak, \u201cZira yap\u0131lan d\u00fczenleme ile ba\u015fta Haluk K\u0131rca olmak \u00fczere ellerinden devrimci kan\u0131 damlayan halk d\u00fc\u015fmanlar\u0131 haklanm\u0131\u015f ve \u00f6zg\u00fcrl\u00fcklerine kavu\u015fturulmu\u015ftur&#8221; dedi. \u015eafak, \u201cBiz \u00c7a\u011fda\u015f Hukuk\u00e7ular Derne\u011fi \u0130stanbul \u015eubesi olarak, d\u00fcn oldu\u011fu gibi bug\u00fcn de hukuk eliyle y\u00fcr\u00fct\u00fclen devlet ter\u00f6r\u00fcne kar\u015f\u0131 m\u00fccadele etmek i\u00e7in mahkeme salonlar\u0131nda, adliye koridorlar\u0131nda, karakollarda ve meydanlarda olmaya devam edece\u011fiz&#8221; diyerek bas\u0131n a\u00e7\u0131klamas\u0131n\u0131 sonland\u0131rd\u0131.<\/p>\n<p style=\"text-align: justify;\"><a href=\"http:\/\/www.cnnturk.com\/2012\/guncel\/09\/05\/yargi.guc.dalasina.alet.edildi\/675603.0\/index.html\" target=\"_blank\" rel=\"noopener noreferrer\">Kaynak : CNN T\u00dcRK<\/a><\/p>\n","protected":false},"excerpt":{"rendered":"<p style=\"text-align: justify;\">\n<p style=\"text-align: justify;\">\u00c7a\u011fda\u015f Hukuk\u00e7ular Derne\u011fi \u0130stanbul \u015eubesi yeni adli y\u0131l ba\u015flang\u0131c\u0131 nedeniyle \u00c7a\u011flayan\u2019daki \u0130stanbul Adalet Saray\u0131 \u00f6n\u00fcnde bas\u0131n a\u00e7\u0131klamas\u0131 yapt\u0131. A\u00e7\u0131klamada Baz\u0131 soru\u015fturmalara i\u015faret eden Avukat Ali \u015eafak, &#8220;Yarg\u0131 ve yarg\u0131 organlar\u0131n\u0131n, ya\u015fanan g\u00fc\u00e7 dala\u015f\u0131na alet edildi\u011fine&#8221; dikkat \u00e7ekti.<\/p>\n","protected":false},"author":1,"featured_media":0,"comment_status":"open","ping_status":"open","sticky":false,"template":"","format":"standard","meta":{"footnotes":""},"categories":[105],"tags":[],"class_list":["post-55101","post","type-post","status-publish","format-standard","hentry","category-gundem","odd"],"_links":{"self":[{"href":"http:\/\/www.korhanyilmaz.com\/index.php?rest_route=\/wp\/v2\/posts\/55101","targetHints":{"allow":["GET"]}}],"collection":[{"href":"http:\/\/www.korhanyilmaz.com\/index.php?rest_route=\/wp\/v2\/posts"}],"about":[{"href":"http:\/\/www.korhanyilmaz.com\/index.php?rest_route=\/wp\/v2\/types\/post"}],"author":[{"embeddable":true,"href":"http:\/\/www.korhanyilmaz.com\/index.php?rest_route=\/wp\/v2\/users\/1"}],"replies":[{"embeddable":true,"href":"http:\/\/www.korhanyilmaz.com\/index.php?rest_route=%2Fwp%2Fv2%2Fcomments&post=55101"}],"version-history":[{"count":0,"href":"http:\/\/www.korhanyilmaz.com\/index.php?rest_route=\/wp\/v2\/posts\/55101\/revisions"}],"wp:attachment":[{"href":"http:\/\/www.korhanyilmaz.com\/index.php?rest_route=%2Fwp%2Fv2%2Fmedia&parent=55101"}],"wp:term":[{"taxonomy":"category","embeddable":true,"href":"http:\/\/www.korhanyilmaz.com\/index.php?rest_route=%2Fwp%2Fv2%2Fcategories&post=55101"},{"taxonomy":"post_tag","embeddable":true,"href":"http:\/\/www.korhanyilmaz.com\/index.php?rest_route=%2Fwp%2Fv2%2Ftags&post=55101"}],"curies":[{"name":"wp","href":"https:\/\/api.w.org\/{rel}","templated":true}]}}