{"id":55080,"date":"2012-09-05T15:01:11","date_gmt":"2012-09-05T12:01:11","guid":{"rendered":"http:\/\/www.korhanyilmaz.com\/?p=55080"},"modified":"2012-09-05T21:37:18","modified_gmt":"2012-09-05T18:37:18","slug":"kilicdaroglu-kosa-kosa-osloya-gidersiniz","status":"publish","type":"post","link":"http:\/\/www.korhanyilmaz.com\/?p=55080","title":{"rendered":"K\u0131l\u0131\u00e7daro\u011flu: Ko\u015fa ko\u015fa Oslo&#8217;ya gidersiniz"},"content":{"rendered":"<p style=\"text-align: justify;\"><a href=\"http:\/\/www.korhanyilmaz.com\/wp-content\/uploads\/2012\/09\/H661.jpg\"  class=\"lightview\"><img loading=\"lazy\" decoding=\"async\" class=\"aligncenter size-full wp-image-55081\" title=\"\" src=\"http:\/\/www.korhanyilmaz.com\/wp-content\/uploads\/2012\/09\/H661.jpg\" alt=\"\" width=\"300\" height=\"225\" \/><\/a><\/p>\n<p style=\"text-align: justify;\">Ter\u00f6r konusunda h\u00fck\u00fcmeti sert s\u00f6zlerle ele\u015ftiren CHP Genel Ba\u015fkan\u0131 Kemal K\u0131l\u0131\u00e7daro\u011flu, &#8220;Ter\u00f6r olay\u0131 uluslararas\u0131 sorun haline gelirse sorun daha da b\u00fcy\u00fcr dedik. Meclise gittik gelmediler. Sorunu \u00e7\u00f6zmek i\u00e7in meclise gelmezsiniz, ama ko\u015fa ko\u015fa Oslo&#8217;ya gidersiniz&#8221; dedi.<\/p>\n<p style=\"text-align: justify;\">Ankara- CHP Genel Ba\u015fkan\u0131 Kemal K\u0131l\u0131\u00e7daro\u011flu, Parti Okulu&#8217;nda d\u00fczenlenen CHP \u0130l Kad\u0131n Kollar\u0131 Ba\u015fkanlar\u0131 Toplant\u0131s\u0131&#8217;na kat\u0131ld\u0131.<!--more--><\/p>\n<p style=\"text-align: justify;\">Kad\u0131nlar\u0131n s\u00f6yleyecek \u00e7ok \u015feyi oldu\u011funu belirten K\u0131l\u0131\u00e7daro\u011flu, &#8221;T\u00fcrkiye&#8217;yi de\u011fi\u015ftirmek ve d\u00f6n\u00fc\u015ft\u00fcrmek, Mustafa Kemal Atat\u00fcrk&#8217;\u00fcn hedef g\u00f6sterdi\u011fi \u00e7a\u011fda\u015f T\u00fcrkiye konusunda kad\u0131nlar\u0131n b\u00fcy\u00fck \u00e7aba ve azim g\u00f6stermeleri gerekiyor. T\u00fcrkiye&#8217;nin buna ihtiyac\u0131 var&#8221; dedi.<\/p>\n<p style=\"text-align: justify;\">Ter\u00f6r sorununa de\u011finen K\u0131l\u0131\u00e7daro\u011flu, &#8221;Analar a\u011flamas\u0131n diye yola \u00e7\u0131kt\u0131k. Siyasilerin s\u00f6z\u00fcd\u00fcr bu. Geldi\u011fimiz noktaya bak\u0131n b\u00fct\u00fcn analar a\u011fl\u0131yor. Hani a\u011flamayacakt\u0131. Bizim \u00e7ok g\u00fczel bir laf\u0131m\u0131z vard\u0131r, ac\u0131dan s\u00f6z ederken insan\u0131m\u0131z \u015funu s\u00f6yler; &#8216;Allah kimseye evlat ac\u0131s\u0131 vermesin&#8217; derler. O ac\u0131y\u0131 on binlerce anne ya\u015fad\u0131&#8221; ifadelerini kulland\u0131.<\/p>\n<p style=\"text-align: justify;\">Kendisinin bir ilk ger\u00e7ekle\u015ftirdi\u011fini, ter\u00f6r\u00fc sona erdirmek, yeni bir yol haritas\u0131 belirlemek ve siyasilerin bir araya gelip konu\u015fmas\u0131na ortam sa\u011flamak i\u00e7in iktidar partisine gitti\u011fini ifade eden K\u0131l\u0131\u00e7daro\u011flu, CHP olarak kendilerine \u00f6nemli g\u00f6revler d\u00fc\u015ft\u00fc\u011f\u00fcn\u00fc kaydetti.<\/p>\n<p style=\"text-align: justify;\"><strong>&#8221;Bizim sayfam\u0131z hep beyazd\u0131r&#8221;\u00a0<\/strong><\/p>\n<p style=\"text-align: justify;\">Kendilerinin di\u011fer siyasi partilere benzemedi\u011fini savunan K\u0131l\u0131\u00e7daro\u011flu, &#8221;Bizim sayfam\u0131z hep beyazd\u0131r, \u00fczerinde en ufak bir siyah nokta kendini g\u00f6sterir. O nedenle bizim sorumlulu\u011fumuz fazlad\u0131r&#8221; dedi.<\/p>\n<p style=\"text-align: justify;\">\u00dclkenin i\u00e7inde bulundu\u011fu durumun i\u00e7 a\u00e7\u0131c\u0131 olmad\u0131\u011f\u0131n\u0131 belirtenK\u0131l\u0131\u00e7daro\u011flu, herkesin kafas\u0131nda bir kayg\u0131 oldu\u011funu s\u00f6yledi.<\/p>\n<p style=\"text-align: justify;\">K\u0131l\u0131\u00e7daro\u011flu, s\u00f6zlerini \u015f\u00f6yle s\u00fcrd\u00fcrd\u00fc:<\/p>\n<p style=\"text-align: justify;\">&#8221;Bu hale nas\u0131l geldik. Neden T\u00fcrkiye bir kaos ortam\u0131na s\u00fcr\u00fcklendi. Nedeni belli iyi, sa\u011fl\u0131kl\u0131, tutarl\u0131 ve kararl\u0131 bir y\u00f6netim yok. Ak\u0131ll\u0131, d\u00fc\u015f\u00fcnen bir y\u00f6netim yok. Sorunlara \u00e7\u00f6z\u00fcm \u00fcretmeye kilitlenen de\u011fil r\u00fczgara kap\u0131lan giden, olaylara teslim olan bir y\u00f6netim var. Bu y\u00f6netimi 21. y\u00fczy\u0131l\u0131n T\u00fcrkiyesi hak etmiyor. &#8216;B\u00f6lgemizde lideriz&#8217; diye afrayla tafrayla gezdik, geldi\u011fimiz hale bak\u0131n. BM&#8217;de D\u0131\u015fi\u015fleri Bakan\u0131&#8217;n\u0131n d\u00fc\u015ft\u00fc\u011f\u00fc duruma bak\u0131n. D\u0131\u015fi\u015fleri Bakan\u0131 a\u011flama duvar\u0131na d\u00f6n\u00fc\u015ft\u00fcrd\u00fc BM&#8217;yi. Koskoca T\u00fcrkiye Cumhuriyeti D\u0131\u015fi\u015fleri Bakan\u0131 gidip dert mi yanacak orada bunu i\u00e7ime sindiremiyorum. AKP&#8217;ye oy veren yurtta\u015f\u0131m\u0131n da halk\u0131m\u0131n da i\u00e7ine sindirdi\u011fini sanm\u0131yorum.&#8221;<\/p>\n<p style=\"text-align: justify;\"><strong>Suriye konusu\u00a0<\/strong><\/p>\n<p style=\"text-align: justify;\">H\u00fck\u00fcmetin Suriye politikas\u0131na da de\u011finen K\u0131l\u0131\u00e7daro\u011flu, Suriye politikas\u0131n\u0131n yanl\u0131\u015f oldu\u011funu s\u00f6ylediklerinde, en b\u00fcy\u00fck ele\u015ftiriyi kendilerinin ald\u0131\u011f\u0131n\u0131 belirtti.<\/p>\n<p style=\"text-align: justify;\">Suriye&#8217;den gelen 80 bin ki\u015finin kamplarda ya\u015fad\u0131\u011f\u0131n\u0131 ve kamplar\u0131n bu ki\u015filer gelmeden yap\u0131ld\u0131\u011f\u0131n\u0131 belirten K\u0131l\u0131\u00e7daro\u011flu, &#8221;Gelece\u011fini biliyorlard\u0131. Yar\u0131n k\u0131\u015f gelecek ne olacak o insanlar? Onlar\u0131n faturas\u0131 da T\u00fcrkiye Cumhuriyeti h\u00fck\u00fcmetine kesilecek. Van Depremi&#8217;nde \u00e7ok daha az insan\u0131m\u0131z\u0131n ya\u015fad\u0131\u011f\u0131 dram\u0131 unutmad\u0131k. Kendilerine yanl\u0131\u015ftan d\u00f6n\u00fcn dedik, proje haz\u0131rlad\u0131k mektup g\u00f6nderdik, yeni bir yol haritas\u0131 \u00e7izin dedik. Ama bizi ahlaks\u0131zl\u0131kla su\u00e7lad\u0131lar&#8221; diye konu\u015ftu.<\/p>\n<p style=\"text-align: justify;\">H\u00fck\u00fcmetin ter\u00f6r konusunda da yanl\u0131\u015f yolda oldu\u011funu s\u00f6ylediklerini, bu konuda TBMM&#8217;yi de toplant\u0131ya \u00e7a\u011f\u0131rd\u0131klar\u0131n\u0131 an\u0131msatan K\u0131l\u0131\u00e7daro\u011flu, &#8221;Toplanal\u0131m ortak akl\u0131 egemen k\u0131lal\u0131m dedik. Meclis&#8217;e gittik onlar gelmedi. O Meclis&#8217;in varl\u0131k nedeni halk\u0131n sorunlar\u0131n\u0131 \u00e7\u00f6zmektir. Meclis&#8217;e gittik onlar gelemediler, ka\u00e7t\u0131lar. Demokrasinin Kabesidir oras\u0131. \u015eimdi sormaz m\u0131y\u0131z biz, &#8216;TBMM&#8217;ye sorunu \u00e7\u00f6zmek i\u00e7in gelmezsin ko\u015fa ko\u015fa Oslo&#8217;ya gidersin. Sormayacak m\u0131y\u0131z biz bunu&#8221; ifadelerini kulland\u0131.<\/p>\n<p style=\"text-align: justify;\">AKP&#8217;nin kendini muhafazakar parti olarak tan\u0131tt\u0131\u011f\u0131n\u0131 belirten K\u0131l\u0131\u00e7daro\u011flu, muhafazakar bir partinin iktidar oldu\u011fu son 10 y\u0131lda bo\u015fanmalar\u0131n ola\u011fan\u00fcst\u00fc boyuta ula\u015ft\u0131\u011f\u0131n\u0131, aile yap\u0131s\u0131n\u0131n b\u00fcy\u00fck yara ald\u0131\u011f\u0131n\u0131 s\u00f6yledi.<\/p>\n<p style=\"text-align: justify;\">&#8221;Bizim kad\u0131n\u0131m\u0131z\u0131n son 10 y\u0131lda \u00e7ekti\u011fi ac\u0131y\u0131, tarihimizde hi\u00e7bir kad\u0131n \u00e7ekmemi\u015ftir&#8221; diyen K\u0131l\u0131\u00e7daro\u011flu, kad\u0131n\u0131n sorunlar\u0131 ile ilgili bir \u00e7al\u0131\u015fma yapt\u0131klar\u0131n\u0131 bildirdi.<\/p>\n<p style=\"text-align: justify;\"><strong>\u00d6SYM&#8217;ye ele\u015ftiri\u00a0<\/strong><\/p>\n<p style=\"text-align: justify;\">T\u00fcrkiye&#8217;de \u00e7ok kurum bulundu\u011funu an\u0131msatan K\u0131l\u0131\u00e7daro\u011flu, &#8221;Bunlardan baz\u0131lar\u0131nda hi\u00e7 \u015faibe olabilece\u011fini d\u00fc\u015f\u00fcnmezdik. G\u00fcven veren kurumlard\u0131. Bunlardan biri \u00d6SYM&#8217;dir, s\u0131navlar\u0131 hep oralar yapard\u0131. S\u0131nav sonu\u00e7lar\u0131na kimse itiraz etmezdi, g\u00fcvenlikliydi. Ne yapt\u0131lar, g\u00fcveni de\u011fil adam\u0131 se\u00e7tiler. &#8216;Benim adam\u0131m onun ba\u015f\u0131nda olsun&#8230;&#8217; Karde\u015fim senin adam\u0131n onun ba\u015f\u0131nda olsun da bari nitelikleri tutsun, bari ahlaki de\u011ferleri olsun. Ka\u00e7 tane skandal ya\u015fad\u0131k&#8221; dedi.<\/p>\n<p style=\"text-align: justify;\">Bir gazetecinin her g\u00fcn k\u00f6\u015fesinden 3 soru y\u00f6neltti\u011fini ancak bu sorulara h\u00fck\u00fcmetten cevap alamad\u0131\u011f\u0131n\u0131 ifade eden K\u0131l\u0131\u00e7daro\u011flu, &#8221;iktidar\u0131n \u00fc\u00e7 sorunun alt\u0131nda ezildi\u011fini&#8221; s\u00f6yledi.<\/p>\n<p style=\"text-align: justify;\">T\u0131pta uzmanl\u0131k s\u0131nav\u0131ndan aylar sonra yanl\u0131\u015fl\u0131k yap\u0131ld\u0131\u011f\u0131n\u0131n s\u00f6ylendi\u011fini belirten K\u0131l\u0131\u00e7daro\u011flu, &#8221;Bunun sorumlulu\u011funu kim \u00fcstlenecek. O hatalar\u0131n arkas\u0131nda bir siyasal iktidar durursa b\u00fct\u00fcn o hatalar\u0131n orta\u011f\u0131 demektir. \u0130nsan\u0131n biraz y\u00fcz\u00fc k\u0131zar\u0131r, ben anlat\u0131rken utan\u0131yorum. Ben &#8216;ar damar\u0131 \u00e7atlam\u0131\u015f adam&#8217; demi\u015ftim. Samimi s\u00f6yl\u00fcyorum, ar damar\u0131 \u00e7atlamasa zaten o koltu\u011fu b\u0131rak\u0131r gider&#8221; ifadelerini kulland\u0131.<\/p>\n<p style=\"text-align: justify;\">Yarg\u0131\u00e7l\u0131k s\u0131nav\u0131 yap\u0131ld\u0131\u011f\u0131n\u0131 an\u0131msatan K\u0131l\u0131\u00e7daro\u011flu, burada da s\u0131nav sorular\u0131n\u0131n sat\u0131ld\u0131\u011f\u0131n\u0131n ortaya \u00e7\u0131kt\u0131\u011f\u0131n\u0131 \u00f6ne s\u00fcrd\u00fc. S\u0131nav sorular\u0131n\u0131n belli ki\u015filere verildi\u011finin a\u00e7\u0131k oldu\u011funu s\u00f6yleyen K\u0131l\u0131\u00e7daro\u011flu, &#8221;Bunlar yarg\u0131\u00e7 olacak, adalet da\u011f\u0131tacak. Bu insanlardan yarg\u0131\u00e7 olur mu&#8221; diye konu\u015ftu.<\/p>\n<p style=\"text-align: justify;\">Siyaset kurumlar\u0131n\u0131n ve y\u00f6neticilerin ge\u00e7ici, mevcut kurumlar\u0131n ise kal\u0131c\u0131 oldu\u011funu s\u00f6yledi.<\/p>\n<p style=\"text-align: justify;\"><strong>Yeni e\u011fitim sistemi\u00a0<\/strong><\/p>\n<p style=\"text-align: justify;\">Yeni e\u011fitim sistemini de ele\u015ftiren K\u0131l\u0131\u00e7daro\u011flu, 5 ya\u015f\u0131ndaki \u00e7ocuklar\u0131n okula al\u0131nmas\u0131n\u0131n yanl\u0131\u015f oldu\u011funu s\u00f6yledi.<\/p>\n<p style=\"text-align: justify;\">Bu ya\u015ftaki \u00e7ocuklar\u0131n kalem tutmak i\u00e7in parmak kaslar\u0131n\u0131n dahi geli\u015fmedi\u011fini belirten K\u0131l\u0131\u00e7daro\u011flu, bu konuda Ba\u015fbakan&#8217;dan bir pedagoga dan\u0131\u015fmas\u0131 tavsiyesinde bulundu\u011funu an\u0131msatt\u0131.<\/p>\n<p style=\"text-align: justify;\">K\u0131l\u0131\u00e7daro\u011flu, &#8221;\u00c7a\u011f\u0131r sor bakal\u0131m 5 ya\u015f\u0131ndaki \u00e7ocuk ilkokula ba\u015flar m\u0131 ba\u015flamaz m\u0131? Bir sor bakal\u0131m. &#8216;Sormam&#8217;, e\u011fitim fak\u00fcltelerine sor, &#8216;sormam&#8217;, Y\u00d6K sana ba\u011fl\u0131, onlara sor &#8216;sormam ben bildi\u011fimi okurum, \u00e7\u00fcnk\u00fc ben do\u011fru biliyorum&#8217; der. Bir insan her \u015feyi ben biliyorum derse, o insan\u0131n hi\u00e7bir \u015fey bilmedi\u011fini kabul ederiz. Kural budur&#8221; dedi.<\/p>\n<p style=\"text-align: justify;\">K\u0131l\u0131\u00e7daro\u011flu, konuyla ilgili bro\u015f\u00fcrler haz\u0131rlad\u0131klar\u0131n\u0131 ifade ederek, kad\u0131nlardan bu bro\u015f\u00fcrleri her eve ula\u015ft\u0131rmalar\u0131n\u0131 istedi.<\/p>\n<p style=\"text-align: justify;\">S\u00f6z konusu yasan\u0131n hi\u00e7bir yerde tart\u0131\u015f\u0131lmad\u0131\u011f\u0131n\u0131 belirten K\u0131l\u0131\u00e7daro\u011flu, &#8221;\u00d6nceleri anneler \u00e7ocuklar\u0131n\u0131 g\u00fclerek okula g\u00f6t\u00fcr\u00fcrd\u00fc, \u015fimdi kayg\u0131l\u0131. Rapor almak istiyor, bir Ba\u015fbakan taraf\u0131ndan a\u011fza al\u0131nmayacak derecede a\u011f\u0131r bir su\u00e7lamayla kar\u015f\u0131 kar\u015f\u0131ya kal\u0131yor. &#8216;Sizin \u00e7ocu\u011funuz geri zekal\u0131 m\u0131&#8217; diye. Bunu s\u00f6yleyen insan\u0131n zekas\u0131n\u0131 \u00f6l\u00e7memiz laz\u0131m&#8221; ifadelerini kulland\u0131.<\/p>\n<p style=\"text-align: justify;\">K\u0131l\u0131\u00e7daro\u011flu, h\u00fck\u00fcmetin sorun \u00e7\u00f6zmekten uzak oldu\u011funu, sorun \u00fcreten bir h\u00fck\u00fcmet haline geldi\u011fini de s\u00f6yledi.<\/p>\n<p style=\"text-align: justify;\">CHP Kad\u0131n Kollar\u0131 Genel Ba\u015fkan\u0131 Hilal Dokuzcan da kad\u0131nlar olarak gitmedik yer b\u0131rakmayacaklar\u0131n\u0131, partilerini iktidara ta\u015f\u0131yacaklar\u0131n\u0131 s\u00f6yledi.<\/p>\n<p style=\"text-align: justify;\">Dokuzcan, t\u00fcm illerdeki kad\u0131n kollar\u0131 ba\u015fkanlar\u0131n\u0131n kat\u0131ld\u0131\u011f\u0131 toplant\u0131lar\u0131n iki g\u00fcn s\u00fcrece\u011fini kaydetti.<\/p>\n<p style=\"text-align: justify;\">Bu arada toplant\u0131 \u00f6ncesi Dokuzcan ve il kad\u0131n kollar\u0131 ba\u015fkanlar\u0131 An\u0131tkabir&#8217;i ziyaret etti.<\/p>\n<p style=\"text-align: justify;\"><strong>&#8221;Benim g\u00f6r\u00fc\u015fmem televizyonlar\u0131n \u00f6n\u00fcnde oldu&#8221;\u00a0<\/strong><\/p>\n<p style=\"text-align: justify;\">\u00d6te yandan K\u0131l\u0131\u00e7daro\u011flu, toplant\u0131 sonras\u0131 Parti Okulu&#8217;ndan ayr\u0131l\u0131rken, bir gazetecinin ka\u00e7\u0131r\u0131lan AKP Hakkari \u0130l Ba\u015fkan\u0131 Abdulmecit Tarhan&#8217;\u0131n karde\u015finin &#8221;Ben CHP&#8217;yi aramad\u0131m, onlar beni arad\u0131&#8221; dedi\u011fini belirtmesi \u00fczerine &#8221;Benim g\u00f6r\u00fc\u015fmem televizyonlar\u0131n \u00f6n\u00fcnde oldu&#8221; yan\u0131t\u0131 verdi.<\/p>\n<p style=\"text-align: justify;\"><a href=\"http:\/\/www.cumhuriyet.com.tr\/?hn=363692\" target=\"_blank\">Kaynak : Cumhuriyet Haber Portal\u0131<\/a><\/p>\n","protected":false},"excerpt":{"rendered":"<p style=\"text-align: justify;\">\n<p style=\"text-align: justify;\">Ter\u00f6r konusunda h\u00fck\u00fcmeti sert s\u00f6zlerle ele\u015ftiren CHP Genel Ba\u015fkan\u0131 Kemal K\u0131l\u0131\u00e7daro\u011flu, &#8220;Ter\u00f6r olay\u0131 uluslararas\u0131 sorun haline gelirse sorun daha da b\u00fcy\u00fcr dedik. Meclise gittik gelmediler. Sorunu \u00e7\u00f6zmek i\u00e7in meclise gelmezsiniz, ama ko\u015fa ko\u015fa Oslo&#8217;ya gidersiniz&#8221; dedi.<\/p>\n<p style=\"text-align: justify;\">Ankara- CHP Genel Ba\u015fkan\u0131 Kemal K\u0131l\u0131\u00e7daro\u011flu, Parti Okulu&#8217;nda d\u00fczenlenen CHP \u0130l Kad\u0131n <\/p>\n","protected":false},"author":1,"featured_media":0,"comment_status":"open","ping_status":"open","sticky":false,"template":"","format":"standard","meta":{"footnotes":""},"categories":[105],"tags":[],"class_list":["post-55080","post","type-post","status-publish","format-standard","hentry","category-gundem","odd"],"_links":{"self":[{"href":"http:\/\/www.korhanyilmaz.com\/index.php?rest_route=\/wp\/v2\/posts\/55080","targetHints":{"allow":["GET"]}}],"collection":[{"href":"http:\/\/www.korhanyilmaz.com\/index.php?rest_route=\/wp\/v2\/posts"}],"about":[{"href":"http:\/\/www.korhanyilmaz.com\/index.php?rest_route=\/wp\/v2\/types\/post"}],"author":[{"embeddable":true,"href":"http:\/\/www.korhanyilmaz.com\/index.php?rest_route=\/wp\/v2\/users\/1"}],"replies":[{"embeddable":true,"href":"http:\/\/www.korhanyilmaz.com\/index.php?rest_route=%2Fwp%2Fv2%2Fcomments&post=55080"}],"version-history":[{"count":0,"href":"http:\/\/www.korhanyilmaz.com\/index.php?rest_route=\/wp\/v2\/posts\/55080\/revisions"}],"wp:attachment":[{"href":"http:\/\/www.korhanyilmaz.com\/index.php?rest_route=%2Fwp%2Fv2%2Fmedia&parent=55080"}],"wp:term":[{"taxonomy":"category","embeddable":true,"href":"http:\/\/www.korhanyilmaz.com\/index.php?rest_route=%2Fwp%2Fv2%2Fcategories&post=55080"},{"taxonomy":"post_tag","embeddable":true,"href":"http:\/\/www.korhanyilmaz.com\/index.php?rest_route=%2Fwp%2Fv2%2Ftags&post=55080"}],"curies":[{"name":"wp","href":"https:\/\/api.w.org\/{rel}","templated":true}]}}