{"id":55074,"date":"2012-09-05T09:03:10","date_gmt":"2012-09-05T06:03:10","guid":{"rendered":"http:\/\/www.korhanyilmaz.com\/?p=55074"},"modified":"2012-09-05T21:05:27","modified_gmt":"2012-09-05T18:05:27","slug":"bdp-dokunulursa-masadan-kalkacak","status":"publish","type":"post","link":"http:\/\/www.korhanyilmaz.com\/?p=55074","title":{"rendered":"BDP &#8216;dokunulursa&#8217; masadan kalkacak"},"content":{"rendered":"<p style=\"text-align: center;\"><a href=\"http:\/\/www.korhanyilmaz.com\/wp-content\/uploads\/2012\/09\/H659.jpg\"  class=\"lightview\"><img loading=\"lazy\" decoding=\"async\" class=\"aligncenter  wp-image-55075\" src=\"http:\/\/www.korhanyilmaz.com\/wp-content\/uploads\/2012\/09\/H659.jpg\" alt=\"\" width=\"365\" height=\"242\" \/><\/a><\/p>\n<p style=\"text-align: justify;\">BDP, dokunulmazl\u0131klar\u0131n\u0131n kald\u0131r\u0131lmas\u0131 durumunda yeni anayasa \u00e7al\u0131\u015fmalar\u0131n\u0131 y\u00fcr\u00fcten uzla\u015fma komisyonunu b\u0131rakacak.<\/p>\n<p style=\"text-align: justify;\">\u015eemdinli\u2019de PKK \u2019l\u0131larla kar\u015f\u0131la\u015fma g\u00f6r\u00fcnt\u00fcleri \u00fczerine dokuz BDP \u2019li vekilin dokunulmazl\u0131\u011f\u0131n\u0131n kald\u0131r\u0131lmas\u0131 tart\u0131\u015fmas\u0131, 1 Ekim\u2019de ba\u015flayacak yeni yasama y\u0131l\u0131nda siyasetin g\u00fcndemini de belirleyecek. BDPmilletvekillerinin \u2018dokunulmazl\u0131\u011f\u0131n\u0131n kald\u0131r\u0131lmas\u2019\u0131 durumunda yeni anayasa \u00e7al\u0131\u015fmalar\u0131 i\u00e7in kurulan Anayasa Uzla\u015fma Komisyonu masas\u0131ndan kalkacak.<!--more--><\/p>\n<p style=\"text-align: justify;\">Yaz boyunca PKK ter\u00f6r\u00fcn\u00fcn t\u0131rmanmas\u0131 ve h\u00fck\u00fcmetin g\u00fcvenlik \u00f6nlemlerini artt\u0131rmas\u0131 K\u00fcrt sorununu \u00e7\u00f6z\u00fcms\u00fczl\u00fc\u011fe itti. BDP \u2019lilerin Hakk\u00e2ri yak\u0131nlar\u0131nda PKK \u2019l\u0131 bir grupla \u2018kucakla\u015fma\u2019 g\u00f6r\u00fcnt\u00fcleriyse siyasette \u2018dokunulmazl\u0131k\u2019 tart\u0131\u015fmas\u0131n\u0131 ba\u015flatt\u0131. MHP , ge\u00e7en haftalarda \u2018yasama dokunulmazl\u0131\u011f\u0131\u2019na s\u0131n\u0131rlama \u00f6nerisi getirdi. MHP \u2019nin Anayasan\u0131n 83. maddesinin 2 ve 3. f\u0131kralar\u0131n\u0131n \u201cSu\u00e7 i\u015fledi\u011fi ileri s\u00fcr\u00fclen bir milletvekili, Meclis\u2019in karar\u0131 olmad\u0131k\u00e7a hakk\u0131nda g\u00f6zalt\u0131na al\u0131nma ve arama karar\u0131 verilemez, tutuklanamaz. A\u011f\u0131r cezay\u0131 gerektiren su\u00e7 \u00fcst\u00fc ve ter\u00f6r eylemlerine kat\u0131lma ve ter\u00f6r\u00fc destekleme halleri ile anayasan\u0131n 14. maddesindeki durumlar bu h\u00fckm\u00fcn d\u0131\u015f\u0131ndad\u0131r\u201d \u015feklinde oldu.<\/p>\n<p style=\"text-align: justify;\"><strong>AKP , dokunmaya s\u0131cak<\/strong><\/p>\n<p style=\"text-align: justify;\">MHP \u2019nin anaysada de\u011fi\u015fiklik talebine AKP , hem \u2018ter\u00f6r\u2019 tan\u0131m\u0131n\u0131n net olmamas\u0131 hem de tutuklu milletvekillerine tahliye yolunu a\u00e7abilece\u011fi\u2019 endi\u015fesiyle s\u0131cak bakmad\u0131. Dokunulmazl\u0131klarla ilgili anayasa de\u011fi\u015fikli\u011finin Anayasa Uzla\u015fma Komisyonu\u2019nca ele al\u0131nmas\u0131n\u0131n daha do\u011fru olaca\u011f\u0131n\u0131 d\u00fc\u015f\u00fcnen AKP , hakk\u0131nda \u2018ter\u00f6re yard\u0131m\u2019 konusunda fezleke bulunan milletvekillerinin dokunulmazl\u0131klar\u0131n\u0131n kald\u0131r\u0131lmas\u0131n\u0131 g\u00fcndemine ald\u0131. Ba\u015fbakan Erdo\u011fan da, 9 milletvekilinin dokunulmazl\u0131\u011f\u0131n\u0131n kald\u0131r\u0131lmas\u0131na ye\u015fil \u0131\u015f\u0131k yakt\u0131. \u0130ktidar partisinin i\u00e7t\u00fcz\u00fck h\u00fck\u00fcmlerini i\u015fleterek \u2018ter\u00f6r konulu\u2019 dokunulmazl\u0131k dosyalar\u0131n\u0131 Genel Kurul g\u00fcndemine getirece\u011fi ifade edildi. MHP de buna tam destek verdi. \u00d6neriye \u2018temkinli\u2019 yakla\u015fan CHP ise dokunulmazl\u0131klar\u0131n \u2018k\u00fcrs\u00fc\u2019 ile s\u0131n\u0131rland\u0131r\u0131lmas\u0131 g\u00f6r\u00fc\u015f\u00fcn\u00fc dile getirdi.<\/p>\n<p style=\"text-align: justify;\"><strong>Samimiyet sorgusu<\/strong><\/p>\n<p style=\"text-align: justify;\">BDP \u2019lilerin kendi i\u00e7lerinde yapt\u0131\u011f\u0131 de\u011ferlendirmede; Anayasa Uzla\u015fma Komisyonu\u2019nda AKP , MHP ve CHP \u2019li \u00fcyelerin son g\u00fcnlerde kendilerine kar\u015f\u0131 birle\u015fti\u011fini ve BDP \u2019yi yaln\u0131zla\u015ft\u0131rmaya \u00e7al\u0131\u015ft\u0131\u011f\u0131n\u0131 belirterek, dokunulmazl\u0131klar\u0131n kald\u0131r\u0131lmas\u0131 durumunda, yeni anayasa \u00e7al\u0131\u015fmas\u0131n\u0131n samimiyetinin de tart\u0131\u015fmal\u0131 hale gelece\u011fini ve bu \u00e7al\u0131\u015fmay\u0131 s\u00fcrd\u00fcrmenin anlams\u0131z olaca\u011f\u0131n\u0131 vurgulad\u0131klar\u0131 \u00f6\u011frenildi. BDP E\u015fba\u015fkan\u0131 G\u00fcltan K\u0131\u015fanak ve BDP \u2019li milletvekillerinin dokunulmazl\u0131\u011f\u0131n\u0131n kald\u0131r\u0131lmas\u0131na y\u00f6nelik giri\u015fimler \u00fczerine Uzla\u015fma Komisyonu\u2019nun BDP \u2019li \u00fcyeleri ve parti y\u00f6neticileri konuyu de\u011ferlendirdi. BDP \u2019de dokunulmazl\u0131klar\u0131n kald\u0131r\u0131lmas\u0131 durumunda komisyon masas\u0131ndan \u00e7ekilme e\u011filimi a\u011f\u0131rl\u0131k kazand\u0131.<\/p>\n<p style=\"text-align: justify;\"><strong>Kamu hizmetinde t\u00fcrbana vize \u00e7\u0131kmad\u0131<\/strong><\/p>\n<p style=\"text-align: justify;\">TBMM Anayasa Uzla\u015fma Komisyonu provokat\u00f6r kavgas\u0131na sahne oldu. Yaz\u0131m Alt Komisyonu\u2019nda siyasi partilerin kapat\u0131lmas\u0131yla ilgili madde yeniden ele al\u0131n\u0131rken, partilerin kapat\u0131lmas\u0131nda siyasetin de s\u00f6z sahibi olmas\u0131n\u0131 savunan BDP \u2019li S\u0131rr\u0131 S\u00fcreyya \u00d6nder , \u2018g\u00f6r\u00fc\u015f\u00fcn\u00fc \u00e7arp\u0131tt\u0131\u011f\u0131n\u0131\u2019 s\u00f6yledi\u011fi CHP \u2019li S\u00fcheyl Batum\u2019u provokat\u00f6rl\u00fckle su\u00e7layarak \u00fczerine y\u00fcr\u00fcd\u00fc. Toplant\u0131ya \u2018kamu hizmetine girme hakk\u0131\u2019 maddesi g\u00f6r\u00fc\u015f\u00fcl\u00fcrken, kamu hizmetinde t\u00fcrbana ye\u015fil \u0131\u015f\u0131k yak\u0131lmad\u0131. BDP \u2019nin \u015fu \u00f6nerisi ise yeni anayasa maddesine eklendi: \u201cG\u00f6revin getirdi\u011fi nitelikler sakl\u0131 kalmak kayd\u0131yla cinsiyetler aras\u0131 e\u015fitlik ilkesi g\u00f6zetilir.\u201d<\/p>\n<p style=\"text-align: justify;\"><strong>S\u00fcre\u00e7 nas\u0131l i\u015fleyecek?<\/strong><\/p>\n<p style=\"text-align: justify;\">Dokunulmazl\u0131k dosyalar\u0131yla ilgili Anayasa ve Adalet komisyonu \u00fcyelerinden olu\u015fan Karma Komisyon\u2019da, 5 \u00fcyeli bir haz\u0131rl\u0131k komisyonu olu\u015fturuluyor. Bu komisyon k\u00e2\u011f\u0131tlar\u0131 inceleyip gerekirse o milletvekilini dinliyor. En ge\u00e7 bir ay i\u00e7inde raporunu haz\u0131rl\u0131yor. Bu rapor da Karma Komisyon\u2019da bir ayda sonu\u00e7land\u0131r\u0131l\u0131yor. Haz\u0131rlanan rapor, kovu\u015fturman\u0131n ertelenmesi \u015feklinde ise Genel Kurul\u2019da okunuyor. On g\u00fcn zarf\u0131nda bu rapora yaz\u0131l\u0131 olarak itiraz edilmezse kesinle\u015fiyor. Rapor, dokunulmazl\u0131\u011f\u0131n kald\u0131r\u0131lmas\u0131 \u015feklinde ise veya itiraz edilmi\u015fse Genel Kurul\u2019da g\u00f6r\u00fc\u015f\u00fcl\u00fcyor. Genel Kurul\u2019da dokunulmazl\u0131\u011f\u0131 kald\u0131r\u0131lan milletvekilinin yarg\u0131lanmas\u0131na devam ediliyor.<\/p>\n<p style=\"text-align: justify;\"><strong>Hangi parti ne istiyor?<\/strong><\/p>\n<p style=\"text-align: justify;\">MHP : Dokunulmazl\u0131\u011f\u0131 \u2018su\u00e7 \u00fcst\u00fc\u2019 halleri d\u0131\u015f\u0131nda \u2018 ter\u00f6r eylemlerine kat\u0131lma ve ter\u00f6r\u00fc destekleme halleri\u2019yle s\u0131n\u0131rland\u0131r\u0131lmas\u0131n\u0131 istiyor.<\/p>\n<p style=\"text-align: justify;\">AKP : Hakk\u0131nda \u2018ter\u00f6re yard\u0131m\u2019dan fezleke bulunan milletvekillerinin dokunulmazl\u0131klar\u0131n\u0131n kald\u0131r\u0131lmas\u0131n\u0131 g\u00fcndemine ald\u0131. \u2018\u0130fade \u00f6zg\u00fcrl\u00fc\u011f\u00fc\u2019 kapsam\u0131nda de\u011ferlendirilebilecek dosyalarla ilgili dokunulmazl\u0131\u011f\u0131n kald\u0131r\u0131lmamas\u0131 gerekti\u011fi g\u00f6r\u00fc\u015f\u00fcnde.<\/p>\n<p style=\"text-align: justify;\">CHP : Dokunulmazl\u0131klar\u0131n \u2018k\u00fcrs\u00fc\u2019yle s\u0131n\u0131rland\u0131r\u0131lmas\u0131 gerekti\u011fini savunuyor.<\/p>\n<p style=\"text-align: justify;\">BDP : Meclis\u2019teki 735 dokunulmazl\u0131k dosyas\u0131ndan 581\u2019i BDP \u2019lilere ait. BDP , \u2018T\u00fcm dokunulmazl\u0131klar kalks\u0131n\u2019 diyor.<\/p>\n<p style=\"text-align: justify;\"><a href=\"http:\/\/www.radikal.com.tr\/Radikal.aspx?aType=RadikalDetayV3&amp;ArticleID=1099274&amp;CategoryID=78\" target=\"_blank\">Kaynak : Radikal.com.tr<\/a><\/p>\n","protected":false},"excerpt":{"rendered":"<p style=\"text-align: center;\">\n<p style=\"text-align: justify;\">BDP, dokunulmazl\u0131klar\u0131n\u0131n kald\u0131r\u0131lmas\u0131 durumunda yeni anayasa \u00e7al\u0131\u015fmalar\u0131n\u0131 y\u00fcr\u00fcten uzla\u015fma komisyonunu b\u0131rakacak.<\/p>\n<p style=\"text-align: justify;\">\u015eemdinli\u2019de PKK \u2019l\u0131larla kar\u015f\u0131la\u015fma g\u00f6r\u00fcnt\u00fcleri \u00fczerine dokuz BDP \u2019li vekilin dokunulmazl\u0131\u011f\u0131n\u0131n kald\u0131r\u0131lmas\u0131 tart\u0131\u015fmas\u0131, 1 Ekim\u2019de ba\u015flayacak yeni yasama y\u0131l\u0131nda siyasetin g\u00fcndemini de belirleyecek. BDPmilletvekillerinin \u2018dokunulmazl\u0131\u011f\u0131n\u0131n kald\u0131r\u0131lmas\u2019\u0131 durumunda yeni anayasa \u00e7al\u0131\u015fmalar\u0131 i\u00e7in kurulan Anayasa Uzla\u015fma Komisyonu masas\u0131ndan kalkacak.<\/p>\n","protected":false},"author":1,"featured_media":0,"comment_status":"open","ping_status":"open","sticky":false,"template":"","format":"standard","meta":{"footnotes":""},"categories":[105],"tags":[],"class_list":["post-55074","post","type-post","status-publish","format-standard","hentry","category-gundem","odd"],"_links":{"self":[{"href":"http:\/\/www.korhanyilmaz.com\/index.php?rest_route=\/wp\/v2\/posts\/55074","targetHints":{"allow":["GET"]}}],"collection":[{"href":"http:\/\/www.korhanyilmaz.com\/index.php?rest_route=\/wp\/v2\/posts"}],"about":[{"href":"http:\/\/www.korhanyilmaz.com\/index.php?rest_route=\/wp\/v2\/types\/post"}],"author":[{"embeddable":true,"href":"http:\/\/www.korhanyilmaz.com\/index.php?rest_route=\/wp\/v2\/users\/1"}],"replies":[{"embeddable":true,"href":"http:\/\/www.korhanyilmaz.com\/index.php?rest_route=%2Fwp%2Fv2%2Fcomments&post=55074"}],"version-history":[{"count":0,"href":"http:\/\/www.korhanyilmaz.com\/index.php?rest_route=\/wp\/v2\/posts\/55074\/revisions"}],"wp:attachment":[{"href":"http:\/\/www.korhanyilmaz.com\/index.php?rest_route=%2Fwp%2Fv2%2Fmedia&parent=55074"}],"wp:term":[{"taxonomy":"category","embeddable":true,"href":"http:\/\/www.korhanyilmaz.com\/index.php?rest_route=%2Fwp%2Fv2%2Fcategories&post=55074"},{"taxonomy":"post_tag","embeddable":true,"href":"http:\/\/www.korhanyilmaz.com\/index.php?rest_route=%2Fwp%2Fv2%2Ftags&post=55074"}],"curies":[{"name":"wp","href":"https:\/\/api.w.org\/{rel}","templated":true}]}}