{"id":55068,"date":"2012-09-05T12:16:44","date_gmt":"2012-09-05T09:16:44","guid":{"rendered":"http:\/\/www.korhanyilmaz.com\/?p=55068"},"modified":"2012-09-05T21:07:03","modified_gmt":"2012-09-05T18:07:03","slug":"erdogan-pkknin-elindeki-kan-bdplilerin-sirtina-bulasmistir","status":"publish","type":"post","link":"http:\/\/www.korhanyilmaz.com\/?p=55068","title":{"rendered":"Erdo\u011fan: PKK&#8217;n\u0131n elindeki kan BDP&#8217;lilerin s\u0131rt\u0131na bula\u015fm\u0131\u015ft\u0131r"},"content":{"rendered":"<p style=\"text-align: justify;\"><a href=\"http:\/\/www.korhanyilmaz.com\/wp-content\/uploads\/2012\/09\/H658.jpg\"  class=\"lightview\"><img loading=\"lazy\" decoding=\"async\" class=\"aligncenter size-full wp-image-55069\" title=\"\" src=\"http:\/\/www.korhanyilmaz.com\/wp-content\/uploads\/2012\/09\/H658.jpg\" alt=\"\" width=\"366\" height=\"243\" \/><\/a><\/p>\n<p style=\"text-align: justify;\">Ba\u015fbakan Erdo\u011fan, AK Parti Genel Merkezi&#8217;nde geni\u015fletilmi\u015f grup toplant\u0131s\u0131na kat\u0131ld\u0131. Burada milletvekillerine ve partililere hitap eden Erdo\u011fan, ter\u00f6r konusunda CHP ve BDP&#8217;yi a\u011f\u0131r dille ele\u015ftirdi. BDP&#8217;li vekiller hakk\u0131nda Parlamento&#8217;da gere\u011fini yapacaklar\u0131n\u0131 s\u00f6yledi.<\/p>\n<p style=\"text-align: justify;\">Beyt\u00fc\u015f\u015febap sald\u0131r\u0131s\u0131yla ilgili konu\u015fan Erdo\u011fan \u015funlar\u0131 s\u00f6yledi: &#8220;\u00d6fkeye kap\u0131larak ter\u00f6r \u00f6rg\u00fct\u00fcn\u00fc sevindirmeyece\u011fiz. Kar\u015f\u0131m\u0131zda namert\u00e7e arkadan vuran bir \u00f6rg\u00fct var. D\u00fc\u015fmanda bile haysiyet aran\u0131r ama ter\u00f6r \u00f6rg\u00fct\u00fc en k\u00fc\u00e7\u00fck bir haysiyet izi dahi ta\u015f\u0131m\u0131yor. Bu \u00f6rg\u00fct \u00fclke i\u00e7indeki hain \u015febekelerden destek al\u0131yor. Son y\u0131llarda ter\u00f6r \u00f6rg\u00fct\u00fc do\u011frudan AK Parti &#8216;yi hedef se\u00e7ti. \u00c7\u00fcnk\u00fc AK Parti \u00e7\u00f6z\u00fcyor.<!--more--><\/p>\n<p style=\"text-align: justify;\">Cizre&#8217;de parti kurulu\u015f \u00e7al\u0131\u015fmalar\u0131nda mitingimizi yapt\u0131k. O zaman bana s\u00f6yledikleri \u015fuydu: Ba\u015fkan\u0131m biz OHAL &#8216;i kald\u0131rman\u0131z\u0131 istiyoruz. Partimiz iktidara geldi, birinci ayda OHAL &#8216;i kald\u0131rd\u0131k. Bug\u00fcn b\u00f6l\u00fcc\u00fc ter\u00f6r \u00f6rg\u00fct\u00fc ve uzant\u0131s\u0131 siyasi parti e\u011fer konu\u015fuyorsa bizim OHAL &#8216;i kald\u0131rmam\u0131z sayesinde konu\u015fuyor. Ter\u00f6r \u00f6rg\u00fct\u00fcn\u00fcn korkusu alt\u0131nda siyasi uzant\u0131s\u0131 partiye oy veriliyorsa bu ger\u00e7ek demokrasinin gere\u011fi bir netice de\u011fildir. Bu korku toplumunun neticesi al\u0131nm\u0131\u015f oylard\u0131r. Anamuhalefet partisinin genel ba\u015fkan\u0131 ve yan\u0131ndakiler benim Hakkari \u0130l Ba\u015fkan\u0131&#8217;mla alakal\u0131 ailesini telefonla aram\u0131\u015flar. Aile de onlara &#8216;sizin yard\u0131m\u0131n\u0131za ihtiyac\u0131m\u0131z var&#8217; demi\u015f. Ben ailemle g\u00f6r\u00fc\u015ft\u00fc\u011f\u00fcmde &#8216;b\u00f6yle bir \u015fey yans\u0131d\u0131&#8217; diyor, &#8216; Hakkari &#8216;de BDP ile beraber miting yapan bir CHP &#8216;den yard\u0131m isteyecek kadar d\u00fc\u015ft\u00fck m\u00fc&#8217; diyor.<\/p>\n<p style=\"text-align: justify;\"><strong>NEYM\u0130\u015e KA\u00c7IRMI\u015eLAR, HEPS\u0130 H\u0130KAYE\u00a0<\/strong><\/p>\n<p style=\"text-align: justify;\">Tunceli vekili ka\u00e7\u0131r\u0131ld\u0131 dendi, nas\u0131l ka\u00e7\u0131r\u0131lmaysa. \u0130fadeler \u00e7ok g\u00fczel, iyi \u00e7ocuklar, bize iyi davrand\u0131lar. Neymi\u015f da\u011fa ka\u00e7\u0131rm\u0131\u015flar, hepsi hikaye. Bunu kimse yutmaz. CHP &#8216;liler bunun \u00fczerinden bir \u015feyler dev\u015firmeye \u00e7al\u0131\u015f\u0131yorlar. Daha yeni bir araya gelmi\u015fler, yar\u0131m saat maceral\u0131 yolculuk hakk\u0131nda bilgi vermi\u015fler. Siyasette d\u00fc\u015fman yoktur, rakip vard\u0131r. T\u00fcrkiye &#8216;de art\u0131k siyaseti siyaset d\u0131\u015f\u0131 kurumlar \u015fekillendiremez. Ter\u00f6re do\u011frudan veya dolayl\u0131 destekleyen medyaya sesleniyorum: Bizim y\u00fcre\u011fimiz yan\u0131yor. Medya i\u00e7inde baz\u0131 kalemler hi\u00e7 \u00e7ekinmeden birilerine ta\u015feronluk yap\u0131yor. Ne biz saf\u0131z, ne de bu millet saf. Bu millet bizim gayretimizi g\u00f6r\u00fcyor.<\/p>\n<p style=\"text-align: justify;\"><strong>K\u00dc\u00c7\u00dcK AT DA KARGALAR YES\u0130N\u00a0<\/strong><\/p>\n<p style=\"text-align: justify;\">CHP liderinin ortak \u00e7\u00f6z\u00fcm giri\u015fimi sanki yeni bir \u00e7\u00f6z\u00fcm yoluymu\u015f gibi sunuldu. \u0130\u00e7inde \u00f6neri diye bir \u015fey yoktu, tespitti. Ben bir teklif yap\u0131yorum dedim. \u00dc\u00e7 arkada\u015f\u0131n\u0131z\u0131 g\u00f6revlendirin, ben de talimat vereyim hemen \u00e7al\u0131\u015fmaya ba\u015flas\u0131nlar. Atmam\u0131z gereken ad\u0131m neyse atar\u0131z dedim. Yard\u0131mc\u0131lar\u0131ndan biri \u00e7ok acele olmaz dedi, iki-\u00fc\u00e7 ay ge\u00e7sin dedi. Bizde bir s\u00f6z var, k\u00fc\u00e7\u00fck at da kargalar yesin. B\u00f6yle at\u0131\u015f olmaz. H\u00e2l\u00e2 bu konuda bir ad\u0131m atm\u0131yorlar, bunu kullanmaya \u00e7al\u0131\u015f\u0131yorlar. Ayn\u0131 CHP , ate\u015fin \u00fczerine benzinle giden bir tutum sergiliyor. Ter\u00f6rden nemalanman\u0131n m\u00fccadelesini veriyor. CHP &#8216;nin vekili siyaset\u00e7i de, benim il ba\u015fkanlar\u0131m siyaset\u00e7i de\u011fil mi? Onlar\u0131 niye yaz\u0131p \u00e7izmiyorsunuz. AK Partili olduklar\u0131 i\u00e7in mi? Ortak payda farkl\u0131. AK Partili olana y\u00f6nelik sald\u0131r\u0131d\u0131r.<\/p>\n<p style=\"text-align: justify;\"><a href=\"http:\/\/www.korhanyilmaz.com\/wp-content\/uploads\/2012\/09\/H660.jpg\"  class=\"lightview\"><img loading=\"lazy\" decoding=\"async\" class=\"aligncenter size-full wp-image-55078\" title=\"\" src=\"http:\/\/www.korhanyilmaz.com\/wp-content\/uploads\/2012\/09\/H660.jpg\" alt=\"\" width=\"474\" height=\"288\" \/><\/a><\/p>\n<p style=\"text-align: justify;\"><strong>ELLER\u0130N\u0130 DE \u00d6PERLERD\u0130\u00a0<\/strong><\/p>\n<p style=\"text-align: justify;\">Son aylarda BDP ile CHP aras\u0131nda s\u00f6ylem a\u00e7\u0131s\u0131ndan ne fark var? CHP papa\u011fan gibi BDP &#8216;yi tekrarl\u0131yor. CHP vekili ka\u00e7\u0131r\u0131l\u0131yor, romantik dille ter\u00f6ristin s\u0131rt\u0131n\u0131 s\u0131vazl\u0131yor. Ter\u00f6r \u00f6rg\u00fct\u00fcyle bulu\u015fan BDP &#8216;li s\u00f6z\u00fcm ona vekiller s\u0131rtlar\u0131n\u0131 s\u0131vazlat\u0131yor. Fark bu. Bayram\u0131 kana bulayan ter\u00f6ristlerle BDP vekillerinin derin muhabbetine bir kez daha \u015fahit olduk. O bulu\u015fmada ter\u00f6ristler BDP &#8216;li vekillerin s\u0131rtlar\u0131n\u0131 s\u0131vazlam\u0131\u015ft\u0131r. Ne kadar g\u00fczel bir muhabbet. Bunlar 2005&#8217;te de ayn\u0131 \u015feyi yapt\u0131lar, o da\u011fdan beraber geldiler. Efendileri bunlar\u0131n ipini gev\u015fetmedi\u011fi s\u00fcrece hi\u00e7bir karar alamazlar. Kendileri silahlar\u0131n vesayetinde siyaset yapar gibi davran\u0131yorlar. O g\u00fcn de bayram \u00f6ncesi, gittiler efendilerine s\u0131rtlar\u0131n\u0131 s\u0131vazlatt\u0131lar. Kameralar olmasayd\u0131, ter\u00f6rist efendilerinin ellerini de \u00f6perlerdi. \u00dc\u00e7 kuru\u015f da har\u00e7l\u0131k al\u0131rlard\u0131. Ter\u00f6ristin elindeki kan vekillerin s\u0131rt\u0131na bula\u015fm\u0131\u015ft\u0131r. B\u00f6l\u00fcc\u00fc ter\u00f6r \u00f6rg\u00fct\u00fcn\u00fcn tek derdi nemalanmakt\u0131r, bu oyuna gelmeyin. Gaziantep \u2019te \u015fehit edilen 1 ya\u015f\u0131ndaki Almina\u2019n\u0131n kan\u0131, bunlar\u0131n s\u0131vazlanan s\u0131rtlar\u0131ndan \u00f6m\u00fcr boyu \u00e7\u0131kmayacakt\u0131r. Bunlar art\u0131k rezil al\u00e7ak bir \u015fekilde ya\u015fayacaklard\u0131r.<\/p>\n<p style=\"text-align: justify;\"><strong>PARLAMENTODA GERE\u011e\u0130N\u0130 YAPACA\u011eIZ\u00a0<\/strong><\/p>\n<p style=\"text-align: justify;\">&#8211; Sosyal medyay\u0131 kullanarak birileri buralar i\u015fgal alt\u0131nda diyor, ay\u0131pt\u0131r. Bu \u00fclkede bizim 1 metrekaremizin kontrol\u00fcm\u00fcz d\u0131\u015f\u0131nda oldu\u011funu s\u00f6yleyemez. Kendisinde y\u00fcz olsa parlamentoya de\u011fil Kandil Da\u011f\u0131&#8217;na \u00e7\u0131kmas\u0131 gerekir. Sen bu milletin temsilcisi de\u011filsin. \u00c7\u00fcnk\u00fc bunlar\u0131n i\u00e7i ba\u015fka, d\u0131\u015f\u0131 ba\u015fka. 400 kilometrenin PKK &#8216;n\u0131n kontrol\u00fcnde oldu\u011funu s\u00f6yl\u00fcyor. BDP E\u015f Ba\u015fkan\u0131&#8217;n\u0131n a\u00e7\u0131klamas\u0131 terbiyeden muaf. Bunlar bu \u00fclkede beklentilerine ula\u015famayacakt\u0131r. Rahat yer ar\u0131yorlarsa, adres verdim Kandil &#8216;e \u00e7\u0131ks\u0131nlar. Yarg\u0131 gerekeni yap\u0131yor, biz de parlamentoda gere\u011fi neyse onu yapaca\u011f\u0131z. Biz nefretin diline teslim olmayaca\u011f\u0131z. Kim bu sald\u0131r\u0131lar sonras\u0131nda K\u00fcrt karde\u015fine, T\u00fcrk karde\u015fine husumet beslerse o ter\u00f6r\u00fcn tuza\u011f\u0131na d\u00fc\u015fm\u00fc\u015ft\u00fcr. Ter\u00f6r do\u011frudan do\u011fruya bizim karde\u015fli\u011fimizi hedef al\u0131yor. Problem bu adamlar\u0131n ta kendisinde.<\/p>\n<p style=\"text-align: justify;\">&#8211; (Ka\u00e7\u0131r\u0131lan AK Parti Hakkari \u0130l Ba\u015fkan\u0131&#8217;n\u0131n ailesinin, CHP y\u00f6neticilerinden yard\u0131m istedi\u011fi iddialar\u0131na ili\u015fkin) Bunu aile duyunca baya\u011f\u0131 \u00fcz\u00fcld\u00fcler. \u00c7\u00fcnk\u00fc ben aileyle g\u00f6r\u00fc\u015ft\u00fc\u011f\u00fcmde &#8216;b\u00f6yle bir \u015feyler yans\u0131d\u0131 televizyonlara Ba\u015fbakan\u0131m, bu Hakkari &#8216;de BDP ile beraber miting yapan bir CHP &#8216;den biz yard\u0131m isteyecek kadar d\u00fc\u015ft\u00fck m\u00fc&#8217; diyor. Bu i\u015fin bir yan\u0131. Di\u011fer yan\u0131nda ne var? Di\u011fer yan\u0131nda da \u015fu var: Sizin o siyasi uzant\u0131 olan partiden hi\u00e7bir fark\u0131n\u0131z yok ki. Demek ki siz da\u011fdakilerle m\u00fc\u015fterek \u00e7al\u0131\u015f\u0131yorsunuz. &#8216;Yard\u0131ma ihtiyac\u0131n\u0131z varsa biz \u00e7\u00f6zelim&#8217; diyorsunuz. Siz zaten Suriye &#8216;de de Baas ile birlikte \u00e7al\u0131\u015f\u0131yorsunuz hi\u00e7bir fark\u0131n\u0131z yok.<\/p>\n<p style=\"text-align: justify;\"><a href=\"http:\/\/www.radikal.com.tr\/Radikal.aspx?aType=RadikalDetayV3&amp;ArticleID=1099311&amp;CategoryID=78\" target=\"_blank\">Kaynak : Radikal.com.tr<\/a><\/p>\n","protected":false},"excerpt":{"rendered":"<p style=\"text-align: justify;\">\n<p style=\"text-align: justify;\">Ba\u015fbakan Erdo\u011fan, AK Parti Genel Merkezi&#8217;nde geni\u015fletilmi\u015f grup toplant\u0131s\u0131na kat\u0131ld\u0131. Burada milletvekillerine ve partililere hitap eden Erdo\u011fan, ter\u00f6r konusunda CHP ve BDP&#8217;yi a\u011f\u0131r dille ele\u015ftirdi. BDP&#8217;li vekiller hakk\u0131nda Parlamento&#8217;da gere\u011fini yapacaklar\u0131n\u0131 s\u00f6yledi.<\/p>\n<p style=\"text-align: justify;\">Beyt\u00fc\u015f\u015febap sald\u0131r\u0131s\u0131yla ilgili konu\u015fan Erdo\u011fan \u015funlar\u0131 s\u00f6yledi: &#8220;\u00d6fkeye kap\u0131larak ter\u00f6r \u00f6rg\u00fct\u00fcn\u00fc sevindirmeyece\u011fiz. Kar\u015f\u0131m\u0131zda namert\u00e7e arkadan vuran <\/p>\n","protected":false},"author":1,"featured_media":0,"comment_status":"open","ping_status":"open","sticky":false,"template":"","format":"standard","meta":{"footnotes":""},"categories":[105],"tags":[],"class_list":["post-55068","post","type-post","status-publish","format-standard","hentry","category-gundem","odd"],"_links":{"self":[{"href":"http:\/\/www.korhanyilmaz.com\/index.php?rest_route=\/wp\/v2\/posts\/55068","targetHints":{"allow":["GET"]}}],"collection":[{"href":"http:\/\/www.korhanyilmaz.com\/index.php?rest_route=\/wp\/v2\/posts"}],"about":[{"href":"http:\/\/www.korhanyilmaz.com\/index.php?rest_route=\/wp\/v2\/types\/post"}],"author":[{"embeddable":true,"href":"http:\/\/www.korhanyilmaz.com\/index.php?rest_route=\/wp\/v2\/users\/1"}],"replies":[{"embeddable":true,"href":"http:\/\/www.korhanyilmaz.com\/index.php?rest_route=%2Fwp%2Fv2%2Fcomments&post=55068"}],"version-history":[{"count":0,"href":"http:\/\/www.korhanyilmaz.com\/index.php?rest_route=\/wp\/v2\/posts\/55068\/revisions"}],"wp:attachment":[{"href":"http:\/\/www.korhanyilmaz.com\/index.php?rest_route=%2Fwp%2Fv2%2Fmedia&parent=55068"}],"wp:term":[{"taxonomy":"category","embeddable":true,"href":"http:\/\/www.korhanyilmaz.com\/index.php?rest_route=%2Fwp%2Fv2%2Fcategories&post=55068"},{"taxonomy":"post_tag","embeddable":true,"href":"http:\/\/www.korhanyilmaz.com\/index.php?rest_route=%2Fwp%2Fv2%2Ftags&post=55068"}],"curies":[{"name":"wp","href":"https:\/\/api.w.org\/{rel}","templated":true}]}}