{"id":55046,"date":"2012-09-05T16:50:30","date_gmt":"2012-09-05T13:50:30","guid":{"rendered":"http:\/\/www.korhanyilmaz.com\/?p=55046"},"modified":"2012-09-05T20:32:00","modified_gmt":"2012-09-05T17:32:00","slug":"osym-iflas-etti","status":"publish","type":"post","link":"http:\/\/www.korhanyilmaz.com\/?p=55046","title":{"rendered":"&#8221;\u00d6SYM iflas etti&#8221;"},"content":{"rendered":"<p style=\"text-align: center;\"><a href=\"http:\/\/www.korhanyilmaz.com\/wp-content\/uploads\/2012\/09\/H653.jpg\"  class=\"lightview\"><img loading=\"lazy\" decoding=\"async\" class=\"aligncenter  wp-image-55047\" src=\"http:\/\/www.korhanyilmaz.com\/wp-content\/uploads\/2012\/09\/H653.jpg\" alt=\"\" width=\"322\" height=\"241\" \/><\/a><\/p>\n<p style=\"text-align: justify;\">CHP Konya Milletvekili Atilla Kart, &#8220;T\u00fcrkiye Cumhuriyeti i\u00e7inde kamu g\u00fcc\u00fcn\u00fc k\u00f6t\u00fcye kullanmak suretiyle kurulan \u00e7\u0131kar \u00f6rg\u00fctlenmeleri var. \u00d6SYM iflas etmi\u015f durumda&#8221; dedi.<\/p>\n<p style=\"text-align: justify;\">TBMM- Kart, d\u00fczenledi\u011fi bas\u0131n toplant\u0131s\u0131nda, daha \u00f6nce hakimlik ve savc\u0131l\u0131k s\u0131nav sonu\u00e7lar\u0131 ile ilgili olarak \u00e7ok net bulgular\u0131 dile getirdi\u011fini s\u00f6yledi.<\/p>\n<p style=\"text-align: justify;\">O zaman Adalet Bakan\u0131&#8217;n\u0131 g\u00f6reve devam etti\u011fini, ard\u0131ndan, bu konuyu Bakan\u0131n adaletine, insaf\u0131na b\u0131rakman\u0131n \u00e7\u00f6z\u00fcm olamayaca\u011f\u0131n\u0131 bildi\u011fi i\u00e7in 3 Temmuz&#8217;da Ankara Cumhuriyet Ba\u015fsavc\u0131l\u0131\u011f\u0131&#8217;na su\u00e7 duyurusunda bulundu\u011funu belirten Kart, ayn\u0131 g\u00fcn \u00d6SYM Ba\u015fkanl\u0131\u011f\u0131 ve Adalet Bakanl\u0131\u011f\u0131&#8217;na da &#8221;ayr\u0131 bir soru\u015fturma yapmak zorundas\u0131n\u0131z&#8221; dedi\u011fini anlatt\u0131.\u00a0<!--more--><\/p>\n<p style=\"text-align: justify;\">Kart, \u00d6SYM&#8217;nin, s\u0131nav\u0131n b\u00fct\u00fcn\u00fcn\u00fcn &#8221;sakat oldu\u011funu&#8221; kabul etmesine ra\u011fmen, ortada somut bulgu olmad\u0131\u011f\u0131 i\u00e7in sorumlulara ula\u015famad\u0131klar\u0131n\u0131 s\u00f6yledi\u011fini kaydetti.<\/p>\n<p style=\"text-align: justify;\">Sorumlular\u0131n halen bulunamad\u0131\u011f\u0131n\u0131 ifade eden Kart, \u015f\u00f6yle konu\u015ftu:<\/p>\n<p style=\"text-align: justify;\">&#8216;<span style=\"text-decoration: underline;\">&#8216;\u0130lgili savc\u0131y\u0131 arad\u0131m, &#8216;yarg\u0131\u00e7l\u0131k s\u0131nav\u0131nda sorular\u0131n \u00e7al\u0131nd\u0131\u011f\u0131 ortada siz ne yap\u0131yorsunuz?&#8217; dedim. Savc\u0131, &#8216;araya adli tatil girdi pek \u00e7al\u0131\u015fma yapamad\u0131k, savc\u0131l\u0131k makam\u0131 olarak kendi aram\u0131zda isti\u015fare edece\u011fiz&#8217; dedi. Ben de bunun \u00fczerine &#8216;umar\u0131m H\u00fck\u00fcmetin ajan\u0131 gibi davranmazs\u0131n\u0131z, savc\u0131lar\u0131n bir b\u00f6l\u00fcm\u00fc H\u00fck\u00fcmetin ajan\u0131 gibi davran\u0131yor&#8217; dedim. Savc\u0131 buna tepki g\u00f6sterdi. Ancak 2 ay olmu\u015f, savc\u0131 daha dosyan\u0131n kapa\u011f\u0131na dokunmam\u0131\u015f. B\u00f6yle bir \u015fey kabul edilebilir mi? Burada \u00f6rg\u00fct ba\u011flant\u0131s\u0131 var. Devlet n\u00fcfuzunu k\u00f6t\u00fcye kullanmak suretiyle Adalet Bakanl\u0131\u011f\u0131 ve \u00d6SYM b\u00fcnyesinde \u00f6rg\u00fct var. \u00d6rg\u00fct sadece Kandil&#8217;de yok, T\u00fcrkiye Cumhuriyeti i\u00e7inde kamu g\u00fcc\u00fcn\u00fc k\u00f6t\u00fcye kullanmak suretiyle kurulan \u00e7\u0131kar \u00f6rg\u00fctlenmeleri var.<\/span><\/p>\n<p style=\"text-align: justify;\">\u00d6SYM iflas etmi\u015f durumda. Sab\u0131kal\u0131 kurum kendi i\u00e7inde mevcut olan cemaat yap\u0131lanmas\u0131 etraf\u0131ndaki \u00f6rg\u00fct\u00fc koruyor ve himaye ediyor, delilleri karart\u0131yor. Bakal\u0131m Adalet Bakan\u0131 bundan sonra harekete ge\u00e7ecek mi?&#8221;<\/p>\n<p style=\"text-align: justify;\">Kart, CHP olarak ayn\u0131 kararl\u0131l\u0131kla AKP&#8217;nin kirli ili\u015fkilerini ortaya \u00e7\u0131karmaya devam edeceklerini belirterek, &#8221;T\u00fcrkiye Cumhuriyeti kimsenin, AKP&#8217;nin \u00e7iftli\u011fi de\u011fildir; herkes bunu g\u00f6recek ve \u00f6\u011frenecek&#8221; dedi.<\/p>\n<p style=\"text-align: justify;\">CHP&#8217;li Kart, &#8221;AKP iktidar\u0131nda \u00f6zel yetkili mahkemeler bitmez. Bu iktidar d\u00f6neminde bu mahkemeler kalkm\u0131\u015f gibi g\u00f6r\u00fcn\u00fcr ancak \u00f6z itibar\u0131yla hep varl\u0131\u011f\u0131n\u0131 korur&#8221; diye konu\u015ftu.<\/p>\n<p style=\"text-align: justify;\"><a href=\"http:\/\/www.cumhuriyet.com.tr\/?hn=363688\" target=\"_blank\">Kaynak : Cumhuriyet Haber Portal\u0131<\/a><\/p>\n","protected":false},"excerpt":{"rendered":"<p style=\"text-align: center;\">\n<p style=\"text-align: justify;\">CHP Konya Milletvekili Atilla Kart, &#8220;T\u00fcrkiye Cumhuriyeti i\u00e7inde kamu g\u00fcc\u00fcn\u00fc k\u00f6t\u00fcye kullanmak suretiyle kurulan \u00e7\u0131kar \u00f6rg\u00fctlenmeleri var. \u00d6SYM iflas etmi\u015f durumda&#8221; dedi.<\/p>\n<p style=\"text-align: justify;\">TBMM- Kart, d\u00fczenledi\u011fi bas\u0131n toplant\u0131s\u0131nda, daha \u00f6nce hakimlik ve savc\u0131l\u0131k s\u0131nav sonu\u00e7lar\u0131 ile ilgili olarak \u00e7ok net bulgular\u0131 dile getirdi\u011fini s\u00f6yledi.<\/p>\n<p style=\"text-align: justify;\">O zaman Adalet <\/p>\n","protected":false},"author":1,"featured_media":0,"comment_status":"open","ping_status":"open","sticky":false,"template":"","format":"standard","meta":{"footnotes":""},"categories":[105],"tags":[164],"class_list":["post-55046","post","type-post","status-publish","format-standard","hentry","category-gundem","tag-atilla-kart","odd"],"_links":{"self":[{"href":"http:\/\/www.korhanyilmaz.com\/index.php?rest_route=\/wp\/v2\/posts\/55046","targetHints":{"allow":["GET"]}}],"collection":[{"href":"http:\/\/www.korhanyilmaz.com\/index.php?rest_route=\/wp\/v2\/posts"}],"about":[{"href":"http:\/\/www.korhanyilmaz.com\/index.php?rest_route=\/wp\/v2\/types\/post"}],"author":[{"embeddable":true,"href":"http:\/\/www.korhanyilmaz.com\/index.php?rest_route=\/wp\/v2\/users\/1"}],"replies":[{"embeddable":true,"href":"http:\/\/www.korhanyilmaz.com\/index.php?rest_route=%2Fwp%2Fv2%2Fcomments&post=55046"}],"version-history":[{"count":0,"href":"http:\/\/www.korhanyilmaz.com\/index.php?rest_route=\/wp\/v2\/posts\/55046\/revisions"}],"wp:attachment":[{"href":"http:\/\/www.korhanyilmaz.com\/index.php?rest_route=%2Fwp%2Fv2%2Fmedia&parent=55046"}],"wp:term":[{"taxonomy":"category","embeddable":true,"href":"http:\/\/www.korhanyilmaz.com\/index.php?rest_route=%2Fwp%2Fv2%2Fcategories&post=55046"},{"taxonomy":"post_tag","embeddable":true,"href":"http:\/\/www.korhanyilmaz.com\/index.php?rest_route=%2Fwp%2Fv2%2Ftags&post=55046"}],"curies":[{"name":"wp","href":"https:\/\/api.w.org\/{rel}","templated":true}]}}