{"id":55042,"date":"2012-09-05T10:29:15","date_gmt":"2012-09-05T07:29:15","guid":{"rendered":"http:\/\/www.korhanyilmaz.com\/?p=55042"},"modified":"2012-09-05T19:13:34","modified_gmt":"2012-09-05T16:13:34","slug":"sorular-cevapsiz-kaldi","status":"publish","type":"post","link":"http:\/\/www.korhanyilmaz.com\/?p=55042","title":{"rendered":"Sorular cevaps\u0131z kald\u0131"},"content":{"rendered":"<p style=\"text-align: center;\"><a href=\"http:\/\/www.korhanyilmaz.com\/wp-content\/uploads\/2012\/09\/H652.jpg\"  class=\"lightview\"><img loading=\"lazy\" decoding=\"async\" class=\"aligncenter  wp-image-55043\" src=\"http:\/\/www.korhanyilmaz.com\/wp-content\/uploads\/2012\/09\/H652.jpg\" alt=\"\" width=\"322\" height=\"241\" \/><\/a><\/p>\n<p style=\"text-align: justify;\">MHP&#8217;li Atilla Kaya, \u00d6zg\u00fcr Suriye Ordusu komutan\u0131 Riyad el Esad ve yard\u0131mc\u0131s\u0131 Maliki el K\u00fcrdi&#8217;nin de kampta kald\u0131\u011f\u0131n\u0131 belirterek kamp\u0131n &#8220;Daha \u00e7ok haberle\u015fme, planlama gibi lojistik ama\u00e7l\u0131 kullan\u0131ld\u0131\u011f\u0131&#8221; izlenimi edindi\u011fini bildirdi.<\/p>\n<p style=\"text-align: justify;\">Cumhuriyet\/Ankara B\u00fcrosu- CHP\u2019li milletvekillerinin giri\u015fine izin verilmeyen Suriye\u2019den ka\u00e7an muhalif askerlerin kald\u0131\u011f\u0131 Hatay\u2019daki Apayd\u0131n Kamp\u0131\u2019n\u0131 \u201c\u00f6zel izinle\u201d ziyaret eden TBMM \u0130nsan Haklar\u0131n\u0131 \u0130nceleme Komisyonu heyetinde yer alan tek muhalefet partili olan MHP\u2019li Atilla Kaya, \u00d6zg\u00fcr Suriye Ordusu komutan\u0131 Riyad el Esad ve yard\u0131mc\u0131s\u0131 Maliki el K\u00fcrdi\u2019nin de kampta kald\u0131\u011f\u0131n\u0131 belirterek kamp\u0131n \u201cDaha \u00e7ok haberle\u015fme, planlama gibi lojistik ama\u00e7l\u0131 kullan\u0131ld\u0131\u011f\u0131\u201d izlenimi edindi\u011fini bildirdi. Kalanlar\u0131n kamptan istedikleri gibi ayr\u0131l\u0131p d\u00f6nebildiklerini belirten Kaya sorulara tatmin edici yan\u0131tlar alamad\u0131klar\u0131n\u0131 s\u00f6yledi.\u00a0<!--more--><\/p>\n<p style=\"text-align: justify;\">TBMM \u0130nsan Haklar\u0131 Komisyonu Ba\u015fkan\u0131 Ayhan Sefer \u00dcst\u00fcn, AKP Milletvekili Cemal Y\u0131lmaz Demir, AKP Milletvekili Kerim \u00d6zkul ve MHP Milletvekili Atilla Kaya, Hatay Valili\u011fi\u2019nde brifing ald\u0131ktan sonra Apayd\u0131n Kamp\u0131\u2019na gitti. Kampa yanl\u0131zca AA al\u0131nd\u0131. CHP ve BDP\u2019li komisyon \u00fcyelerinin protesto etmesi nedeniyle yer almad\u0131\u011f\u0131 heyetteki tek muhalefet partili \u00fcye olan MHP\u2019li Kaya, izlenimlerini Cumhuriyet\u2019e de\u011ferlendirdi.<\/p>\n<p style=\"text-align: justify;\"><strong>\u2018Lojistik ama\u00e7l\u0131\u2019\u00a0<\/strong><\/p>\n<p style=\"text-align: justify;\">Kamp\u0131n fiziki ko\u015fullar\u0131 ve hemen yak\u0131n\u0131nda yerle\u015fim yerleri bulunmas\u0131 nedeniyle, \u201caskeri e\u011fitim verilmesine uygun g\u00f6r\u00fcnmedi\u011fini\u201d belirten Kaya, kampta 2 bin 764 ki\u015finin kald\u0131\u011f\u0131n\u0131, bunlardan 335\u2019inin asker, geri kalan\u0131n\u0131n kad\u0131n ve \u00e7ocuklardan olu\u015ftu\u011funu belirtti. Kamp\u0131n daha \u00e7ok lojistik faaliyetler i\u00e7in kullan\u0131lmas\u0131n\u0131n m\u00fcmk\u00fcn oldu\u011funu s\u00f6yleyen Kaya \u201cKamptakilerin sabah Suriye\u2019ye sava\u015fmaya gitti\u011fi, ak\u015fam d\u00f6nd\u00fckleri y\u00f6n\u00fcndeki iddialar\u0131 sordum. Ancak h\u00fck\u00fcmeti ve kendilerini s\u0131k\u0131nt\u0131ya sokmamak i\u00e7in bu konuda bir \u015fey s\u00f6ylemiyorlar, yani sava\u015fa gidiyoruz demiyorlar. Ancak Suriye\u2019ye g\u00fcn\u00fcbirlik gidenleri say\u0131s\u0131n\u0131n bir elin parma\u011f\u0131n\u0131 ge\u00e7medi\u011fini s\u00f6yl\u00fcyorlar. Ama kamp y\u00f6neticisi (Alt\u0131n\u00f6z\u00fc Kaymakam\u0131), \u2018Ba\u015f\u0131ma bir \u015fey gelirse sorumlulu\u011fu \u00fcstleniyorum\u2019 yaz\u0131l\u0131 k\u00e2\u011f\u0131d\u0131 imzalayanlar\u0131n kamptan istedi\u011fi zaman \u00e7\u0131k\u0131p d\u00f6nebildi\u011fni s\u00f6yl\u00fcyor\u201d dedi.<\/p>\n<p style=\"text-align: justify;\">Kendisini \u00d6zg\u00fcr Suriye Ordusu komutan\u0131 olarak tan\u0131tan Esad\u2019\u0131n da kampta kald\u0131\u011f\u0131n\u0131 belirten Kaya, \u015funlar\u0131 aktard\u0131: \u201cRiyad el Esad\u2019a, BBC\u2019ye verdi\u011fi \u2018\u00d6zg\u00fcr Suriye Ordusu komutan\u0131 benim, ben y\u00f6netiyorum\u2019 deme\u00e7lerini sordum, komutan olup olmad\u0131\u011f\u0131n\u0131 sordum, ancak kendisi ne do\u011fruluyor ne de yalanl\u0131yor, sorular\u0131m\u0131z\u0131 ge\u00e7i\u015ftirdi.\u201d<\/p>\n<p style=\"text-align: justify;\"><strong>\u2018Hepsi uyar\u0131lm\u0131\u015f gibi konu\u015ftular\u2019\u00a0<\/strong><\/p>\n<p style=\"text-align: justify;\">Kamptakilerin sorulara verdi\u011fi yan\u0131ttan \u201csanki hepsi uyar\u0131lm\u0131\u015f gibi\u201d izlenimi edindi\u011fini s\u00f6yleyen Kaya, \u201cT\u00fcrkiye\u2019de son 10 y\u0131lda yap\u0131lanlar\u0131 takdirle kar\u015f\u0131lad\u0131klar\u0131n\u0131 s\u00f6yl\u00fcyorlar. Hepsi \u2018Ulusa Sesleni\u015f\u2019 program\u0131n\u0131n s\u0131k\u0131 takip\u00e7isi gibi konu\u015fuyorlar. T\u00fcrkiye\u2019yi, h\u00fck\u00fcmeti s\u0131k\u0131nt\u0131ya sokacak a\u00e7\u0131klamalardan ka\u00e7\u0131n\u0131yorlar\u201d diye konu\u015ftu.<\/p>\n<p style=\"text-align: justify;\"><strong>\u00dcst\u00fcn: Di\u011ferlerinden fark\u0131 yok<\/strong><\/p>\n<p style=\"text-align: justify;\">Komisyon Ba\u015fkan\u0131 Ayhan Sefer \u00dcst\u00fcn de kamp\u0131n di\u011ferlerinden bir fark\u0131n\u0131n bulunmad\u0131\u011f\u0131n\u0131, askeri e\u011fitime uygun olmad\u0131\u011f\u0131n\u0131 s\u00f6yledi. \u00dcst\u00fcn, \u201cBu bak\u0131mdan burada ba\u015fkaca bir i\u015flemin yap\u0131lmas\u0131 zaten m\u00fcmk\u00fcn de\u011fil. Kamp\u0131n fiziki durumu da buna m\u00fcsait de\u011fil\u201d dedi.<\/p>\n<p style=\"text-align: justify;\"><a href=\"http:\/\/www.cumhuriyet.com.tr\/?hn=363620\" target=\"_blank\">Kaynak : Ay\u015fe Say\u0131n &#8211; Cumhuriyet Haber Portal\u0131<\/a><\/p>\n","protected":false},"excerpt":{"rendered":"<p style=\"text-align: center;\">\n<p style=\"text-align: justify;\">MHP&#8217;li Atilla Kaya, \u00d6zg\u00fcr Suriye Ordusu komutan\u0131 Riyad el Esad ve yard\u0131mc\u0131s\u0131 Maliki el K\u00fcrdi&#8217;nin de kampta kald\u0131\u011f\u0131n\u0131 belirterek kamp\u0131n &#8220;Daha \u00e7ok haberle\u015fme, planlama gibi lojistik ama\u00e7l\u0131 kullan\u0131ld\u0131\u011f\u0131&#8221; izlenimi edindi\u011fini bildirdi.<\/p>\n<p style=\"text-align: justify;\">Cumhuriyet\/Ankara B\u00fcrosu- CHP\u2019li milletvekillerinin giri\u015fine izin verilmeyen Suriye\u2019den ka\u00e7an muhalif askerlerin kald\u0131\u011f\u0131 Hatay\u2019daki Apayd\u0131n Kamp\u0131\u2019n\u0131 \u201c\u00f6zel izinle\u201d <\/p>\n","protected":false},"author":1,"featured_media":0,"comment_status":"open","ping_status":"open","sticky":false,"template":"","format":"standard","meta":{"footnotes":""},"categories":[105],"tags":[],"class_list":["post-55042","post","type-post","status-publish","format-standard","hentry","category-gundem","odd"],"_links":{"self":[{"href":"http:\/\/www.korhanyilmaz.com\/index.php?rest_route=\/wp\/v2\/posts\/55042","targetHints":{"allow":["GET"]}}],"collection":[{"href":"http:\/\/www.korhanyilmaz.com\/index.php?rest_route=\/wp\/v2\/posts"}],"about":[{"href":"http:\/\/www.korhanyilmaz.com\/index.php?rest_route=\/wp\/v2\/types\/post"}],"author":[{"embeddable":true,"href":"http:\/\/www.korhanyilmaz.com\/index.php?rest_route=\/wp\/v2\/users\/1"}],"replies":[{"embeddable":true,"href":"http:\/\/www.korhanyilmaz.com\/index.php?rest_route=%2Fwp%2Fv2%2Fcomments&post=55042"}],"version-history":[{"count":0,"href":"http:\/\/www.korhanyilmaz.com\/index.php?rest_route=\/wp\/v2\/posts\/55042\/revisions"}],"wp:attachment":[{"href":"http:\/\/www.korhanyilmaz.com\/index.php?rest_route=%2Fwp%2Fv2%2Fmedia&parent=55042"}],"wp:term":[{"taxonomy":"category","embeddable":true,"href":"http:\/\/www.korhanyilmaz.com\/index.php?rest_route=%2Fwp%2Fv2%2Fcategories&post=55042"},{"taxonomy":"post_tag","embeddable":true,"href":"http:\/\/www.korhanyilmaz.com\/index.php?rest_route=%2Fwp%2Fv2%2Ftags&post=55042"}],"curies":[{"name":"wp","href":"https:\/\/api.w.org\/{rel}","templated":true}]}}