{"id":55039,"date":"2012-09-05T09:36:28","date_gmt":"2012-09-05T06:36:28","guid":{"rendered":"http:\/\/www.korhanyilmaz.com\/?p=55039"},"modified":"2012-09-05T19:10:08","modified_gmt":"2012-09-05T16:10:08","slug":"akp-kamuda-turbandan-vazgecti","status":"publish","type":"post","link":"http:\/\/www.korhanyilmaz.com\/?p=55039","title":{"rendered":"AKP kamuda t\u00fcrbandan vazge\u00e7ti!"},"content":{"rendered":"<p style=\"text-align: center;\"><a href=\"http:\/\/www.korhanyilmaz.com\/wp-content\/uploads\/2012\/09\/H651.jpg\"  class=\"lightview\"><img loading=\"lazy\" decoding=\"async\" class=\"aligncenter  wp-image-55040\" src=\"http:\/\/www.korhanyilmaz.com\/wp-content\/uploads\/2012\/09\/H651.jpg\" alt=\"\" width=\"296\" height=\"222\" \/><\/a><\/p>\n<p style=\"text-align: justify;\">Yeni Anayasa i\u00e7in \u00f6n \u00e7al\u0131\u015fma yapan Yaz\u0131m Alt Komisyonu, kamu hizmetine girme hakk\u0131yla ilgili maddenin tasla\u011f\u0131n\u0131 olu\u015fturdu. AKP, kendi teklifinde yer alan ve t\u00fcrbanl\u0131lara kamuda \u00e7al\u0131\u015fma olana\u011f\u0131 getirece\u011fi savunulan ifadelerden geri ad\u0131m att\u0131.<\/p>\n<p style=\"text-align: justify;\">\u0130stanbul- CHP\u2019li \u00fcye R\u0131za T\u00fcrmen ba\u015fkanl\u0131\u011f\u0131nda d\u00fcn yap\u0131lan toplant\u0131da, \u201cT\u00fcrk vatanda\u015f\u0131\u201d kavram\u0131yla ilgili anla\u015fmazl\u0131k ya\u015fand\u0131.<\/p>\n<p style=\"text-align: justify;\">MHP, birinci f\u0131krada yer alan, \u201cHer vatanda\u015f kamu hizmetlerine girme hakk\u0131na sahiptir\u201d ifadesinde \u201cT\u00fcrk vatanda\u015f\u0131\u201d tan\u0131m\u0131n\u0131n kullan\u0131lmas\u0131n\u0131 istedi. AKP ise \u201cHizmete al\u0131nmada liyakat d\u0131\u015f\u0131nda hi\u00e7bir \u015fart aranmaz\u201d ifadesini \u00f6nerdi.\u00a0<!--more--><\/p>\n<p style=\"text-align: justify;\">Di\u011fer partiler ise mevcut Anayasa\u2019daki \u201cg\u00f6revin getirdi\u011fi nitelik\u201d \u015fart\u0131nda \u0131srar etti. AKP uzla\u015fmak amac\u0131yla t\u00fcrbana serbestlik getirecek ifadelerden biri olarak g\u00f6sterilen bu \u00f6nerisinden vazge\u00e7ti. BDP\u2019nin istedi\u011fi do\u011frultusunda maddeye cinsiyet ayr\u0131mc\u0131l\u0131\u011f\u0131na kar\u015f\u0131 g\u00fcvence i\u00e7eren bir ifade de eklendi.<\/p>\n<p style=\"text-align: justify;\">H\u00fcrriyet&#8217;in haberine g\u00f6re, maddenin alt komisyonda benimsenen \u00e7ekinceli hali \u015f\u00f6yle:<\/p>\n<p style=\"text-align: justify;\">\u201cHer vatanda\u015f (MHP \u00f6nerisi: Her T\u00fcrk vatanda\u015f\u0131) (BDP \u00f6nerisi: kamu hizmetlerinden yararlanma ve) kamu hizmetlerine girme hakk\u0131na sahiptir. Hizmete al\u0131nmada g\u00f6revin gerektirdi\u011fi niteliklerden ba\u015fka hi\u00e7bir ayr\u0131m yap\u0131lamaz, g\u00f6revin getirdi\u011fi nitelikler sakl\u0131 kalmak kayd\u0131yla cinsiyetler aras\u0131 e\u015fitlik ilkesi g\u00f6zetilir.\u201d<\/p>\n<p style=\"text-align: justify;\"><strong>Provokat\u00f6r tart\u0131\u015fmas\u0131\u00a0<\/strong><\/p>\n<p style=\"text-align: justify;\">Toplant\u0131n\u0131n ba\u015f\u0131nda ise provokat\u00f6r tart\u0131\u015fmas\u0131 ya\u015fand\u0131. Ge\u00e7en hafta anla\u015fmazl\u0131k nedeniyle atlanan siyasi partilerin kapat\u0131lmas\u0131na ili\u015fkin madde yeniden g\u00fcndeme geldi.<\/p>\n<p style=\"text-align: justify;\">CHP\u2019li S\u00fcheyl Batum, BDP \u0130stanbul Milletvekili S\u0131rr\u0131 S\u00fcreyya \u00d6nder\u2019in \u201cparti kapat\u0131lmas\u0131na siyaset kurumunun da m\u00fcdahil olmas\u0131\u201d iste\u011fini ele\u015ftirdi.<\/p>\n<p style=\"text-align: justify;\">Batum, \u00d6nder\u2019e, \u201cSen \u2018partileri yarg\u0131\u00e7lar kapatmas\u0131n Ba\u015fbakan kapats\u0131n\u2019 diyorsun\u201d deyince \u00d6nder tepki g\u00f6sterdi. \u00d6nder \u00f6nerisinden b\u00f6yle bir anlam \u00e7\u0131kar\u0131lamayaca\u011f\u0131n\u0131 belirtirken Batum \u0131srarc\u0131 oldu. Bunun \u00fczerine \u00d6nder aya\u011fa kalkarak, \u201cSen provokat\u00f6rs\u00fcn. Provokasyon yap\u0131p buralar\u0131 kar\u0131\u015ft\u0131rmaya geliyorsun\u201d diye ba\u011f\u0131rd\u0131. K\u0131zg\u0131n milletvekillerini di\u011fer \u00fcyeler yat\u0131\u015ft\u0131rd\u0131.<\/p>\n<p style=\"text-align: justify;\">Haber : B\u00fclent Sar\u0131o\u011flu \/ H\u00fcrriyet<\/p>\n<p style=\"text-align: justify;\"><a href=\"http:\/\/www.cumhuriyet.com.tr\/?hn=363602\" target=\"_blank\">Kaynak : Cumhuriyet Haber Portal\u0131<\/a><\/p>\n","protected":false},"excerpt":{"rendered":"<p style=\"text-align: center;\">\n<p style=\"text-align: justify;\">Yeni Anayasa i\u00e7in \u00f6n \u00e7al\u0131\u015fma yapan Yaz\u0131m Alt Komisyonu, kamu hizmetine girme hakk\u0131yla ilgili maddenin tasla\u011f\u0131n\u0131 olu\u015fturdu. AKP, kendi teklifinde yer alan ve t\u00fcrbanl\u0131lara kamuda \u00e7al\u0131\u015fma olana\u011f\u0131 getirece\u011fi savunulan ifadelerden geri ad\u0131m att\u0131.<\/p>\n<p style=\"text-align: justify;\">\u0130stanbul- CHP\u2019li \u00fcye R\u0131za T\u00fcrmen ba\u015fkanl\u0131\u011f\u0131nda d\u00fcn yap\u0131lan toplant\u0131da, \u201cT\u00fcrk vatanda\u015f\u0131\u201d kavram\u0131yla ilgili anla\u015fmazl\u0131k ya\u015fand\u0131.<\/p>\n","protected":false},"author":1,"featured_media":0,"comment_status":"open","ping_status":"open","sticky":false,"template":"","format":"standard","meta":{"footnotes":""},"categories":[105],"tags":[],"class_list":["post-55039","post","type-post","status-publish","format-standard","hentry","category-gundem","odd"],"_links":{"self":[{"href":"http:\/\/www.korhanyilmaz.com\/index.php?rest_route=\/wp\/v2\/posts\/55039","targetHints":{"allow":["GET"]}}],"collection":[{"href":"http:\/\/www.korhanyilmaz.com\/index.php?rest_route=\/wp\/v2\/posts"}],"about":[{"href":"http:\/\/www.korhanyilmaz.com\/index.php?rest_route=\/wp\/v2\/types\/post"}],"author":[{"embeddable":true,"href":"http:\/\/www.korhanyilmaz.com\/index.php?rest_route=\/wp\/v2\/users\/1"}],"replies":[{"embeddable":true,"href":"http:\/\/www.korhanyilmaz.com\/index.php?rest_route=%2Fwp%2Fv2%2Fcomments&post=55039"}],"version-history":[{"count":0,"href":"http:\/\/www.korhanyilmaz.com\/index.php?rest_route=\/wp\/v2\/posts\/55039\/revisions"}],"wp:attachment":[{"href":"http:\/\/www.korhanyilmaz.com\/index.php?rest_route=%2Fwp%2Fv2%2Fmedia&parent=55039"}],"wp:term":[{"taxonomy":"category","embeddable":true,"href":"http:\/\/www.korhanyilmaz.com\/index.php?rest_route=%2Fwp%2Fv2%2Fcategories&post=55039"},{"taxonomy":"post_tag","embeddable":true,"href":"http:\/\/www.korhanyilmaz.com\/index.php?rest_route=%2Fwp%2Fv2%2Ftags&post=55039"}],"curies":[{"name":"wp","href":"https:\/\/api.w.org\/{rel}","templated":true}]}}