{"id":55036,"date":"2012-09-05T09:27:40","date_gmt":"2012-09-05T06:27:40","guid":{"rendered":"http:\/\/www.korhanyilmaz.com\/?p=55036"},"modified":"2012-09-05T19:06:48","modified_gmt":"2012-09-05T16:06:48","slug":"imam-hatiplilere-polis-akademisi-yolu-acildi","status":"publish","type":"post","link":"http:\/\/www.korhanyilmaz.com\/?p=55036","title":{"rendered":"\u0130mam-Hatiplilere polis akademisi yolu a\u00e7\u0131ld\u0131"},"content":{"rendered":"<p style=\"text-align: center;\"><a href=\"http:\/\/www.korhanyilmaz.com\/wp-content\/uploads\/2012\/09\/H650.jpg\"  class=\"lightview\"><img loading=\"lazy\" decoding=\"async\" class=\"aligncenter  wp-image-55037\" src=\"http:\/\/www.korhanyilmaz.com\/wp-content\/uploads\/2012\/09\/H650.jpg\" alt=\"\" width=\"322\" height=\"241\" \/><\/a><\/p>\n<p style=\"text-align: justify;\">Y\u00f6netmelik de\u011fi\u015fikli\u011fiyle, \u0130mam Hatip Lisesi mezunlar\u0131n\u0131n bu y\u0131ldan itibaren Polis Akademisi&#8217;ne girebilmesinin yolu a\u00e7\u0131ld\u0131.<\/p>\n<p style=\"text-align: justify;\">\u0130stanbul- \u0130mam-Hatiplilerin Polis Akademisi&#8217;ne girmesini engelleyen y\u00f6netmelik maddesinde de\u011fi\u015fli\u011fe gidildi.<\/p>\n<p style=\"text-align: justify;\">Polis Akademisi Ba\u015fkanl\u0131\u011f\u0131 G\u00fcvenlik Bilimleri Fak\u00fcltesi Giri\u015f ve E\u011fitim &#8211; \u00d6\u011fretim Y\u00f6netmeli\u011fi&#8217;nde De\u011fi\u015fiklik Yap\u0131lmas\u0131na Dair Y\u00f6netmelik, d\u00fcn Resmi Gazete&#8217;de yay\u0131nlan\u0131p y\u00fcr\u00fcrl\u00fc\u011fe girdi.\u00a0<!--more--><\/p>\n<p style=\"text-align: justify;\">Ak\u015fam gazetesinden Soner Ar\u0131kano\u011flu&#8217;nun haberine g\u00f6re, yeni d\u00fczenlemeyle y\u00f6netmeli\u011fin Polis Akademisi&#8217;nin \u00f6\u011frenci kaynaklar\u0131n\u0131 belirleyen 5. maddesinde kritik bir de\u011fi\u015fli\u011fe gidildi.<\/p>\n<p style=\"text-align: justify;\">5. maddenin a ve c bentlerindeki &#8216;Polis Koleji mezunlar\u0131&#8217; ve &#8216;\u0130lgili devletlerle yap\u0131lacak ikili anla\u015fmalara ba\u011fl\u0131 olarak denkli\u011fi tan\u0131nan en az lise ve dengi okul mezunu yabanc\u0131 uyruklu \u00f6\u011frenciler&#8217; h\u00fck\u00fcmleri aynen korundu.<\/p>\n<p style=\"text-align: justify;\">Kritik de\u011fi\u015fiklikse \u0130mam Hatip Lisesi mezunlar\u0131na Polis Akademisi&#8217;nin kap\u0131s\u0131n\u0131 kapatan (b) bendinde yap\u0131ld\u0131. Bu benddeki &#8216;\u0130htiya\u00e7 halinde genel lise, erkek teknik \u00f6\u011fretim, k\u0131z teknik \u00f6\u011fretim ve ticaret ve turizm \u00f6\u011fretimine ba\u011fl\u0131 okul mezunlar\u0131&#8217; h\u00fckm\u00fc, &#8216;\u0130htiya\u00e7 halinde lise ve dengi okullar\u0131 mezunlar\u0131&#8217; olarak de\u011fi\u015ftirildi.<\/p>\n<p style=\"text-align: justify;\">B\u00f6ylece \u0130mam Hatip Lisesi mezunlar\u0131n\u0131n bu y\u0131ldan itibaren Polis Akademisi&#8217;ne girebilmesinin yolu a\u00e7\u0131lm\u0131\u015f oldu.<\/p>\n<p style=\"text-align: justify;\"><strong>Akademi Ba\u015fkan\u0131&#8217;da imam hatipli\u00a0<\/strong><\/p>\n<p style=\"text-align: justify;\">Cumhurba\u015fkan\u0131 Abdullah G\u00fcl&#8217;\u00fcn Anayasa Mahkemesi \u00dcyeli\u011fi&#8217;ne atad\u0131\u011f\u0131 Prof. Dr. Z\u00fcht\u00fc Arslan&#8217;dan bo\u015falan Polis Akademisi Ba\u015fkanl\u0131\u011f\u0131&#8217;na, bir s\u00fcre \u00f6nce Ba\u015fbakan Erdo\u011fan&#8217;\u0131n \u0130stanbul \u0130mam Hatip Lisesi&#8217;nden okul arkada\u015f\u0131 olan Prof. Dr. Remzi F\u0131nd\u0131kl\u0131 atanm\u0131\u015ft\u0131.<\/p>\n<p style=\"text-align: justify;\"><strong>S\u0131n\u0131f ge\u00e7me kolayla\u015ft\u0131<\/strong><\/p>\n<p style=\"text-align: justify;\">\u00d6te yandan, yeni y\u00f6netmelikle Polis Akademisi&#8217;nde \u00f6\u011frencilerin s\u0131n\u0131f ge\u00e7mesi de kolayla\u015ft\u0131r\u0131ld\u0131. Eski y\u00f6netmelikte not y\u00fckseltme, b\u00fct\u00fcnleme, ek s\u0131nav hakk\u0131 ve s\u0131n\u0131f ge\u00e7mede aranacak &#8216;en \u00e7ok iki F notu (s\u0131f\u0131r) alm\u0131\u015f olma&#8217; \u015fart\u0131, yenisinde &#8216;en \u00e7ok \u00fc\u00e7 F notu&#8217; olarak d\u00fczeltildi.<\/p>\n<p style=\"text-align: justify;\"><a href=\"http:\/\/www.cumhuriyet.com.tr\/?hn=363598\" target=\"_blank\">Kaynak : Cumhuriyet Haber Portal\u0131<\/a><\/p>\n","protected":false},"excerpt":{"rendered":"<p style=\"text-align: center;\">\n<p style=\"text-align: justify;\">Y\u00f6netmelik de\u011fi\u015fikli\u011fiyle, \u0130mam Hatip Lisesi mezunlar\u0131n\u0131n bu y\u0131ldan itibaren Polis Akademisi&#8217;ne girebilmesinin yolu a\u00e7\u0131ld\u0131.<\/p>\n<p style=\"text-align: justify;\">\u0130stanbul- \u0130mam-Hatiplilerin Polis Akademisi&#8217;ne girmesini engelleyen y\u00f6netmelik maddesinde de\u011fi\u015fli\u011fe gidildi.<\/p>\n<p style=\"text-align: justify;\">Polis Akademisi Ba\u015fkanl\u0131\u011f\u0131 G\u00fcvenlik Bilimleri Fak\u00fcltesi Giri\u015f ve E\u011fitim &#8211; \u00d6\u011fretim Y\u00f6netmeli\u011fi&#8217;nde De\u011fi\u015fiklik Yap\u0131lmas\u0131na Dair Y\u00f6netmelik, d\u00fcn Resmi Gazete&#8217;de yay\u0131nlan\u0131p y\u00fcr\u00fcrl\u00fc\u011fe girdi. <\/p>\n","protected":false},"author":1,"featured_media":0,"comment_status":"open","ping_status":"open","sticky":false,"template":"","format":"standard","meta":{"footnotes":""},"categories":[105],"tags":[],"class_list":["post-55036","post","type-post","status-publish","format-standard","hentry","category-gundem","odd"],"_links":{"self":[{"href":"http:\/\/www.korhanyilmaz.com\/index.php?rest_route=\/wp\/v2\/posts\/55036","targetHints":{"allow":["GET"]}}],"collection":[{"href":"http:\/\/www.korhanyilmaz.com\/index.php?rest_route=\/wp\/v2\/posts"}],"about":[{"href":"http:\/\/www.korhanyilmaz.com\/index.php?rest_route=\/wp\/v2\/types\/post"}],"author":[{"embeddable":true,"href":"http:\/\/www.korhanyilmaz.com\/index.php?rest_route=\/wp\/v2\/users\/1"}],"replies":[{"embeddable":true,"href":"http:\/\/www.korhanyilmaz.com\/index.php?rest_route=%2Fwp%2Fv2%2Fcomments&post=55036"}],"version-history":[{"count":0,"href":"http:\/\/www.korhanyilmaz.com\/index.php?rest_route=\/wp\/v2\/posts\/55036\/revisions"}],"wp:attachment":[{"href":"http:\/\/www.korhanyilmaz.com\/index.php?rest_route=%2Fwp%2Fv2%2Fmedia&parent=55036"}],"wp:term":[{"taxonomy":"category","embeddable":true,"href":"http:\/\/www.korhanyilmaz.com\/index.php?rest_route=%2Fwp%2Fv2%2Fcategories&post=55036"},{"taxonomy":"post_tag","embeddable":true,"href":"http:\/\/www.korhanyilmaz.com\/index.php?rest_route=%2Fwp%2Fv2%2Ftags&post=55036"}],"curies":[{"name":"wp","href":"https:\/\/api.w.org\/{rel}","templated":true}]}}