{"id":55033,"date":"2012-09-05T10:07:22","date_gmt":"2012-09-05T07:07:22","guid":{"rendered":"http:\/\/www.korhanyilmaz.com\/?p=55033"},"modified":"2012-09-05T19:03:34","modified_gmt":"2012-09-05T16:03:34","slug":"gulsuz-bir-yapi-pesinde","status":"publish","type":"post","link":"http:\/\/www.korhanyilmaz.com\/?p=55033","title":{"rendered":"G\u00fcl&#8217;s\u00fcz bir yap\u0131 pe\u015finde"},"content":{"rendered":"<p style=\"text-align: justify;\"><a href=\"http:\/\/www.korhanyilmaz.com\/wp-content\/uploads\/2012\/09\/H649.jpg\"  class=\"lightview\"><img loading=\"lazy\" decoding=\"async\" class=\"aligncenter size-full wp-image-55034\" title=\"\" src=\"http:\/\/www.korhanyilmaz.com\/wp-content\/uploads\/2012\/09\/H649.jpg\" alt=\"\" width=\"309\" height=\"232\" \/><\/a><\/p>\n<p style=\"text-align: justify;\">Ba\u015fbakan Erdo\u011fan, 2014&#8217;te K\u00f6\u015fk&#8217;e \u00e7\u0131kt\u0131ktan sonra ba\u015fkanl\u0131k sistemine ge\u00e7ilmesini planl\u0131yor.<\/p>\n<p style=\"text-align: justify;\">Cumhuriyet Ankara B\u00fcro- Ba\u015fbakan Tayyip Erdo\u011fan\u2019\u0131n, partisinin b\u00fcy\u00fck kongresinde olu\u015fturmaya \u00e7al\u0131\u015ft\u0131\u011f\u0131 yeni yap\u0131lanma, 2014 sonras\u0131 planlar\u0131nda Cumhurba\u015fkan\u0131 Abdullah G\u00fcl\u2019e yer olmad\u0131\u011f\u0131n\u0131n a\u00e7\u0131k i\u015faretlerini ta\u015f\u0131yor. Erdo\u011fan, bu d\u00f6nem ger\u00e7ekle\u015fmemesi durumunda bile 2014\u2019te K\u00f6\u015fk\u2019e \u00e7\u0131kt\u0131ktan sonra ba\u015fkanl\u0131k sistemine ge\u00e7ilmesini planl\u0131yor. Bu nedenle parti y\u00f6netimini, kendisine yak\u0131n isimlerden olu\u015fturacak. Erdo\u011fan, Ankara\u2019ya \u00e7a\u011f\u0131rd\u0131\u011f\u0131 milletvekilleriyle bug\u00fcn bir toplant\u0131 yapacak.\u00a0<!--more--><\/p>\n<p style=\"text-align: justify;\">Erdo\u011fan, partinin \u00f6ne \u00e7ekilirse gelecek y\u0131l yap\u0131lacak yerel se\u00e7imler, 2014\u2019teki Cumhurba\u015fkan\u0131 se\u00e7imi ve 2015\u2019teki milletvekili genel se\u00e7imlerinin de i\u00e7inde oldu\u011fu \u00fc\u00e7 y\u0131l boyunca g\u00f6rev alacak AKP\u2019nin yeni y\u00f6netimini olu\u015fturma \u00e7al\u0131\u015fmalar\u0131na h\u0131z verdi. 30 Eyl\u00fcl\u2019deki kongrede olu\u015facak yeni y\u00f6netim, partinin kurulu\u015fundan bu yana ilk kez do\u011frudan Erdo\u011fan damgas\u0131 ta\u015f\u0131yacak. Daha \u00f6nceki kongrelerde parti y\u00f6netimleri, Abdullah G\u00fcl, B\u00fclent Ar\u0131n\u00e7 ba\u015fta olmak \u00fczere parti i\u00e7indeki de\u011fi\u015fik grupla\u015fmalar\u0131n g\u00f6zetilmesiyle belli \u00f6l\u00e7\u00fcde dengelerle olu\u015fturuluyordu. Ancak 12 Haziran se\u00e7imlerinde ilk kez kendisine \u00e7ok yak\u0131n isimleri milletvekili yapan Erdo\u011fan, b\u00fcy\u00fck kongre ile de parti y\u00f6netimine tam olarak h\u00e2kim hale gelecek.<\/p>\n<p style=\"text-align: justify;\"><strong>Milletvekillerine anket\u00a0<\/strong><\/p>\n<p style=\"text-align: justify;\">Erdo\u011fan, ge\u00e7en hafta kongrede \u00e7o\u011funlu\u011fu de\u011fi\u015fecek olan AKP\u2019nin 50 ki\u015filik merkez karar ve y\u00f6netim kurulu ile (MKYK) son toplant\u0131s\u0131n\u0131 yapt\u0131. Erdo\u011fan, MKYK \u00fcyelerine te\u015fekk\u00fcr ve veda ederek yar\u0131dan fazlas\u0131n\u0131 de\u011fi\u015ftirece\u011finin sinyallerini verdikten sonra, da\u011f\u0131tt\u0131\u011f\u0131 bir anket formuyla kurul \u00fcyelerinin yeni olu\u015facak y\u00f6netim listesine isim \u00f6nermelerini istedi. Erdo\u011fan, bug\u00fcn de \u201cGeni\u015fletilmi\u015f grup toplant\u0131s\u0131\u201d ad\u0131yla milletvekilleri ve parti kurucular\u0131yla bir araya gelecek. AKP Genel Merkezi\u2019nde yap\u0131lacak toplant\u0131da Erdo\u011fan, partinin yeni yap\u0131lanmayla yeni bir d\u00f6neme girdi\u011fini anlatt\u0131ktan sonra milletvekilleri ve kuruculara da anket formu da\u011f\u0131tarak, yeni MKYK\u2019de g\u00f6rmek istedi\u011fi \u201cpartili, ba\u015fka partilerden, partisiz, i\u015f, sanat, spor d\u00fcnyas\u0131ndan isimleri\u201d \u00f6nermelerini isteyecek.<\/p>\n<p style=\"text-align: justify;\"><strong>K\u00f6\u015fk\u2019te ba\u015fkan\u00a0<\/strong><\/p>\n<p style=\"text-align: justify;\">Edinilen bilgilere g\u00f6re Erdo\u011fan ve kurmaylar\u0131, yeni anayasa s\u00fcrecinde ba\u015fkanl\u0131k sistemine ge\u00e7ilmesi i\u00e7in \u0131srarc\u0131 olacak. Ancak AKP, muhalefetin buna kar\u015f\u0131 direnmesi durumunda ba\u015fkanl\u0131k sistemini anayasa s\u00fcrecinin olmazsa olmaz\u0131 haline getirmeyecek. Bu durumda Erdo\u011fan, partiyi de kendisine yak\u0131n isimlerle dizayn etti\u011fi i\u00e7in 2014\u2019te Cumhurba\u015fkanl\u0131\u011f\u0131\u2019na aday olacak. Erdo\u011fan, K\u00f6\u015fk\u2019e \u00e7\u0131kacak y\u00fczde 50\u2019nin \u00fczerinde oyu yakalamas\u0131 durumunda, ilk olarak yeni bir anayasa de\u011fi\u015fikli\u011fiyle ba\u015fkanl\u0131k sistemine ge\u00e7ilecek. K\u00f6\u015fk i\u00e7in al\u0131nacak y\u00fczde 50\u2019nin \u00fczerindeki oy da dikkate al\u0131narak ba\u015fkanl\u0131k sistemi i\u00e7in partilerden direni\u015f olmas\u0131 durumunda referanduma gidilecek. AKP\u2019nin planlad\u0131\u011f\u0131 ba\u015fkanl\u0131k modeline g\u00f6re de Erdo\u011fan sistemin tek patronu olurken partisiyle ba\u011flant\u0131s\u0131 s\u00fcrecek. Yetkileri az olan bir ba\u015fbakan bizzat Erdo\u011fan taraf\u0131ndan atanacak. Partiye de yine Erdo\u011fan\u2019\u0131n \u201cemanet\u00e7isi\u201d bir genel ba\u015fkan se\u00e7ilecek. Partideki bu planlar, 2014 sonras\u0131 Erdo\u011fan\u2019\u0131n \u00e7izdi\u011fi modelde G\u00fcl\u2019e yer olmad\u0131\u011f\u0131n\u0131n i\u015faretleri olarak de\u011ferlendiriliyor.<\/p>\n<p style=\"text-align: justify;\"><strong>Kurtulmu\u015f\u2019la pazarl\u0131k\u00a0<\/strong><\/p>\n<p style=\"text-align: justify;\">Erdo\u011fan\u2019\u0131n 2014 sonras\u0131 yeni yap\u0131lanma plan\u0131 i\u00e7inde eski DP Genel Ba\u015fkan\u0131 S\u00fcleman Soylu ile birlikte AKP\u2019ye kat\u0131lmas\u0131 kesinlik kazanan Halk\u0131n Sesi Partisi Genel Ba\u015fkan\u0131 Numan Kurtulmu\u015f\u2019la, ge\u00e7en hafta sonu \u0130stanbul\u2019da gizli bir g\u00f6r\u00fc\u015fme daha yapt\u0131\u011f\u0131 \u00f6\u011frenildi.<\/p>\n<p style=\"text-align: justify;\">AKP\u2019den de Ba\u015fbakan Yard\u0131mc\u0131s\u0131 B\u00fclent Ar\u0131n\u00e7 ba\u015fta olmak \u00fczere, \u201cPartilerin birle\u015fmesi diye bir \u015fey yok. Kurtulmu\u015f bireysel olarak partisini kapat\u0131p bize kat\u0131lacak\u201d a\u00e7\u0131klamalar\u0131 yap\u0131lm\u0131\u015ft\u0131. Erdo\u011fan, g\u00f6r\u00fc\u015fmede bu a\u00e7\u0131klamalar nedeniyle bask\u0131 alt\u0131nda olan Kurtulmu\u015f\u2019la, AKP\u2019ye kat\u0131l\u0131m\u0131n\u0131n \u015fekli konusunu de\u011ferlendirdi. G\u00f6r\u00fc\u015fmede Kurtulmu\u015f\u2019un, \u201ceziklik\u201d ya\u015famamas\u0131 i\u00e7in yan\u0131nda kendisine en yak\u0131n isimler olan Teoman R\u0131za G\u00fcneri ve \u015eeref Malko\u00e7\u2019u da AKP\u2019ye getirmesi g\u00f6r\u00fc\u015f\u00fc benimsendi. Kurtulmu\u015f\u2019un ba\u015fka isimlerle ilgili de pazarl\u0131k yapt\u0131\u011f\u0131 belirtiliyor. Bu arada Kurtulmu\u015f, 19 Ekim\u2019de partisinin kongresini toplayacak. Bu kongrede partinin AKP\u2019ye kat\u0131l\u0131m i\u00e7in feshedilmesi karara ba\u011flanacak. Bu karara kar\u015f\u0131 parti i\u00e7inde ciddi bir direni\u015f olmas\u0131, bu nedenle kongrenin b\u00fcy\u00fck tart\u0131\u015fmalara sahne olmas\u0131 bekleniyor.<\/p>\n<p style=\"text-align: justify;\"><a href=\"http:\/\/www.cumhuriyet.com.tr\/?hn=363610\" target=\"_blank\">Kaynak : Erdem G\u00fcl &#8211; Cumhuriyet Haber Portal\u0131<\/a><\/p>\n","protected":false},"excerpt":{"rendered":"<p style=\"text-align: justify;\">\n<p style=\"text-align: justify;\">Ba\u015fbakan Erdo\u011fan, 2014&#8217;te K\u00f6\u015fk&#8217;e \u00e7\u0131kt\u0131ktan sonra ba\u015fkanl\u0131k sistemine ge\u00e7ilmesini planl\u0131yor.<\/p>\n<p style=\"text-align: justify;\">Cumhuriyet Ankara B\u00fcro- Ba\u015fbakan Tayyip Erdo\u011fan\u2019\u0131n, partisinin b\u00fcy\u00fck kongresinde olu\u015fturmaya \u00e7al\u0131\u015ft\u0131\u011f\u0131 yeni yap\u0131lanma, 2014 sonras\u0131 planlar\u0131nda Cumhurba\u015fkan\u0131 Abdullah G\u00fcl\u2019e yer olmad\u0131\u011f\u0131n\u0131n a\u00e7\u0131k i\u015faretlerini ta\u015f\u0131yor. Erdo\u011fan, bu d\u00f6nem ger\u00e7ekle\u015fmemesi durumunda bile 2014\u2019te K\u00f6\u015fk\u2019e \u00e7\u0131kt\u0131ktan sonra ba\u015fkanl\u0131k sistemine ge\u00e7ilmesini planl\u0131yor. <\/p>\n","protected":false},"author":1,"featured_media":0,"comment_status":"open","ping_status":"open","sticky":false,"template":"","format":"standard","meta":{"footnotes":""},"categories":[105],"tags":[],"class_list":["post-55033","post","type-post","status-publish","format-standard","hentry","category-gundem","odd"],"_links":{"self":[{"href":"http:\/\/www.korhanyilmaz.com\/index.php?rest_route=\/wp\/v2\/posts\/55033","targetHints":{"allow":["GET"]}}],"collection":[{"href":"http:\/\/www.korhanyilmaz.com\/index.php?rest_route=\/wp\/v2\/posts"}],"about":[{"href":"http:\/\/www.korhanyilmaz.com\/index.php?rest_route=\/wp\/v2\/types\/post"}],"author":[{"embeddable":true,"href":"http:\/\/www.korhanyilmaz.com\/index.php?rest_route=\/wp\/v2\/users\/1"}],"replies":[{"embeddable":true,"href":"http:\/\/www.korhanyilmaz.com\/index.php?rest_route=%2Fwp%2Fv2%2Fcomments&post=55033"}],"version-history":[{"count":0,"href":"http:\/\/www.korhanyilmaz.com\/index.php?rest_route=\/wp\/v2\/posts\/55033\/revisions"}],"wp:attachment":[{"href":"http:\/\/www.korhanyilmaz.com\/index.php?rest_route=%2Fwp%2Fv2%2Fmedia&parent=55033"}],"wp:term":[{"taxonomy":"category","embeddable":true,"href":"http:\/\/www.korhanyilmaz.com\/index.php?rest_route=%2Fwp%2Fv2%2Fcategories&post=55033"},{"taxonomy":"post_tag","embeddable":true,"href":"http:\/\/www.korhanyilmaz.com\/index.php?rest_route=%2Fwp%2Fv2%2Ftags&post=55033"}],"curies":[{"name":"wp","href":"https:\/\/api.w.org\/{rel}","templated":true}]}}