{"id":55020,"date":"2012-09-05T07:38:31","date_gmt":"2012-09-05T04:38:31","guid":{"rendered":"http:\/\/www.korhanyilmaz.com\/?p=55020"},"modified":"2012-09-05T08:25:56","modified_gmt":"2012-09-05T05:25:56","slug":"kaymakam-dehset-gecesini-anlatti","status":"publish","type":"post","link":"http:\/\/www.korhanyilmaz.com\/?p=55020","title":{"rendered":"Kaymakam deh\u015fet gecesini anlatt\u0131"},"content":{"rendered":"<p style=\"text-align: center;\">\n<p style=\"text-align: justify;\"><a href=\"http:\/\/www.korhanyilmaz.com\/wp-content\/uploads\/2012\/09\/H646.jpg\"  class=\"lightview\"><img loading=\"lazy\" decoding=\"async\" class=\"aligncenter size-full wp-image-55024\" title=\"\" src=\"http:\/\/www.korhanyilmaz.com\/wp-content\/uploads\/2012\/09\/H646.jpg\" alt=\"\" width=\"392\" height=\"259\" \/><\/a><\/p>\n<p style=\"text-align: justify;\">10 \u015fehit verilen PKK sald\u0131r\u0131s\u0131nda, hedeflerden biri de, o anda e\u015fi ve k\u0131z\u0131yla birlikte olan Kaymakam \u0130hsan Selim Bayda\u015f&#8217;\u0131n eviydi.<\/p>\n<p style=\"text-align: justify;\">\u015e\u0131rnak Beyt\u00fc\u015f\u015febap&#8217;ta \u00f6nceki ya\u015fanan \u00e7at\u0131\u015fmalar\u0131n en yo\u011fun ya\u015fand\u0131\u011f\u0131 noktalardan biri Kaymakam \u0130hsan Selim Bayda\u015f&#8217;\u0131n ya\u015fad\u0131\u011f\u0131 ev oldu. Roketatar mermilerinin hedefinde olan evde e\u015fi ve \u00e7oc\u011fu ile birlikte bulunan Kaymakam Bayda\u015f o gece ya\u015fananlar\u0131 anlatt\u0131.<\/p>\n<p style=\"text-align: justify;\">\u015e\u0131rnak&#8217;\u0131n Beyt\u00fc\u015f\u015febap \u0130l\u00e7esi \u00f6nceki ak\u015fam saat 22.00 dolay\u0131nda ba\u015flayan \u00e7at\u0131\u015fmalarla sars\u0131ld\u0131. \u0130l\u00e7e merkezini cehenneme \u00e7eviren \u00e7at\u0131\u015fmalar\u0131n \u00f6ncesinde trafoya sald\u0131r\u0131 yap\u0131ld\u0131 ve il\u00e7e karanl\u0131\u011fa g\u00f6m\u00fcld\u00fc. Sessizli\u011fe b\u00fcr\u00fcnen il\u00e7ede bir anda silah ve roketatar sesleri yank\u0131land\u0131.\u00a0<!--more--><\/p>\n<p style=\"text-align: justify;\"><a href=\"http:\/\/www.korhanyilmaz.com\/wp-content\/uploads\/2012\/09\/H645.jpg\"  class=\"lightview\"><img loading=\"lazy\" decoding=\"async\" class=\"alignleft size-full wp-image-55021\" style=\"margin-left: 10px; margin-right: 10px;\" src=\"http:\/\/www.korhanyilmaz.com\/wp-content\/uploads\/2012\/09\/H645.jpg\" alt=\"\" width=\"343\" height=\"156\" \/><\/a>Beyt\u00fc\u015f\u015febap&#8217;da en yo\u011fun \u00e7at\u0131\u015fmalar\u0131n ya\u015fand\u0131\u011f\u0131 merkezlerden biri de il\u00e7e kaymakam\u0131n\u0131n ya\u015fad\u0131\u011f\u0131 ev oldu. Be\u015f roketatar mermisi ve onlarca kur\u015funun isabet etti\u011fi evde sald\u0131r\u0131 s\u0131ras\u0131nda Beyt\u00fc\u015f\u015febap \u0130l\u00e7esi Kaymakam\u0131 \u0130hsan Selim Bayda\u015f, e\u015fi ve 1.5 ya\u015f\u0131ndaki \u00e7ocuklar\u0131 bulunuyordu.<\/p>\n<p style=\"text-align: justify;\">Bayda\u015f Ailesi&#8217;nin ya\u015fad\u0131\u011f\u0131 ev s\u0131cak ate\u015f alt\u0131ndayken z\u0131rhl\u0131 bir ara\u00e7 evin demir kap\u0131s\u0131n\u0131 k\u0131rd\u0131 ve Kaymakam \u0130hsan Selim Bayda\u015f, e\u015fi ve \u00e7ocu\u011fu z\u0131rhl\u0131 ara\u00e7 ile \u0130l\u00e7e Jandarma Komutanl\u0131\u011f\u0131&#8217;na g\u00f6t\u00fcr\u00fcld\u00fc. Bayda\u015f ve ailesi geceyi \u0130l\u00e7e Jandarma&#8217;da ge\u00e7irdi.<\/p>\n<p style=\"text-align: justify;\">Kaymakam Bayda\u015f, o gece neler ya\u015fad\u0131klar\u0131na ili\u015fkin H\u00fcrriyet gazetesine konu\u015ftu.<\/p>\n<p style=\"text-align: justify;\">Gece 22.00 s\u0131ralar\u0131nda bir anda \u015fiddetli \u00e7at\u0131\u015fmalar\u0131n ya\u015fanmaya ba\u015flad\u0131\u011f\u0131n\u0131 s\u00f6yleyen Bayda\u015f \u201cOlay\u0131n ba\u015flad\u0131\u011f\u0131 esnada e\u015fim ve \u00e7ocu\u011fumuz ile birlikte evdeydik. Normal bir ak\u015famd\u0131 bizim i\u00e7in\u2026 Bir anda \u00e7at\u0131\u015fma sesleri geldi. Biz olay ak\u015fam\u0131 g\u00fcvenli bir yere ge\u00e7tik\u201d dedi.<\/p>\n<p style=\"text-align: justify;\">Kaymakam Bayda\u015f, sald\u0131r\u0131n\u0131n as\u0131l hedefinin kaymakaml\u0131k olup olmad\u0131\u011f\u0131 y\u00f6n\u00fcndeki soruya \u201cBunu g\u00fcvenlik birimleri de\u011ferlendirebilir. Ama tabi bizim oraya \u00e7ok yo\u011fun bir sald\u0131r\u0131 ger\u00e7ekle\u015ftirildi. Her yer hedefti o ak\u015fam. Bizim a\u00e7\u0131m\u0131zdan her yer \u00f6nemli, her arkada\u015f\u0131m\u0131z\u0131n oldu\u011fu yer \u00f6nemli\u201d \u015feklinde yan\u0131t verdi.<\/p>\n<p style=\"text-align: justify;\">Ya\u015fanan olay nedeni ile kayg\u0131lanmalar\u0131n\u0131n do\u011fal oldu\u011funu s\u00f6yleyen Bayda\u015f \u201cSonu\u00e7ta insan\u0131z, kayg\u0131lanmam\u0131z normal&#8230; E\u015fimiz \u00e7ocu\u011fumuz i\u00e7in kayg\u0131lan\u0131yoruz ama buraday\u0131z ve \u00e7al\u0131\u015fmaya devam ediyoruz\u201d dedi.<\/p>\n<p style=\"text-align: justify;\">\u0130l\u00e7ede durumun sakin oldu\u011fu bilgisini veren Beyda\u015f, il\u00e7ede insanlar\u0131n g\u00fcnl\u00fck ya\u015famlar\u0131na d\u00f6nd\u00fc\u011f\u00fcn\u00fc kamu g\u00f6revlililerinin ise i\u015flerinin ba\u015f\u0131na ge\u00e7ti\u011fini s\u00f6yledi.<\/p>\n<p style=\"text-align: justify;\">1981 Malatya do\u011fumlu olan \u0130hsan Selim Bayda\u015f, bir y\u0131l \u00f6nce Beyt\u00fc\u015f\u015febap Kaymakam\u0131 olarak atand\u0131. Bayda\u015f, Beyt\u00fc\u015f\u015febap\u2019tan \u00f6nce Burdur \u00c7eltik\u00e7i Kaymakam\u0131 olarak g\u00f6rev yapt\u0131. Bayda\u015f\u2019\u0131n ilk g\u00f6rev yeri ise 2006-2007 y\u0131llar\u0131 aras\u0131nda Kastamonu-\u0130hsangazi Kaymakam Vekili\u011fiydi&#8230;<\/p>\n<p style=\"text-align: justify;\"><a href=\"http:\/\/www.gazeteport.com.tr\/haber\/109801\/kaymakam-dehset-gecesini-anlatti\" target=\"_blank\">Kaynak : GAZETEPORT<\/a><\/p>\n","protected":false},"excerpt":{"rendered":"<p style=\"text-align: center;\">\n<p style=\"text-align: justify;\">\n<p style=\"text-align: justify;\">10 \u015fehit verilen PKK sald\u0131r\u0131s\u0131nda, hedeflerden biri de, o anda e\u015fi ve k\u0131z\u0131yla birlikte olan Kaymakam \u0130hsan Selim Bayda\u015f&#8217;\u0131n eviydi.<\/p>\n<p style=\"text-align: justify;\">\u015e\u0131rnak Beyt\u00fc\u015f\u015febap&#8217;ta \u00f6nceki ya\u015fanan \u00e7at\u0131\u015fmalar\u0131n en yo\u011fun ya\u015fand\u0131\u011f\u0131 noktalardan biri Kaymakam \u0130hsan Selim Bayda\u015f&#8217;\u0131n ya\u015fad\u0131\u011f\u0131 ev oldu. Roketatar mermilerinin hedefinde olan evde e\u015fi ve \u00e7oc\u011fu <\/p>\n","protected":false},"author":1,"featured_media":0,"comment_status":"open","ping_status":"open","sticky":false,"template":"","format":"standard","meta":{"footnotes":""},"categories":[105],"tags":[],"class_list":["post-55020","post","type-post","status-publish","format-standard","hentry","category-gundem","odd"],"_links":{"self":[{"href":"http:\/\/www.korhanyilmaz.com\/index.php?rest_route=\/wp\/v2\/posts\/55020","targetHints":{"allow":["GET"]}}],"collection":[{"href":"http:\/\/www.korhanyilmaz.com\/index.php?rest_route=\/wp\/v2\/posts"}],"about":[{"href":"http:\/\/www.korhanyilmaz.com\/index.php?rest_route=\/wp\/v2\/types\/post"}],"author":[{"embeddable":true,"href":"http:\/\/www.korhanyilmaz.com\/index.php?rest_route=\/wp\/v2\/users\/1"}],"replies":[{"embeddable":true,"href":"http:\/\/www.korhanyilmaz.com\/index.php?rest_route=%2Fwp%2Fv2%2Fcomments&post=55020"}],"version-history":[{"count":0,"href":"http:\/\/www.korhanyilmaz.com\/index.php?rest_route=\/wp\/v2\/posts\/55020\/revisions"}],"wp:attachment":[{"href":"http:\/\/www.korhanyilmaz.com\/index.php?rest_route=%2Fwp%2Fv2%2Fmedia&parent=55020"}],"wp:term":[{"taxonomy":"category","embeddable":true,"href":"http:\/\/www.korhanyilmaz.com\/index.php?rest_route=%2Fwp%2Fv2%2Fcategories&post=55020"},{"taxonomy":"post_tag","embeddable":true,"href":"http:\/\/www.korhanyilmaz.com\/index.php?rest_route=%2Fwp%2Fv2%2Ftags&post=55020"}],"curies":[{"name":"wp","href":"https:\/\/api.w.org\/{rel}","templated":true}]}}