{"id":55016,"date":"2012-09-04T18:11:35","date_gmt":"2012-09-04T15:11:35","guid":{"rendered":"http:\/\/www.korhanyilmaz.com\/?p=55016"},"modified":"2012-09-05T08:15:37","modified_gmt":"2012-09-05T05:15:37","slug":"beytussebap-sehitleri-ugurlandi","status":"publish","type":"post","link":"http:\/\/www.korhanyilmaz.com\/?p=55016","title":{"rendered":"Beyt\u00fc\u015f\u015febap \u015fehitleri u\u011furland\u0131"},"content":{"rendered":"<p style=\"text-align: justify;\"><a href=\"http:\/\/www.korhanyilmaz.com\/wp-content\/uploads\/2012\/09\/H644.jpg\"  class=\"lightview\"><img loading=\"lazy\" decoding=\"async\" class=\"aligncenter size-full wp-image-55017\" title=\"\" src=\"http:\/\/www.korhanyilmaz.com\/wp-content\/uploads\/2012\/09\/H644.jpg\" alt=\"\" width=\"341\" height=\"255\" \/><\/a><\/p>\n<p style=\"text-align: justify;\">\u015e\u0131rnak&#8217;\u0131n Beyt\u00fc\u015f\u015febap il\u00e7esindeki sald\u0131r\u0131da \u015fehit olan 10 asker memleketlerinde d\u00fczenlenen t\u00f6renler ile son yolculuklar\u0131na u\u011furland\u0131. Binlerce yurtta\u015f\u0131n kat\u0131ld\u0131\u011f\u0131 t\u00f6renlerde, ter\u00f6r lanetlendi.<\/p>\n<p style=\"text-align: justify;\">\u0130stanbul- \u015e\u0131rnak&#8217;\u0131n Beyt\u00fc\u015f\u015febap il\u00e7esinde ter\u00f6r \u00f6rg\u00fct\u00fc PKK mensuplar\u0131nca d\u00fczenlenen sald\u0131r\u0131da \u015fehit olan 10 askerin cenazeleri, Diyarbak\u0131r&#8217;dan memleketlerine g\u00f6nderildi.<\/p>\n<p style=\"text-align: justify;\">\u015e\u0131rnak&#8217;tan d\u00fcn helikopterlerle Diyarbak\u0131r&#8217;a getirilen \u015fehitler Piyade \u00dcste\u011fmen Sami \u00c7ift\u00e7i, Piyade Aste\u011fmen Burak Erdi Uysal, Uzman \u00c7avu\u015f Ahmet Bozkurt, Uzman \u00c7avu\u015f Erdo\u011fan S\u00f6nmez, \u00c7avu\u015f Ramazan Emre Ala, Onba\u015f\u0131 S\u00fcleyman G\u00fcle\u00e7, er Serdar K\u00fcpeli, er Osman Y\u0131ld\u0131z, er U\u011fur Sa\u011fd\u0131\u00e7 ve er Emrah Karataban&#8217;\u0131n cenazeleri, Diyarbak\u0131r Devlet Hastanesi&#8217;nde yap\u0131lan otopsinin ard\u0131ndan 2. Hava Kuvvet Komutanl\u0131\u011f\u0131&#8217;na g\u00f6t\u00fcr\u00fcld\u00fc.\u00a0<!--more--><\/p>\n<p style=\"text-align: justify;\">Diyarbak\u0131r Valisi Mustafa Toprak, \u015fehit cenazelerinin 2. Hava Kuvvet Komutanl\u0131\u011f\u0131&#8217;ndan 3 askeri u\u00e7akla memleketlerine g\u00f6nderildi\u011fini bildirdi.<\/p>\n<p style=\"text-align: justify;\"><strong>\u015eehit olan Er U\u011fur Sa\u011fd\u0131\u00e7 i\u00e7in Turhal&#8217;da t\u00f6ren\u00a0<\/strong><\/p>\n<p style=\"text-align: justify;\">\u015eehit Er U\u011fur Sa\u011fd\u0131\u00e7 i\u00e7in Tokat&#8217;\u0131n Turhal il\u00e7esinde t\u00f6ren d\u00fczenlendi. T\u00f6rene \u015fehidin ailesi ve yak\u0131nlar\u0131n\u0131n yan\u0131 s\u0131ra, Tokat Valisi Mustafa Ta\u015fkesen, MHP Genel Ba\u015fkan Yard\u0131mc\u0131s\u0131 Re\u015fat Do\u011fru, AKP Tokat milletvekilleri Zeyid Aslan, \u015e\u00fckr\u00fc Ayalan, CHP Tokat Milletvekili Orhan D\u00fczg\u00fcn, Garnizon Komutan\u0131 Tu\u011fgeneral Ali \u00d6zkara, il\u00e7e kaymakamlar\u0131, belediye ba\u015fkanlar\u0131, daire m\u00fcd\u00fcrleri ve \u00e7ok say\u0131da yurtta\u015f kat\u0131ld\u0131.<\/p>\n<p style=\"text-align: justify;\"><strong>Gaziantep \u015fehidini u\u011furlad\u0131\u00a0<\/strong><\/p>\n<p style=\"text-align: justify;\">\u015e\u0131rnak&#8217;\u0131n Beyt\u00fc\u015f\u015febap il\u00e7esindeki ter\u00f6r sald\u0131r\u0131s\u0131nda \u015fehit olan Uzman \u00c7avu\u015f Ahmet Bozkurt, memleketi Gaziantep&#8217;te son yolculu\u011funa u\u011furland\u0131.<\/p>\n<p style=\"text-align: justify;\">Cenaze t\u00f6renine kat\u0131lan \u00c7evre ve \u015eehircilik Bakan Yard\u0131mc\u0131s\u0131 Muhammet Balta, Gaziantep Valisi Erdal Ata ve 5. Z\u0131rhl\u0131 Tugay Komutan\u0131 Tu\u011fgeneral Kahraman G\u00fcne\u015f, \u015fehidin ailesine ba\u015f sa\u011fl\u0131\u011f\u0131 diledi. Cami avlusunu dolduran yurtta\u015flar da s\u0131k s\u0131k ter\u00f6r \u00f6rg\u00fct\u00fc aleyhine sloganlar att\u0131.<\/p>\n<p style=\"text-align: justify;\">Cenaze t\u00f6renine yak\u0131nlar\u0131n\u0131n yan\u0131 s\u0131ra, AKP Gaziantep milletvekilleri Nejat Ko\u00e7er, Mehmet Sar\u0131, Mehmet Erdo\u011fan, Halil Maz\u0131c\u0131o\u011flu ve Ali \u015eahin, CHP Gaziantep milletvekilleri Mehmet \u015eeker ve Ali Serinda\u011f, MHP Milletvekili Edip Semih Yal\u00e7\u0131n, \u0130l Jandarma Komutan\u0131 Albay Adnan Arslan, Emniyet M\u00fcd\u00fcr\u00fc S\u00fcleyman O\u011fuz, AKP \u0130l Ba\u015fkan\u0131 Ahmet Uzer, CHP \u0130l Ba\u015fkan\u0131 Mehmet G\u00f6kda\u011f, MHP \u0130l Ba\u015fkan\u0131 Mehmet Y\u0131ld\u0131r\u0131m ile \u00e7ok say\u0131da yurtta\u015f kat\u0131ld\u0131.<\/p>\n<p style=\"text-align: justify;\"><strong>\u015eehit Piyade \u00c7avu\u015f Ramazan Emre Ala i\u00e7in Karap\u0131nar&#8217;da t\u00f6ren\u00a0<\/strong><\/p>\n<p style=\"text-align: justify;\">\u015eehit Piyade \u00c7avu\u015f Ramazan Emre Ala&#8217;n\u0131n cenazesi, memleketi Konya&#8217;n\u0131n Karap\u0131nar il\u00e7esinde topra\u011fa verildi. Ala&#8217;n\u0131n T\u00fcrk bayra\u011f\u0131na sar\u0131l\u0131 tabutu ilk olarak, \u0130pek\u00e7i Mahallesi, \u00d6zg\u00fcrl\u00fck Caddesi&#8217;ndeki baba evine getirildi. \u015eehidin babas\u0131n\u0131n iste\u011fi \u00fczerine son kez evinin avlusuna getirilen Ala&#8217;n\u0131n cenazesi, daha sonra y\u00fczlerce arac\u0131n kat\u0131ld\u0131\u011f\u0131 konvoyla, t\u00f6renin d\u00fczenlenece\u011fi il\u00e7eye 15 kilometre uzakl\u0131ktaki Kesmez k\u00f6y\u00fcne getirildi.<\/p>\n<p style=\"text-align: justify;\">T\u00f6rene, \u015fehidin yak\u0131nlar\u0131, Konya Valisi Ayd\u0131n Nezih Do\u011fan, \u00c7al\u0131\u015fma ve Sosyal G\u00fcvenlik Bakan Yard\u0131mc\u0131s\u0131 Halil Etyemez, Garnizon Komutan\u0131 T\u00fcmgeneral Y\u0131lmaz \u00d6zkaya, AKP Konya milletvekilleri \u0130lhan Yerlikaya, Mustafa Kabak\u00e7\u0131 ve Mustafa Ak\u0131\u015f, MHP Konya Milletvekili Mustafa Kalayc\u0131, CHP Konya Milletvekili Atilla Kart, \u00e7ok say\u0131da askeri personel ve yurtta\u015flar kat\u0131ld\u0131.<\/p>\n<p style=\"text-align: justify;\"><strong>Antalya&#8217;da t\u00f6ren d\u00fczenlendi\u00a0<\/strong><\/p>\n<p style=\"text-align: justify;\">\u015eehit Piyade Uzman \u00c7avu\u015f Erdo\u011fan S\u00f6nmez, Antalya&#8217;da topra\u011fa verildi.<\/p>\n<p style=\"text-align: justify;\">\u015eehit S\u00f6nmez&#8217;in cenazesi Antalya Hava Meydan Komutanl\u0131\u011f\u0131&#8217;ndan ailesi ve askeri yetkililer taraf\u0131ndan al\u0131narak konvoy halinde Kepez il\u00e7esi Ye\u015filtepe Mahallesi Tevfik Fikret Caddesi&#8217;ndeki evine getirildi. \u015eehit S\u00f6nmez&#8217;in annesi G\u00fcnay ve k\u0131z karde\u015fi P\u0131nar S\u00f6nmez tabuta sar\u0131larak g\u00f6zya\u015f\u0131 d\u00f6kt\u00fc. O\u011flunun cenazesinin yan\u0131ndan ayr\u0131lmak istemeyen anne, kendisine getirilen sandalyeye oturarak tabutun ba\u015f\u0131nda bekledi.<\/p>\n<p style=\"text-align: justify;\">\u0130zmir&#8217;de 10 g\u00fcnl\u00fck asker oldu\u011fu \u00f6\u011frenilen \u015fehidin amcas\u0131n\u0131n o\u011flu Malik S\u00f6nmez ise \u015fehidin cenazesine sar\u0131ld\u0131\u011f\u0131 s\u0131rada fenal\u0131k ge\u00e7irdi. Cenaze t\u00f6renine Antalya Valisi Ahmet Alt\u0131parmak, Antalya Garnizon Komutan\u0131 Tu\u011fgeneral Kemal Korkmaz, Antalya B\u00fcy\u00fck\u015fehir Belediye Ba\u015fkan\u0131 Mustafa Akayd\u0131n, Ekonomi Bakan Yard\u0131mc\u0131s\u0131 Mustafa Sever, AKP Antalya Milletvekili Menderes T\u00fcrel, CHP Antalya milletvekilleri Deniz Baykal, Osman Kaptan, Y\u0131ld\u0131ray Sapan, Arif Bulut, G\u00fcrkut Acar ve yakla\u015f\u0131k 10 bin ki\u015fi kat\u0131ld\u0131.<\/p>\n<p style=\"text-align: justify;\">Cenaze namaz\u0131n\u0131n k\u0131l\u0131nmas\u0131n\u0131n ard\u0131ndan, \u015fehidin cenazesi Uncal\u0131 \u015eehit Mezarl\u0131\u011f\u0131&#8217;na getirildi ve sayg\u0131 at\u0131\u015f\u0131n\u0131n ard\u0131ndan topra\u011fa verildi.<\/p>\n<p style=\"text-align: justify;\"><strong>\u0130zmir&#8217;de h\u00fcz\u00fcnl\u00fc veda\u00a0<\/strong><\/p>\n<p style=\"text-align: justify;\">\u015eehit Piyade Onba\u015f\u0131 S\u00fcleyman G\u00fcle\u00e7&#8217;in cenazesi, memleketi \u0130znik&#8217;te topra\u011fa verildi. Cenaze t\u00f6renine \u015fehidin ailesi ve yak\u0131nlar\u0131n\u0131n yan\u0131 s\u0131ra Milli E\u011fitim Bakan Yard\u0131mc\u0131s\u0131 Orhan Erdem, AKP Bursa milletvekilleri Mustafa \u00d6zt\u00fcrk, Hakan \u00c7avu\u015fo\u011flu, \u0130smet Su, CHP Bursa milletvekilleri Sena Kaleli, \u0130lhan Demir\u00f6z, MHP Genel Sekreteri \u0130smet B\u00fcy\u00fckataman ve MHP Bursa Milletvekili Necati \u00d6zensoy da kat\u0131ld\u0131.<\/p>\n<p style=\"text-align: justify;\"><strong>Piyade Aste\u011fmen Burak Erdi Uysal Mu\u011fla&#8217;da topra\u011fa verildi\u00a0<\/strong><\/p>\n<p style=\"text-align: justify;\">\u015eehit d\u00fc\u015fen Piyade Aste\u011fmen Burak Erdi Uysal&#8217;\u0131n cenazesi memleketi K\u00f6yce\u011fiz&#8217;de topra\u011fa verildi. T\u00f6ren s\u0131ras\u0131nda \u015fehidin annesi Nazimiye Uysal&#8217;\u0131n, g\u00fc\u00e7l\u00fckle ayakta durabildi\u011fi g\u00f6r\u00fcld\u00fc. Piyade Aste\u011fmen Uysal&#8217;\u0131n cenazesi Mu\u011fla M\u00fcft\u00fcs\u00fc Hasan Ba\u015fi\u015f&#8217;in k\u0131ld\u0131rd\u0131\u011f\u0131 cenaze namaz\u0131n\u0131n ard\u0131ndan, omuzlara al\u0131narak K\u00f6yce\u011fiz&#8217;deki \u015fehit mezarl\u0131\u011f\u0131na defnedildi. Cenaze t\u00f6reni nedeniyle Mu\u011fla-K\u00f6yce\u011fiz karayolu trafi\u011fe kapat\u0131ld\u0131.<\/p>\n<p style=\"text-align: justify;\"><strong>\u015eehit er Osman Y\u0131ld\u0131z Edirnekap\u0131 \u015eehitli\u011fi&#8217;nde topra\u011fa verildi\u00a0<\/strong><\/p>\n<p style=\"text-align: justify;\">\u015eehit Er Osman Y\u0131ld\u0131z&#8217;\u0131n Bah\u00e7elievler So\u011fanl\u0131&#8217;daki baba evinin bulundu\u011fu sokakta, yurtta\u015flar sabah\u0131n erken saatlerinde toplanmaya ba\u015flad\u0131. Soka\u011fa b\u00fcy\u00fck bir T\u00fcrk bayra\u011f\u0131 ile fonunda bayra\u011f\u0131n yer ald\u0131\u011f\u0131 Y\u0131ld\u0131z&#8217;\u0131n resminin bulundu\u011fu b\u00fcy\u00fck afi\u015f as\u0131l\u0131rken, kom\u015fu evler de T\u00fcrk bayraklar\u0131yla donat\u0131ld\u0131.<\/p>\n<p style=\"text-align: justify;\">Y\u0131ld\u0131z&#8217;\u0131n b\u00fcy\u00fck foto\u011fraf\u0131n\u0131n bulundu\u011fu afi\u015fi ta\u015f\u0131yan bir grup &#8221;\u015eehitler \u00f6lmez, vatan b\u00f6l\u00fcnmez&#8221;, &#8221;Her T\u00fcrk asker do\u011far&#8221; gibi sloganlar e\u015fli\u011finde \u00e7evre sokaklarda y\u00fcr\u00fcd\u00fc. \u0130stiklal Mar\u015f\u0131&#8217;n\u0131 okuyan grup, sokakta bulunanlar\u0131n alk\u0131\u015flar\u0131yla kar\u015f\u0131land\u0131. Daha sonra \u015eehit Er Osman Y\u0131ld\u0131z&#8217;\u0131n ailesi otob\u00fcsler ve \u00f6zel ara\u00e7larla olu\u015fturulan konvoy e\u015fli\u011finde Ye\u015filk\u00f6y&#8217;deki Askeri Havaalan\u0131&#8217;na giderek, Osman Y\u0131ld\u0131z&#8217;\u0131n cenazesini kar\u015f\u0131lad\u0131. Y\u0131ld\u0131z&#8217;\u0131n, T\u00fcrk bayra\u011f\u0131na sar\u0131l\u0131 tabutu askeri cenaze arac\u0131na yerle\u015ftirildikten sonra konvoyla baba evine getirildi.<\/p>\n<p style=\"text-align: justify;\">Burada \u015eehit Er Y\u0131ld\u0131z i\u00e7in helallik istendi. Baba Zafer, anne Zeynep ve k\u0131zkarde\u015fi Aylin Y\u0131ld\u0131z&#8217;\u0131n tabuta sar\u0131larak g\u00f6zya\u015flar\u0131n\u0131 tutamad\u0131\u011f\u0131 g\u00f6zlendi. \u015eehit er Osman Y\u0131ld\u0131z&#8217;\u0131n cenazesi daha sonra t\u00f6ren i\u00e7in Atak\u00f6y 5. K\u0131s\u0131m Camisi&#8217;ne g\u00f6t\u00fcr\u00fcld\u00fc. \u015eehit er Y\u0131ld\u0131z, burada ikindi vakti k\u0131l\u0131nan cenaze namaz\u0131 sonras\u0131nda Edirnekap\u0131 \u015eehitli\u011fi&#8217;nde topra\u011fa verildi.<\/p>\n<p style=\"text-align: justify;\"><strong>Edirne de \u015fehidini u\u011furlad\u0131\u00a0<\/strong><\/p>\n<p style=\"text-align: justify;\">\u015e\u0131rnak&#8217;\u0131n Beyt\u00fc\u015f\u015febap il\u00e7esindeki ter\u00f6r sald\u0131r\u0131s\u0131nda \u015fehit olan er Emrah Karataban&#8217;n\u0131n cenazesi, Edirne&#8217;nin \u0130psala il\u00e7esinde d\u00fczenlenen t\u00f6renin ard\u0131ndan topra\u011fa verildi. \u015eehit Karataban&#8217;\u0131n cenazesi, \u00c7orlu Havaalan\u0131&#8217;ndan al\u0131narak, Kumdere k\u00f6y\u00fcndeki baba oca\u011f\u0131na getirildi. \u015eehit cenazesinin evinin \u00f6n\u00fcne geli\u015fi s\u0131ras\u0131nda babas\u0131 S\u00fcleyman ve annesi Nuray Karataban&#8217;n\u0131n g\u00f6zya\u015flar\u0131na hakim olamad\u0131\u011f\u0131 g\u00f6r\u00fcld\u00fc. \u0130psala M\u00fcft\u00fcs\u00fc Naz\u0131m Ke\u00e7eci, burada yapt\u0131\u011f\u0131 konu\u015fmada, Allah&#8217;\u0131n sabredenlerin yan\u0131nda oldu\u011funu belirterek &#8221;T\u00fcrkiye&#8217;nin d\u00fc\u015fman\u0131 d\u00fcn de \u00e7oktu, bug\u00fcn de \u00e7ok. D\u00fcn nas\u0131l onlar\u0131 yendiysek bug\u00fcn de onlar\u0131n canlar\u0131n\u0131 okuyaca\u011f\u0131z. Allah sabredenlerin yan\u0131ndad\u0131r&#8221; dedi.<\/p>\n<p style=\"text-align: justify;\">Daha sonra M\u00fcft\u00fc Ke\u00e7eci, Cumhurba\u015fkan\u0131 Abdullah G\u00fcl&#8217;\u00fcn ba\u015fsa\u011fl\u0131\u011f\u0131 mesaj\u0131n\u0131 okudu. Helallik al\u0131nmas\u0131n\u0131n ard\u0131ndan cenaze tekbir ve alk\u0131\u015flar e\u015fli\u011finde Kumdere Camisi&#8217;ne getirildi. \u015eehidin cenazesi, \u0130l M\u00fcft\u00fc Vekili Mehmet Karahan taraf\u0131ndan k\u0131ld\u0131r\u0131lan cenaze namaz\u0131n\u0131n ard\u0131ndan k\u00f6y mezarl\u0131\u011f\u0131nda topra\u011fa verildi. T\u00f6rene kat\u0131lan \u00e7ok say\u0131da yurtta\u015f, sloganlarla ter\u00f6r \u00f6rg\u00fct\u00fcn\u00fc lanetledi.<\/p>\n<p style=\"text-align: justify;\"><a href=\"http:\/\/www.cumhuriyet.com.tr\/?hn=363378\" target=\"_blank\">Kaynak : Cumhuriyet Haber Portal\u0131<\/a><\/p>\n","protected":false},"excerpt":{"rendered":"<p style=\"text-align: justify;\">\n<p style=\"text-align: justify;\">\u015e\u0131rnak&#8217;\u0131n Beyt\u00fc\u015f\u015febap il\u00e7esindeki sald\u0131r\u0131da \u015fehit olan 10 asker memleketlerinde d\u00fczenlenen t\u00f6renler ile son yolculuklar\u0131na u\u011furland\u0131. Binlerce yurtta\u015f\u0131n kat\u0131ld\u0131\u011f\u0131 t\u00f6renlerde, ter\u00f6r lanetlendi.<\/p>\n<p style=\"text-align: justify;\">\u0130stanbul- \u015e\u0131rnak&#8217;\u0131n Beyt\u00fc\u015f\u015febap il\u00e7esinde ter\u00f6r \u00f6rg\u00fct\u00fc PKK mensuplar\u0131nca d\u00fczenlenen sald\u0131r\u0131da \u015fehit olan 10 askerin cenazeleri, Diyarbak\u0131r&#8217;dan memleketlerine g\u00f6nderildi.<\/p>\n<p style=\"text-align: justify;\">\u015e\u0131rnak&#8217;tan d\u00fcn helikopterlerle Diyarbak\u0131r&#8217;a getirilen \u015fehitler Piyade <\/p>\n","protected":false},"author":1,"featured_media":0,"comment_status":"open","ping_status":"open","sticky":false,"template":"","format":"standard","meta":{"footnotes":""},"categories":[105],"tags":[],"class_list":["post-55016","post","type-post","status-publish","format-standard","hentry","category-gundem","odd"],"_links":{"self":[{"href":"http:\/\/www.korhanyilmaz.com\/index.php?rest_route=\/wp\/v2\/posts\/55016","targetHints":{"allow":["GET"]}}],"collection":[{"href":"http:\/\/www.korhanyilmaz.com\/index.php?rest_route=\/wp\/v2\/posts"}],"about":[{"href":"http:\/\/www.korhanyilmaz.com\/index.php?rest_route=\/wp\/v2\/types\/post"}],"author":[{"embeddable":true,"href":"http:\/\/www.korhanyilmaz.com\/index.php?rest_route=\/wp\/v2\/users\/1"}],"replies":[{"embeddable":true,"href":"http:\/\/www.korhanyilmaz.com\/index.php?rest_route=%2Fwp%2Fv2%2Fcomments&post=55016"}],"version-history":[{"count":0,"href":"http:\/\/www.korhanyilmaz.com\/index.php?rest_route=\/wp\/v2\/posts\/55016\/revisions"}],"wp:attachment":[{"href":"http:\/\/www.korhanyilmaz.com\/index.php?rest_route=%2Fwp%2Fv2%2Fmedia&parent=55016"}],"wp:term":[{"taxonomy":"category","embeddable":true,"href":"http:\/\/www.korhanyilmaz.com\/index.php?rest_route=%2Fwp%2Fv2%2Fcategories&post=55016"},{"taxonomy":"post_tag","embeddable":true,"href":"http:\/\/www.korhanyilmaz.com\/index.php?rest_route=%2Fwp%2Fv2%2Ftags&post=55016"}],"curies":[{"name":"wp","href":"https:\/\/api.w.org\/{rel}","templated":true}]}}